{"id":2438,"date":"2010-07-09T22:59:39","date_gmt":"2010-07-09T22:59:39","guid":{"rendered":"http:\/\/www.mariaabrahamsson.nu\/?p=2438"},"modified":"2010-07-17T12:52:54","modified_gmt":"2010-07-17T12:52:54","slug":"parlhalsbandflickor-kan-ocksa-rosta-pa-m","status":"publish","type":"post","link":"https:\/\/www.mariaabrahamsson.nu\/index.php\/2010\/07\/09\/parlhalsbandflickor-kan-ocksa-rosta-pa-m\/","title":{"rendered":"P\u00e4rlhalsbandflickor kan ocks\u00e5 r\u00f6sta p\u00e5\u2026m"},"content":{"rendered":"<p><strong>Almedalsveckan lider <\/strong>mot sitt slut. Det f\u00f6rstod man i kv\u00e4ll av det gener\u00f6sa utrymmet p\u00e5 vattenh\u00e5let <a href=\"http:\/\/www.dagensmedia.se\/incoming\/article60354.ece\/BINARY\/w468\/donners-brunn.jpg\">Donners Brunn<\/a>. Som sagt, i kv\u00e4ll var det luftigt.<\/p>\n<p>I morgon vid tv\u00e5tiden tar f\u00e4rjan mig till Nyn\u00e4shamn. V\u00e4l hemma v\u00e4ntar det d\u00e5liga samvetet att sammanfatta veckans h\u00f6jdpunkter och l\u00e5gvattenm\u00e4rken. Det finns onekligen en del dokumentation som \u00e4r v\u00e4rd att sprida vidare&#8230;<\/p>\n<p><strong>Men denna sena<\/strong> timme n\u00f6jer jag mig med att \u00e5teruts\u00e4nda en intervju tidigare i dag med <a href=\"http:\/\/www.makthavare.se\/\">makthavare.se<\/a> i \u00e4mnet &#8221;\u00c4ven p\u00e4rlhalsbandsflickor kan r\u00f6sta p\u00e5 M&#8221;.<\/p>\n<p>Den som \u00e4r vaken redan klockan 08.45 kan se mig och Gudrun Schyman drabba samman i TV4. D\u00e5 ska vi \u00e5ter igen avhandla Schymans <a href=\"http:\/\/www.helagotland.se\/nyheter\/artikel.aspx?articleid=6122284\">penningbr\u00e4nning<\/a> i feminismens man, f\u00f6rl\u00e5t namn.<\/p>\n","protected":false},"excerpt":{"rendered":"<p>Almedalsveckan lider mot sitt slut. Det f\u00f6rstod man i kv\u00e4ll av det gener\u00f6sa utrymmet p\u00e5 vattenh\u00e5let Donners Brunn. Som sagt, i kv\u00e4ll var det luftigt. I morgon vid tv\u00e5tiden tar f\u00e4rjan mig till Nyn\u00e4shamn. V\u00e4l hemma v\u00e4ntar det d\u00e5liga samvetet att sammanfatta veckans h\u00f6jdpunkter och l\u00e5gvattenm\u00e4rken. Det finns onekligen en del dokumentation som \u00e4r v\u00e4rd&hellip;<\/p>\n<p class=\"more-link-p\"><a class=\"more-link\" href=\"https:\/\/www.mariaabrahamsson.nu\/index.php\/2010\/07\/09\/parlhalsbandflickor-kan-ocksa-rosta-pa-m\/\">Read more &rarr;<\/a><\/p>\n","protected":false},"author":2,"featured_media":0,"comment_status":"open","ping_status":"open","sticky":false,"template":"","format":"standard","meta":{"footnotes":""},"categories":[1],"tags":[],"class_list":["post-2438","post","type-post","status-publish","format-standard","hentry","category-uncategorized"],"_links":{"self":[{"href":"https:\/\/www.mariaabrahamsson.nu\/index.php\/wp-json\/wp\/v2\/posts\/2438","targetHints":{"allow":["GET"]}}],"collection":[{"href":"https:\/\/www.mariaabrahamsson.nu\/index.php\/wp-json\/wp\/v2\/posts"}],"about":[{"href":"https:\/\/www.mariaabrahamsson.nu\/index.php\/wp-json\/wp\/v2\/types\/post"}],"author":[{"embeddable":true,"href":"https:\/\/www.mariaabrahamsson.nu\/index.php\/wp-json\/wp\/v2\/users\/2"}],"replies":[{"embeddable":true,"href":"https:\/\/www.mariaabrahamsson.nu\/index.php\/wp-json\/wp\/v2\/comments?post=2438"}],"version-history":[{"count":0,"href":"https:\/\/www.mariaabrahamsson.nu\/index.php\/wp-json\/wp\/v2\/posts\/2438\/revisions"}],"wp:attachment":[{"href":"https:\/\/www.mariaabrahamsson.nu\/index.php\/wp-json\/wp\/v2\/media?parent=2438"}],"wp:term":[{"taxonomy":"category","embeddable":true,"href":"https:\/\/www.mariaabrahamsson.nu\/index.php\/wp-json\/wp\/v2\/categories?post=2438"},{"taxonomy":"post_tag","embeddable":true,"href":"https:\/\/www.mariaabrahamsson.nu\/index.php\/wp-json\/wp\/v2\/tags?post=2438"}],"curies":[{"name":"wp","href":"https:\/\/api.w.org\/{rel}","templated":true}]}}