{"id":2421,"date":"2010-07-06T13:07:44","date_gmt":"2010-07-06T13:07:44","guid":{"rendered":"http:\/\/www.mariaabrahamsson.nu\/?p=2421"},"modified":"2010-07-06T22:04:46","modified_gmt":"2010-07-06T22:04:46","slug":"forst-lo-och-arbetsratten-snart-hotet-mot-valfarden","status":"publish","type":"post","link":"https:\/\/www.mariaabrahamsson.nu\/index.php\/2010\/07\/06\/forst-lo-och-arbetsratten-snart-hotet-mot-valfarden\/","title":{"rendered":"F\u00f6rst LO och arbetsr\u00e4tten, snart hotet mot v\u00e4lf\u00e4rden"},"content":{"rendered":"<p><strong>F\u00f6rmiddagens LO-seminarium<\/strong> gick inte s\u00e5 tokigt. Fick till och med appl\u00e5der n\u00e4r jag fr\u00e5gade Dan Holke hur l\u00e4nge han hade jobbat p\u00e5 LO\/TCO R\u00e4ttsskydd. Detta aprop\u00e5 hans inl\u00e4gg om vilka fantastiskt flexibla m\u00f6jligheter det finns att byta jobb utan \u00e4ndring av Las. Ja, det \u00e4r v\u00e4l d\u00e4rf\u00f6r Holke har jobbat p\u00e5 LO sedan 1987!?<\/p>\n<p>Men det var modigt av LO att bjuda in mig f\u00f6r att ber\u00e4tta om den borgerliga arbetsr\u00e4tten vid en fortsatt borgerlig regering. Jag tycker sj\u00e4lv att jag fick in en hyfsat bra po\u00e4ng n\u00e4r jag liknade LO vid den rasande matadoren.<\/p>\n<p><strong>Precis som i Tjuren<\/strong> Ferdinand v\u00e4grar den moderate arbetsmarknadsministern att g\u00e5 i n\u00e4rkamp med LO. Med f\u00f6ljden att LO n\u00e4rmar sig vansinnets gr\u00e4ns. I st\u00e4llet f\u00f6r att kritisera Moderaterna s\u00f6nder och samman f\u00f6r att partiet st\u00e5r f\u00f6r en om\u00e4nsklig arbetsr\u00e4tt (Fredrik Reinfeldt har ju best\u00e4mt sagt ifr\u00e5n att regeringen inte ska r\u00f6ra Las). D\u00e5 f\u00e5r LO i st\u00e4llet h\u00e5lla till godo med Centern, KD och FP, och det var v\u00e4l inte riktigt vad man hade t\u00e4nkt sig&#8230;<\/p>\n<p>De mindre allianspartiernas krav p\u00e5 uppmjukad arbetsr\u00e4tt i all \u00e4ra, men utan Moderaterna kommer deras f\u00f6rslag knappast att bli verklighet. Det vet \u00e4ven LO, d\u00e4rav frustrationen.<\/p>\n<p><strong>Men nu \u00e4r det <\/strong><a href=\"http:\/\/martinalind.com\/?p=208\">Bloggplats H12 <\/a>som g\u00e4ller ett par timmar. Jag har dragit mig tillbaka hit f\u00f6r att t\u00e4nka igenom uppl\u00e4gget och fila p\u00e5 formuleringarna till eftermiddagens seminarium om framtidens v\u00e4lf\u00e4rd.<\/p>\n<p>P\u00e5 uppdrag av <a href=\"http:\/\/www.lif.se\/cs\/default.asp?id=52139\">L\u00e4kemedelsf\u00f6retagen<\/a> har f\u00f6rfattat en skrift om antibiotikaresistensens utbredning och d\u00e4rmed hot mot v\u00e4lf\u00e4rden. Boken presenteras klockan 16.00 p\u00e5 Wisby Strand Congress &amp; Event, sal Viklau.<\/p>\n<p>Kom g\u00e4rna f\u00f6rbi om du \u00a0har en timme \u00f6ver.\u00a0En Almedalsanpassad kortversion finns annars att l\u00e4sa <a href=\"http:\/\/www.politikerbloggen.se\/2010\/07\/06\/33773\/\">h\u00e4r<\/a>.<\/p>\n<div id=\"attachment_2422\" style=\"width: 310px\" class=\"wp-caption alignright\"><a href=\"http:\/\/www.mariaabrahamsson.nu\/wp-content\/uploads\/2010\/07\/bloggcenterDSC00845.jpg\"><img loading=\"lazy\" decoding=\"async\" aria-describedby=\"caption-attachment-2422\" class=\"size-medium wp-image-2422\" title=\"bloggcenterDSC00845\" src=\"http:\/\/www.mariaabrahamsson.nu\/wp-content\/uploads\/2010\/07\/bloggcenterDSC00845-300x225.jpg\" alt=\"\" width=\"300\" height=\"225\" srcset=\"https:\/\/www.mariaabrahamsson.nu\/wp-content\/uploads\/2010\/07\/bloggcenterDSC00845-300x225.jpg 300w, https:\/\/www.mariaabrahamsson.nu\/wp-content\/uploads\/2010\/07\/bloggcenterDSC00845.jpg 640w\" sizes=\"auto, (max-width: 300px) 100vw, 300px\" \/><\/a><p id=\"caption-attachment-2422\" class=\"wp-caption-text\">Har dragit mig tillbaka till Bloggplats H12. Nej, jag sover inte.<\/p><\/div>\n","protected":false},"excerpt":{"rendered":"<p>F\u00f6rmiddagens LO-seminarium gick inte s\u00e5 tokigt. Fick till och med appl\u00e5der n\u00e4r jag fr\u00e5gade Dan Holke hur l\u00e4nge han hade jobbat p\u00e5 LO\/TCO R\u00e4ttsskydd. Detta aprop\u00e5 hans inl\u00e4gg om vilka fantastiskt flexibla m\u00f6jligheter det finns att byta jobb utan \u00e4ndring av Las. Ja, det \u00e4r v\u00e4l d\u00e4rf\u00f6r Holke har jobbat p\u00e5 LO sedan 1987!? Men&hellip;<\/p>\n<p class=\"more-link-p\"><a class=\"more-link\" href=\"https:\/\/www.mariaabrahamsson.nu\/index.php\/2010\/07\/06\/forst-lo-och-arbetsratten-snart-hotet-mot-valfarden\/\">Read more &rarr;<\/a><\/p>\n","protected":false},"author":2,"featured_media":0,"comment_status":"open","ping_status":"open","sticky":false,"template":"","format":"standard","meta":{"footnotes":""},"categories":[1],"tags":[],"class_list":["post-2421","post","type-post","status-publish","format-standard","hentry","category-uncategorized"],"_links":{"self":[{"href":"https:\/\/www.mariaabrahamsson.nu\/index.php\/wp-json\/wp\/v2\/posts\/2421","targetHints":{"allow":["GET"]}}],"collection":[{"href":"https:\/\/www.mariaabrahamsson.nu\/index.php\/wp-json\/wp\/v2\/posts"}],"about":[{"href":"https:\/\/www.mariaabrahamsson.nu\/index.php\/wp-json\/wp\/v2\/types\/post"}],"author":[{"embeddable":true,"href":"https:\/\/www.mariaabrahamsson.nu\/index.php\/wp-json\/wp\/v2\/users\/2"}],"replies":[{"embeddable":true,"href":"https:\/\/www.mariaabrahamsson.nu\/index.php\/wp-json\/wp\/v2\/comments?post=2421"}],"version-history":[{"count":0,"href":"https:\/\/www.mariaabrahamsson.nu\/index.php\/wp-json\/wp\/v2\/posts\/2421\/revisions"}],"wp:attachment":[{"href":"https:\/\/www.mariaabrahamsson.nu\/index.php\/wp-json\/wp\/v2\/media?parent=2421"}],"wp:term":[{"taxonomy":"category","embeddable":true,"href":"https:\/\/www.mariaabrahamsson.nu\/index.php\/wp-json\/wp\/v2\/categories?post=2421"},{"taxonomy":"post_tag","embeddable":true,"href":"https:\/\/www.mariaabrahamsson.nu\/index.php\/wp-json\/wp\/v2\/tags?post=2421"}],"curies":[{"name":"wp","href":"https:\/\/api.w.org\/{rel}","templated":true}]}}