{"id":2404,"date":"2010-07-04T22:37:19","date_gmt":"2010-07-04T22:37:19","guid":{"rendered":"http:\/\/www.mariaabrahamsson.nu\/?p=2404"},"modified":"2010-07-17T12:54:57","modified_gmt":"2010-07-17T12:54:57","slug":"reinfeldt-var-kung-i-almedalen-ocksa","status":"publish","type":"post","link":"https:\/\/www.mariaabrahamsson.nu\/index.php\/2010\/07\/04\/reinfeldt-var-kung-i-almedalen-ocksa\/","title":{"rendered":"Reinfeldt var kung i Almedalen ocks\u00e5"},"content":{"rendered":"<p><strong>Efter drygt ett dygn<\/strong> i Visby konstaterar jag att detta \u00e4r verkligen sommarens, ja \u00e5rets politiska happening. Maken och jag har installerat oss i det moderata kollektivboendet vid S\u00f6derport. H\u00e4r \u00e4r det alla tiders med rymligt hus och mingelv\u00e4nlig tr\u00e4dg\u00e5rd. L\u00e5t vara att v\u00e5rt mingel \u00e4r av det mer l\u00e5gintensiva slaget. Man b\u00f6rjar v\u00e4l bli&#8230;\u00e4ldre.<\/p>\n<div id=\"attachment_2405\" style=\"width: 310px\" class=\"wp-caption alignleft\"><a href=\"http:\/\/www.mariaabrahamsson.nu\/wp-content\/uploads\/2010\/07\/tr\u00e4dg\u00e5rdDSC008241.jpg\"><img loading=\"lazy\" decoding=\"async\" aria-describedby=\"caption-attachment-2405\" class=\"size-medium wp-image-2405\" title=\"tr\u00e4dg\u00e5rdDSC00824\" src=\"http:\/\/www.mariaabrahamsson.nu\/wp-content\/uploads\/2010\/07\/tr\u00e4dg\u00e5rdDSC008241-300x225.jpg\" alt=\"\" width=\"300\" height=\"225\" srcset=\"https:\/\/www.mariaabrahamsson.nu\/wp-content\/uploads\/2010\/07\/tr\u00e4dg\u00e5rdDSC008241-300x225.jpg 300w, https:\/\/www.mariaabrahamsson.nu\/wp-content\/uploads\/2010\/07\/tr\u00e4dg\u00e5rdDSC008241.jpg 640w\" sizes=\"auto, (max-width: 300px) 100vw, 300px\" \/><\/a><p id=\"caption-attachment-2405\" class=\"wp-caption-text\">Vid min h\u00f6gra sida Jan-Evert R\u00e5dhstr\u00f6m, M:s vice ordf\u00f6rande i Trafikutskottet. D\u00e4refter fru R\u00e5dhstr\u00f6m med dottern Ingrid, plus R\u00e5dhstr\u00f6ms politiska sekreterare och riksdagsledamoten Bertil Kjellberg (M) med hustru.<\/p><\/div>\n<p>Men huvudpunkt i kv\u00e4ll var f\u00f6rst\u00e5s Moderatledarens, tillika statsministerns, tal i Almedalen.<\/p>\n<p><strong>Fredrik Reinfeldt <\/strong>gav om inte j\u00e4rnet s\u00e5 n\u00e4ra p\u00e5 under den halvtimme som han ovanligt frimodigt tecknade det moderata st\u00e4mningsl\u00e4get inf\u00f6r h\u00f6stens val.<\/p>\n<p><strong>Det blir tufft<\/strong>, var andemeningen.  F\u00f6r egen del uppskattade jag starkt Reinfeldts grepp att ur kavajinnefickan hiva fram en lista med de r\u00f6dgr\u00f6nas skatteh\u00f6jningar.<\/p>\n<p>Reinfeldts p\u00e5pekande att det \u00e4r vanligt f\u00f4lk (ber om urs\u00e4kt, men jag kamperar som sagt var ihop med en urv\u00e4rml\u00e4nning) som ska st\u00e5 f\u00f6r den r\u00f6dgr\u00f6na skatteh\u00f6jarnotan om de vinner valet, fungerade i b\u00e4sta fall som en \u00f6gon\u00f6ppnare f\u00f6r den flaggviftande publiken.<\/p>\n<p><strong>Men d\u00e4r framme st\u00e5r han <\/strong>allts\u00e5, mannen som majoriteten av svenska folket i opinionsm\u00e4tning efter opinionsm\u00e4tning s\u00e4ger att de vill ha omvald till statsminister. Det \u00e4r hoppingivande eftersom det betyder att rekryteringsbasen av nya v\u00e4ljare till partiet \u00e4r synnerligen bred.<\/p>\n<p>I sammanhanget kan jag n\u00e4mna att jag tidigare under dagen bes\u00f6kte partisekreterare Per Schlingmanns presstr\u00e4ff om Moderaternas uppdaterade valstrategi. Bilden &#8221;Framg\u00e5ngslandet Sverige&#8221; k\u00f6per jag rakt av, men jag ser g\u00e4rna att mitt parti \u00f6verl\u00e5ter \u00e5t m\u00e4nniskorna att sj\u00e4lva skriva ber\u00e4ttelserna i deras liv.<\/p>\n<p><strong>Sedan \u00e4r jag<\/strong> inte riktigt bekv\u00e4m med <a href=\"http:\/\/www.dn.se\/debatt\/moderaterna-overtar-rollen-som-samhallsbarande-parti-1.1132591\">konceptet<\/a> &#8221;ett parti f\u00f6r alla&#8221;. Eller s\u00e5 h\u00e4r: jag har problem med att f\u00e5 ihop den moderata strategin att vara ett parti f\u00f6r alla samtidig som Reinfeldt i sitt tal <a href=\"http:\/\/www.svd.se\/nyheter\/politik\/valet2010\/reinfeldt-de-lovar-allt-till-alla_4951111.svd\">kritiserade<\/a> de r\u00f6dgr\u00f6na f\u00f6r att &#8221;lova allt till alla&#8221;. Betyder det att Moderaterna \u00e4r ett parti som g\u00e5r till val p\u00e5 att inte lova n\u00e5got till n\u00e5gon?<\/p>\n<p><a href=\"http:\/\/www.mariaabrahamsson.nu\/wp-content\/uploads\/2010\/07\/AlmedalenDSC008331.jpg\"><img loading=\"lazy\" decoding=\"async\" class=\"alignright size-medium wp-image-2412\" title=\"AlmedalenDSC00833\" src=\"http:\/\/www.mariaabrahamsson.nu\/wp-content\/uploads\/2010\/07\/AlmedalenDSC008331-225x300.jpg\" alt=\"\" width=\"225\" height=\"300\" srcset=\"https:\/\/www.mariaabrahamsson.nu\/wp-content\/uploads\/2010\/07\/AlmedalenDSC008331-225x300.jpg 225w, https:\/\/www.mariaabrahamsson.nu\/wp-content\/uploads\/2010\/07\/AlmedalenDSC008331.jpg 360w\" sizes=\"auto, (max-width: 225px) 100vw, 225px\" \/><\/a><\/p>\n<p>Sedan kan jag inte r\u00e5 f\u00f6r att denna afton som nu b\u00f6rjar bli morgon blev jag nog \u00e4nd\u00e5 mest glad i hj\u00e4rtat \u00f6ver att st\u00f6ta p\u00e5 mina forne SVT-soffpanelkompis G\u00f6tan H\u00e4gg i Almedalsvimlet.<\/p>\n<p><strong>T\u00e4nk om tr\u00e4tobrossan <\/strong> Stig Malm ocks\u00e5 hade varit med! Vilken bild&#8230;suck!<\/p>\n<p>Missa f\u00f6r all del inte p\u00e4rlhalsbandet, det \u00e4r nytr\u00e4tt. Valr\u00f6relsen till \u00e4ra!<\/p>\n<p><a href=\"http:\/\/www.mariaabrahamsson.nu\/wp-content\/uploads\/2010\/07\/H\u00e4ggoch-jagDSC008282.jpg\"><img loading=\"lazy\" decoding=\"async\" class=\"alignright size-medium wp-image-2413\" title=\"H\u00e4ggoch jagDSC00828\" src=\"http:\/\/www.mariaabrahamsson.nu\/wp-content\/uploads\/2010\/07\/H\u00e4ggoch-jagDSC008282-300x225.jpg\" alt=\"\" width=\"300\" height=\"225\" srcset=\"https:\/\/www.mariaabrahamsson.nu\/wp-content\/uploads\/2010\/07\/H\u00e4ggoch-jagDSC008282-300x225.jpg 300w, https:\/\/www.mariaabrahamsson.nu\/wp-content\/uploads\/2010\/07\/H\u00e4ggoch-jagDSC008282.jpg 640w\" sizes=\"auto, (max-width: 300px) 100vw, 300px\" \/><\/a><\/p>\n","protected":false},"excerpt":{"rendered":"<p>Efter drygt ett dygn i Visby konstaterar jag att detta \u00e4r verkligen sommarens, ja \u00e5rets politiska happening. Maken och jag har installerat oss i det moderata kollektivboendet vid S\u00f6derport. H\u00e4r \u00e4r det alla tiders med rymligt hus och mingelv\u00e4nlig tr\u00e4dg\u00e5rd. L\u00e5t vara att v\u00e5rt mingel \u00e4r av det mer l\u00e5gintensiva slaget. Man b\u00f6rjar v\u00e4l bli&#8230;\u00e4ldre.&hellip;<\/p>\n<p class=\"more-link-p\"><a class=\"more-link\" href=\"https:\/\/www.mariaabrahamsson.nu\/index.php\/2010\/07\/04\/reinfeldt-var-kung-i-almedalen-ocksa\/\">Read more &rarr;<\/a><\/p>\n","protected":false},"author":2,"featured_media":0,"comment_status":"open","ping_status":"open","sticky":false,"template":"","format":"standard","meta":{"footnotes":""},"categories":[1],"tags":[],"class_list":["post-2404","post","type-post","status-publish","format-standard","hentry","category-uncategorized"],"_links":{"self":[{"href":"https:\/\/www.mariaabrahamsson.nu\/index.php\/wp-json\/wp\/v2\/posts\/2404","targetHints":{"allow":["GET"]}}],"collection":[{"href":"https:\/\/www.mariaabrahamsson.nu\/index.php\/wp-json\/wp\/v2\/posts"}],"about":[{"href":"https:\/\/www.mariaabrahamsson.nu\/index.php\/wp-json\/wp\/v2\/types\/post"}],"author":[{"embeddable":true,"href":"https:\/\/www.mariaabrahamsson.nu\/index.php\/wp-json\/wp\/v2\/users\/2"}],"replies":[{"embeddable":true,"href":"https:\/\/www.mariaabrahamsson.nu\/index.php\/wp-json\/wp\/v2\/comments?post=2404"}],"version-history":[{"count":0,"href":"https:\/\/www.mariaabrahamsson.nu\/index.php\/wp-json\/wp\/v2\/posts\/2404\/revisions"}],"wp:attachment":[{"href":"https:\/\/www.mariaabrahamsson.nu\/index.php\/wp-json\/wp\/v2\/media?parent=2404"}],"wp:term":[{"taxonomy":"category","embeddable":true,"href":"https:\/\/www.mariaabrahamsson.nu\/index.php\/wp-json\/wp\/v2\/categories?post=2404"},{"taxonomy":"post_tag","embeddable":true,"href":"https:\/\/www.mariaabrahamsson.nu\/index.php\/wp-json\/wp\/v2\/tags?post=2404"}],"curies":[{"name":"wp","href":"https:\/\/api.w.org\/{rel}","templated":true}]}}