{"id":2356,"date":"2010-06-28T21:23:14","date_gmt":"2010-06-28T21:23:14","guid":{"rendered":"http:\/\/www.mariaabrahamsson.nu\/?p=2356"},"modified":"2010-06-28T21:26:21","modified_gmt":"2010-06-28T21:26:21","slug":"soff-debatt-om-tv-sanda-rattegangar-07-15","status":"publish","type":"post","link":"https:\/\/www.mariaabrahamsson.nu\/index.php\/2010\/06\/28\/soff-debatt-om-tv-sanda-rattegangar-07-15\/","title":{"rendered":"Soff-debatt om tv-s\u00e4nda r\u00e4tteg\u00e5ngar 07.15"},"content":{"rendered":"<p><strong>SVT hittade ingen ers\u00e4ttare<\/strong> till morgon bittis annonserade soff-debatt om tv-s\u00e4nda r\u00e4tteg\u00e5ngar. Det \u00e4r ganska mystiskt med tanke p\u00e5 hur m\u00e5nga jurister som faktiskt h\u00f6ll med mig om nyttan av tv-s\u00e4nda r\u00e4tteg\u00e5ngar i den h\u00e4r <a href=\"http:\/\/www.timbro.se\/innehall\/?isbn=9175665337&amp;flik=4\">Timbro-rapporten. <\/a>Och den\u00a0publicerades f\u00f6r mindre \u00e4n tv\u00e5 \u00e5r sedan&#8230;<\/p>\n<p>Men s\u00e5 \u00e4r det kanske. Om man kommer ut som M-politiker krymper kretsen av folk som \u00d6PPET vill h\u00e5lla med en. Ryggradsl\u00f6sa <a href=\"http:\/\/www.djur.cob.lu.se\/Svar\/Bilder\/Amoeba.jpg\">djur? <\/a><\/p>\n<p>Jag beklagar mig inte, i st\u00e4llet f\u00e5r jag sj\u00e4lv ta <a href=\"http:\/\/www.expressen.se\/debatt\/1.2043034\/maria-abrahamsson-tv-sand-rattegangen-mot-goran-lindberg\">debatten <\/a>fr\u00e5n hotellrummet i Trollh\u00e4ttan (vilket namn p\u00e5 en stad, f\u00f6rresten). S\u00e5 sn\u00e4lla, masa er upp \u00e5tminstone med en kudde i ryggen! Klockan 07\u00a0.15 diskuterar jag och Hanna Lindblom, advokat, om tv-s\u00e4nda r\u00e4tteg\u00e5ngar \u00e4r\u00a0bra eller d\u00e5ligt f\u00f6r svenskt r\u00e4ttsv\u00e4sende.<\/p>\n<p><strong>En fingervisning<\/strong> om huvuddragen i min argumentation bj\u00f6d jag p\u00e5 <a href=\"http:\/\/sverigesradio.se\/sida\/default.aspx?programid=1637\">i radion <\/a>i eftermiddags, fr\u00e5n samma hotellrum. Lyssna och&#8230;h\u00e5ll med?!<\/p>\n","protected":false},"excerpt":{"rendered":"<p>SVT hittade ingen ers\u00e4ttare till morgon bittis annonserade soff-debatt om tv-s\u00e4nda r\u00e4tteg\u00e5ngar. Det \u00e4r ganska mystiskt med tanke p\u00e5 hur m\u00e5nga jurister som faktiskt h\u00f6ll med mig om nyttan av tv-s\u00e4nda r\u00e4tteg\u00e5ngar i den h\u00e4r Timbro-rapporten. Och den\u00a0publicerades f\u00f6r mindre \u00e4n tv\u00e5 \u00e5r sedan&#8230; Men s\u00e5 \u00e4r det kanske. Om man kommer ut som M-politiker&hellip;<\/p>\n<p class=\"more-link-p\"><a class=\"more-link\" href=\"https:\/\/www.mariaabrahamsson.nu\/index.php\/2010\/06\/28\/soff-debatt-om-tv-sanda-rattegangar-07-15\/\">Read more &rarr;<\/a><\/p>\n","protected":false},"author":2,"featured_media":0,"comment_status":"open","ping_status":"open","sticky":false,"template":"","format":"standard","meta":{"footnotes":""},"categories":[1],"tags":[],"class_list":["post-2356","post","type-post","status-publish","format-standard","hentry","category-uncategorized"],"_links":{"self":[{"href":"https:\/\/www.mariaabrahamsson.nu\/index.php\/wp-json\/wp\/v2\/posts\/2356","targetHints":{"allow":["GET"]}}],"collection":[{"href":"https:\/\/www.mariaabrahamsson.nu\/index.php\/wp-json\/wp\/v2\/posts"}],"about":[{"href":"https:\/\/www.mariaabrahamsson.nu\/index.php\/wp-json\/wp\/v2\/types\/post"}],"author":[{"embeddable":true,"href":"https:\/\/www.mariaabrahamsson.nu\/index.php\/wp-json\/wp\/v2\/users\/2"}],"replies":[{"embeddable":true,"href":"https:\/\/www.mariaabrahamsson.nu\/index.php\/wp-json\/wp\/v2\/comments?post=2356"}],"version-history":[{"count":0,"href":"https:\/\/www.mariaabrahamsson.nu\/index.php\/wp-json\/wp\/v2\/posts\/2356\/revisions"}],"wp:attachment":[{"href":"https:\/\/www.mariaabrahamsson.nu\/index.php\/wp-json\/wp\/v2\/media?parent=2356"}],"wp:term":[{"taxonomy":"category","embeddable":true,"href":"https:\/\/www.mariaabrahamsson.nu\/index.php\/wp-json\/wp\/v2\/categories?post=2356"},{"taxonomy":"post_tag","embeddable":true,"href":"https:\/\/www.mariaabrahamsson.nu\/index.php\/wp-json\/wp\/v2\/tags?post=2356"}],"curies":[{"name":"wp","href":"https:\/\/api.w.org\/{rel}","templated":true}]}}