{"id":2346,"date":"2010-06-28T13:18:44","date_gmt":"2010-06-28T13:18:44","guid":{"rendered":"http:\/\/www.mariaabrahamsson.nu\/?p=2346"},"modified":"2010-06-28T15:24:41","modified_gmt":"2010-06-28T15:24:41","slug":"tv-sand-rattegangen-mot-goran-lindberg","status":"publish","type":"post","link":"https:\/\/www.mariaabrahamsson.nu\/index.php\/2010\/06\/28\/tv-sand-rattegangen-mot-goran-lindberg\/","title":{"rendered":"TV-s\u00e4nd r\u00e4tteg\u00e5ngen mot G\u00f6ran Lindberg!"},"content":{"rendered":"<p><strong>Klokt nog underk\u00e4nde<\/strong> S\u00f6dert\u00f6rns tingsr\u00e4tt \u00e5klagarens locket-p\u00e5-linje och <a href=\"http:\/\/www.dn.se\/nyheter\/sverige\/delar-av-forundersokningen-i-polischefsatal-slapps-1.1129066\">h\u00e4vde sekretessen <\/a>i\u00a0hela 90 procent av f\u00f6runders\u00f6kningen mot den f\u00f6rra l\u00e4nspolism\u00e4staren G\u00f6ran Lindberg. Nej, jag inbillar mig inte en sekund att min artikel p\u00e5\u00a0<a href=\"http:\/\/www.expressen.se\/debatt\/1.2043034\/maria-abrahamsson-tv-sand-rattegangen-mot-goran-lindberg\">Sidan 4<\/a> i dagens Expressen hade betydelse f\u00f6r det beslutet.<\/p>\n<p>D\u00e4remot \u00e4r jag tacksam f\u00f6r att\u00a0SVT:s Godmorgon Sverige h\u00f6rde av sig redan innan klockan 9.00 och gener\u00f6st erbj\u00f6d mig att i morgon f\u00e5 plats i morgonsoffan och debattera min k\u00e4pph\u00e4st &#8211; att det borde finnas en m\u00f6jlighet att \u00e4ven i Sverige<a href=\"http:\/\/www.timbro.se\/innehall\/?isbn=9175665337&amp;flik=4\"> tv-s\u00e4nda r\u00e4tteg\u00e5ngar <\/a>av s\u00e4rskilt stort allm\u00e4nintresse. Tyv\u00e4rr f\u00e5r jag st\u00e5 \u00f6ver morgonsoffan, men h\u00e5ller tummarna f\u00f6r att redaktionen anstr\u00e4nger sig att hitta en god stand-in! (Tipsade bland annat om <a href=\"http:\/\/www.expressen.se\/ledare\/1.1994030\/eric-erfors-ge-oss-svensk-rattegangs-tv\">Eric Erfors<\/a>).<\/p>\n<p>S\u00e5dan tur d\u00e5 f\u00f6r mig att ocks\u00e5 Studio Ett hakade p\u00e5. \u00c4ven om det blir p\u00e5 telefon fr\u00e5n Trollh\u00e4ttan, d\u00e4r jag just har <a href=\"http:\/\/www.firsthotels.com\/sv\/Vara-hotell\/Sverige\/Trollhattan\/First-Hotel-Kung-Oscar\/\">checkat in<\/a>, s\u00e5 kan ni efter klockan 17.00 h\u00f6ra mig debattera tv-s\u00e4nda r\u00e4tteg\u00e5ngar med brottm\u00e5lsadvokaten\u00a0Claes Borgstr\u00f6m. Han \u00e4r numera socialdemokraternas talesman i j\u00e4mst\u00e4lldhetsfr\u00e5gor och dessutom advokatbyr\u00e5kollega med Thomas Bodstr\u00f6m. Den sistn\u00e4mnde tycker f\u00f6rresten som jag i fr\u00e5gan om<a href=\"http:\/\/www.riksdagen.se\/webbnav\/index.aspx?nid=67&amp;dok_id=GW1193\"> <\/a>tv-s\u00e4nda r\u00e4tteg\u00e5ngar. Eller hur ska man annars tolka\u00a0Bodstr\u00f6ms <a href=\"http:\/\/www.riksdagen.se\/webbnav\/index.aspx?nid=67&amp;dok_id=GW1193\">skriftliga fr\u00e5ga<\/a> till justitieministern?<\/p>\n<p>Debatten om tv-s\u00e4nda r\u00e4tteg\u00e5ngar kan b\u00f6rja!<\/p>\n","protected":false},"excerpt":{"rendered":"<p>Klokt nog underk\u00e4nde S\u00f6dert\u00f6rns tingsr\u00e4tt \u00e5klagarens locket-p\u00e5-linje och h\u00e4vde sekretessen i\u00a0hela 90 procent av f\u00f6runders\u00f6kningen mot den f\u00f6rra l\u00e4nspolism\u00e4staren G\u00f6ran Lindberg. Nej, jag inbillar mig inte en sekund att min artikel p\u00e5\u00a0Sidan 4 i dagens Expressen hade betydelse f\u00f6r det beslutet. D\u00e4remot \u00e4r jag tacksam f\u00f6r att\u00a0SVT:s Godmorgon Sverige h\u00f6rde av sig redan innan klockan&hellip;<\/p>\n<p class=\"more-link-p\"><a class=\"more-link\" href=\"https:\/\/www.mariaabrahamsson.nu\/index.php\/2010\/06\/28\/tv-sand-rattegangen-mot-goran-lindberg\/\">Read more &rarr;<\/a><\/p>\n","protected":false},"author":2,"featured_media":0,"comment_status":"open","ping_status":"open","sticky":false,"template":"","format":"standard","meta":{"footnotes":""},"categories":[1],"tags":[],"class_list":["post-2346","post","type-post","status-publish","format-standard","hentry","category-uncategorized"],"_links":{"self":[{"href":"https:\/\/www.mariaabrahamsson.nu\/index.php\/wp-json\/wp\/v2\/posts\/2346","targetHints":{"allow":["GET"]}}],"collection":[{"href":"https:\/\/www.mariaabrahamsson.nu\/index.php\/wp-json\/wp\/v2\/posts"}],"about":[{"href":"https:\/\/www.mariaabrahamsson.nu\/index.php\/wp-json\/wp\/v2\/types\/post"}],"author":[{"embeddable":true,"href":"https:\/\/www.mariaabrahamsson.nu\/index.php\/wp-json\/wp\/v2\/users\/2"}],"replies":[{"embeddable":true,"href":"https:\/\/www.mariaabrahamsson.nu\/index.php\/wp-json\/wp\/v2\/comments?post=2346"}],"version-history":[{"count":0,"href":"https:\/\/www.mariaabrahamsson.nu\/index.php\/wp-json\/wp\/v2\/posts\/2346\/revisions"}],"wp:attachment":[{"href":"https:\/\/www.mariaabrahamsson.nu\/index.php\/wp-json\/wp\/v2\/media?parent=2346"}],"wp:term":[{"taxonomy":"category","embeddable":true,"href":"https:\/\/www.mariaabrahamsson.nu\/index.php\/wp-json\/wp\/v2\/categories?post=2346"},{"taxonomy":"post_tag","embeddable":true,"href":"https:\/\/www.mariaabrahamsson.nu\/index.php\/wp-json\/wp\/v2\/tags?post=2346"}],"curies":[{"name":"wp","href":"https:\/\/api.w.org\/{rel}","templated":true}]}}