{"id":2279,"date":"2010-06-16T13:01:04","date_gmt":"2010-06-16T13:01:04","guid":{"rendered":"http:\/\/www.mariaabrahamsson.nu\/?p=2279"},"modified":"2010-06-16T13:13:03","modified_gmt":"2010-06-16T13:13:03","slug":"i-kvall-knackar-jag-pa-i-villakvarteren-oppna-garna-dorren","status":"publish","type":"post","link":"https:\/\/www.mariaabrahamsson.nu\/index.php\/2010\/06\/16\/i-kvall-knackar-jag-pa-i-villakvarteren-oppna-garna-dorren\/","title":{"rendered":"I kv\u00e4ll knackar jag p\u00e5 i villakvarteren, \u00f6ppna g\u00e4rna d\u00f6rren!"},"content":{"rendered":"<p><strong>Det har g\u00e5tt <\/strong>flera timmar sedan den sista repliken satte punkt f\u00f6r riksdags\u00e5rets avslutande partiledardebatt. Jag kan f\u00f6r mitt liv inte komma p\u00e5 n\u00e5got att s\u00e4ga eller tycka om den.\u00a0Mer \u00e4n att min \u00f6ron spetsades n\u00e4r G\u00f6ran H\u00e4gglund, eller om det nu var Jan Bj\u00f6rklund, pressade v\u00e4nsterpartiets Lars Ohly om hans\u00a0<a href=\"http:\/\/www.dn.se\/nyheter\/valet2010\/girighet-som-drivkraft-far-ohly-att-se-rott-1.1118163\">skattes\u00e4nkarutspel<\/a>,\u00a0men bara f\u00f6r&#8230;elitfotbollsspelare!<\/p>\n<p>Entrepren\u00f6ren Douglas Roos har <a href=\"http:\/\/www.aftonbladet.se\/debatt\/article7302866.ab\">effektivt<\/a> och snyggt mosat den ohlyska tanken.<\/p>\n<p><strong>Var Mona Sahlin befann <\/strong>sig i debatten &#8211; men i kammaren var hon v\u00e4l? &#8211; vet i sjutton. Men jag h\u00f6rde Maria Wetterstrand\u00a0anklaga regeringen f\u00f6r att inte l\u00e4ngre bry sig om milj\u00f6n och klimatet.<\/p>\n<p>Som sagt.\u00a0I kv\u00e4ll hakar jag p\u00e5\u00a0<a href=\"http:\/\/moderaterna.net\/2010\/05\/07\/brommamoderaterna-knackar-dorr\/\">Brommamoderaterna<\/a>, de ska ut och knacka d\u00f6rr.\u00a0Det ska bli riktigt sp\u00e4nnande att komplettera mina v\u00e4ljarsamtal i trappuppg\u00e5ngarna p\u00e5 S\u00f6dermalm med villakvarteren i f\u00f6rorten. \u00c5terkommer med rapport!<\/p>\n","protected":false},"excerpt":{"rendered":"<p>Det har g\u00e5tt flera timmar sedan den sista repliken satte punkt f\u00f6r riksdags\u00e5rets avslutande partiledardebatt. Jag kan f\u00f6r mitt liv inte komma p\u00e5 n\u00e5got att s\u00e4ga eller tycka om den.\u00a0Mer \u00e4n att min \u00f6ron spetsades n\u00e4r G\u00f6ran H\u00e4gglund, eller om det nu var Jan Bj\u00f6rklund, pressade v\u00e4nsterpartiets Lars Ohly om hans\u00a0skattes\u00e4nkarutspel,\u00a0men bara f\u00f6r&#8230;elitfotbollsspelare! Entrepren\u00f6ren Douglas&hellip;<\/p>\n<p class=\"more-link-p\"><a class=\"more-link\" href=\"https:\/\/www.mariaabrahamsson.nu\/index.php\/2010\/06\/16\/i-kvall-knackar-jag-pa-i-villakvarteren-oppna-garna-dorren\/\">Read more &rarr;<\/a><\/p>\n","protected":false},"author":2,"featured_media":0,"comment_status":"open","ping_status":"open","sticky":false,"template":"","format":"standard","meta":{"footnotes":""},"categories":[1],"tags":[],"class_list":["post-2279","post","type-post","status-publish","format-standard","hentry","category-uncategorized"],"_links":{"self":[{"href":"https:\/\/www.mariaabrahamsson.nu\/index.php\/wp-json\/wp\/v2\/posts\/2279","targetHints":{"allow":["GET"]}}],"collection":[{"href":"https:\/\/www.mariaabrahamsson.nu\/index.php\/wp-json\/wp\/v2\/posts"}],"about":[{"href":"https:\/\/www.mariaabrahamsson.nu\/index.php\/wp-json\/wp\/v2\/types\/post"}],"author":[{"embeddable":true,"href":"https:\/\/www.mariaabrahamsson.nu\/index.php\/wp-json\/wp\/v2\/users\/2"}],"replies":[{"embeddable":true,"href":"https:\/\/www.mariaabrahamsson.nu\/index.php\/wp-json\/wp\/v2\/comments?post=2279"}],"version-history":[{"count":0,"href":"https:\/\/www.mariaabrahamsson.nu\/index.php\/wp-json\/wp\/v2\/posts\/2279\/revisions"}],"wp:attachment":[{"href":"https:\/\/www.mariaabrahamsson.nu\/index.php\/wp-json\/wp\/v2\/media?parent=2279"}],"wp:term":[{"taxonomy":"category","embeddable":true,"href":"https:\/\/www.mariaabrahamsson.nu\/index.php\/wp-json\/wp\/v2\/categories?post=2279"},{"taxonomy":"post_tag","embeddable":true,"href":"https:\/\/www.mariaabrahamsson.nu\/index.php\/wp-json\/wp\/v2\/tags?post=2279"}],"curies":[{"name":"wp","href":"https:\/\/api.w.org\/{rel}","templated":true}]}}