{"id":2257,"date":"2010-06-13T11:06:13","date_gmt":"2010-06-13T11:06:13","guid":{"rendered":"http:\/\/www.mariaabrahamsson.nu\/?p=2257"},"modified":"2010-06-13T11:23:35","modified_gmt":"2010-06-13T11:23:35","slug":"soren-holmberg-later-som-om-han-sett-spoken","status":"publish","type":"post","link":"https:\/\/www.mariaabrahamsson.nu\/index.php\/2010\/06\/13\/soren-holmberg-later-som-om-han-sett-spoken\/","title":{"rendered":"S\u00f6ren Holmberg l\u00e5ter som om han sett sp\u00f6ken"},"content":{"rendered":"<p><strong>I fyra opinionsm\u00e4tningar<\/strong> av sex, publicerade mellan 28 april-10 juni, har Alliansen varit i kapp eller f\u00f6rbi det r\u00f6dgr\u00f6na regeringsalternativet.<\/p>\n<p>Nej, jag s\u00e4ger inte att Moderaternas starka framryckning har n\u00e5got att g\u00f6ra med min riksdagskandidatur i h\u00f6stens val, jag konstaterar bara att n\u00e5gon st\u00f6rre belastning tycks den inte vara. Och det k\u00e4nns ju bra!<\/p>\n<p><strong>\u2013 Diskussionerna har inte<\/strong> handlat lika mycket om v\u00e5r jobb- och v\u00e4lf\u00e4rdspolitik som vi hade hoppats, f\u00f6rklarar Socialdemokraternas partisekreterare Ibrahim Baylan i <a href=\"http:\/\/www.aftonbladet.se\/nyheter\/valet2010\/opinionsundersokningar\/article7292511.ab\">Aftonbladet<\/a> aprop\u00e5 Sifos <a href=\"http:\/\/www.tns-sifo.se\/media\/283327\/vb%20jun%202010%20svd.pdf\">kalldusch<\/a> som i dag ger Alliansen 48,4 procent mot De r\u00f6dgr\u00f6nas 45,6.<\/p>\n<p>Ja, eller s\u00e5 har debatten handlat f\u00f6r mycket om Socialdemokraternas jobb- och v\u00e4lf\u00e4rdspolitik? Kanske har det rent av b\u00f6rjat sjunka in i v\u00e4ljark\u00e5ren att det nog \u00e4r tryggare \u00a0att ha ett jobb att g\u00e5 till och f\u00e5 l\u00f6n, \u00e4n att leva p\u00e5 hoppet om h\u00f6gre ers\u00e4ttningsniv\u00e5 i a-kassan ifall man blir arbetsl\u00f6s och Sahlin &amp; Co vinner valet.<\/p>\n<p><strong>De socialdemokratiska frontfigurerna Ylva Johanssons<\/strong>, Thomas \u00d6stros och Thomas Bodstr\u00f6ms f\u00f6rkastande av precis allt som regeringen g\u00f6r, upplever v\u00e4ljarna kanske inte l\u00e4ngre som \u00e4kta, utan mer som en reflexm\u00e4ssig politikerattityd? Och d\u00e4rf\u00f6r sl\u00e5r allt fler m\u00e4nniskor &#8211; lika reflexm\u00e4ssigt &#8211; d\u00f6v\u00f6rat till?<\/p>\n<p>Baylans bortf\u00f6rklaring till sossarnas nedg\u00e5ng \u00e4r hur som helst lika usel som den LO-ordf\u00f6randen Wanja Lundby-Wedin levererade i Ekots L\u00f6rdagsintervju. Det vill s\u00e4ga att De r\u00f6dgr\u00f6nas aviserade bensinskatteh\u00f6jning med 49 \u00f6re per liter skulle vara F\u00f6rklaringen till Socialdemokraternas tillbakag\u00e5ng. N\u00e4r bensinskatteh\u00f6jarpartiet framf\u00f6r andra, Milj\u00f6partiet och Maria Wetterstrand, g\u00e5r som t\u00e5get.<\/p>\n<p><strong>Men mest kn\u00e4ckt<\/strong> i dag, sossarna undantagna, \u00e4r nog \u00e4nd\u00e5\u00a0statsvetarprofessor S\u00f6ren <a href=\"http:\/\/www.rod.se\/politikomraden\/demokrati\/Regeringen-Reinfeldt-ar-rokt\/\">&#8221;Regeringen Reinfeldt \u00e4r r\u00f6kt&#8221; <\/a> Holmberg. I <a href=\"http:\/\/www.svd.se\/nyheter\/politik\/valet2010\/omsvangning-leder-m-till-toppen_4856129.svd\">SvD<\/a> talar han lika h\u00e4pen som om han hade sett sp\u00f6ken p\u00e5 ljusa dagen om&#8221; tv\u00e5 historiska trender som pekar \u00e5t varsitt h\u00e5ll&#8221;.<\/p>\n<p>Dagens Sifo m\u00e5 s\u00e4nda\u00a0chockv\u00e5gor till dem som beg\u00e4rligt tog till sig resultatet av torsdagens haussade SCB-m\u00e4tning.\u00a0Men bara bland dem som inte vill se alliansregeringen \u00e5tervald.\u00a0M\u00e4rkv\u00e4rdigare \u00e4n s\u00e5 \u00e4r det inte.<\/p>\n<p><strong>N\u00e4h\u00e4, nu kallar maken<\/strong>, han verkar beh\u00f6va ett handtag. Tydligen har han problem med fordonsparken. Oklart bara vad jag kan bidra med, annat \u00e4n r\u00e5det att s\u00e4lja rubbet och skaffa en vanlig, bekymmersfri Svenssonbil.<\/p>\n<div id=\"attachment_2258\" style=\"width: 310px\" class=\"wp-caption alignright\"><a href=\"http:\/\/www.mariaabrahamsson.nu\/wp-content\/uploads\/2010\/06\/jeeparna1.jpeg\"><img loading=\"lazy\" decoding=\"async\" aria-describedby=\"caption-attachment-2258\" class=\"size-medium wp-image-2258\" title=\"jeeparna\" src=\"http:\/\/www.mariaabrahamsson.nu\/wp-content\/uploads\/2010\/06\/jeeparna1-300x225.jpg\" alt=\"\" width=\"300\" height=\"225\" srcset=\"https:\/\/www.mariaabrahamsson.nu\/wp-content\/uploads\/2010\/06\/jeeparna1-300x225.jpg 300w, https:\/\/www.mariaabrahamsson.nu\/wp-content\/uploads\/2010\/06\/jeeparna1.jpeg 640w\" sizes=\"auto, (max-width: 300px) 100vw, 300px\" \/><\/a><p id=\"caption-attachment-2258\" class=\"wp-caption-text\">Stor-jeepen drar den skruttiga Lill-jeepen som har lagt av. (H\u00e5ll tummarna f\u00f6r att det \u00e4r f\u00f6r alltid!)<\/p><\/div>\n<p><strong><br \/>\n<\/strong><\/p>\n","protected":false},"excerpt":{"rendered":"<p>I fyra opinionsm\u00e4tningar av sex, publicerade mellan 28 april-10 juni, har Alliansen varit i kapp eller f\u00f6rbi det r\u00f6dgr\u00f6na regeringsalternativet. Nej, jag s\u00e4ger inte att Moderaternas starka framryckning har n\u00e5got att g\u00f6ra med min riksdagskandidatur i h\u00f6stens val, jag konstaterar bara att n\u00e5gon st\u00f6rre belastning tycks den inte vara. Och det k\u00e4nns ju bra! \u2013&hellip;<\/p>\n<p class=\"more-link-p\"><a class=\"more-link\" href=\"https:\/\/www.mariaabrahamsson.nu\/index.php\/2010\/06\/13\/soren-holmberg-later-som-om-han-sett-spoken\/\">Read more &rarr;<\/a><\/p>\n","protected":false},"author":2,"featured_media":0,"comment_status":"open","ping_status":"open","sticky":false,"template":"","format":"standard","meta":{"footnotes":""},"categories":[1],"tags":[],"class_list":["post-2257","post","type-post","status-publish","format-standard","hentry","category-uncategorized"],"_links":{"self":[{"href":"https:\/\/www.mariaabrahamsson.nu\/index.php\/wp-json\/wp\/v2\/posts\/2257","targetHints":{"allow":["GET"]}}],"collection":[{"href":"https:\/\/www.mariaabrahamsson.nu\/index.php\/wp-json\/wp\/v2\/posts"}],"about":[{"href":"https:\/\/www.mariaabrahamsson.nu\/index.php\/wp-json\/wp\/v2\/types\/post"}],"author":[{"embeddable":true,"href":"https:\/\/www.mariaabrahamsson.nu\/index.php\/wp-json\/wp\/v2\/users\/2"}],"replies":[{"embeddable":true,"href":"https:\/\/www.mariaabrahamsson.nu\/index.php\/wp-json\/wp\/v2\/comments?post=2257"}],"version-history":[{"count":0,"href":"https:\/\/www.mariaabrahamsson.nu\/index.php\/wp-json\/wp\/v2\/posts\/2257\/revisions"}],"wp:attachment":[{"href":"https:\/\/www.mariaabrahamsson.nu\/index.php\/wp-json\/wp\/v2\/media?parent=2257"}],"wp:term":[{"taxonomy":"category","embeddable":true,"href":"https:\/\/www.mariaabrahamsson.nu\/index.php\/wp-json\/wp\/v2\/categories?post=2257"},{"taxonomy":"post_tag","embeddable":true,"href":"https:\/\/www.mariaabrahamsson.nu\/index.php\/wp-json\/wp\/v2\/tags?post=2257"}],"curies":[{"name":"wp","href":"https:\/\/api.w.org\/{rel}","templated":true}]}}