{"id":2186,"date":"2010-06-06T17:23:04","date_gmt":"2010-06-06T17:23:04","guid":{"rendered":"http:\/\/www.mariaabrahamsson.nu\/?p=2186"},"modified":"2010-06-06T18:47:16","modified_gmt":"2010-06-06T18:47:16","slug":"rinkeby-i-sverige-sossarna-dippar-leva-nationen","status":"publish","type":"post","link":"https:\/\/www.mariaabrahamsson.nu\/index.php\/2010\/06\/06\/rinkeby-i-sverige-sossarna-dippar-leva-nationen\/","title":{"rendered":"Rinkeby i Sverige, Sossarna dippar, leve Nationen!"},"content":{"rendered":"<p><strong>Mellan tuggorna ljudar jag<\/strong> mig fram till var betoningarna ska ligga i mitt anf\u00f6rande f\u00f6r att g\u00f6ra starkast intryck p\u00e5 partikamraterna. Ja, \u00e4ven p\u00e5 migrationsminister Tobias Billstr\u00f6m som ska tala f\u00f6re mig men som kanske &#8211; man f\u00e5r vara beredd p\u00e5 allt &#8211; \u00e4r kvar och lyssnar n\u00e4r jag tar till orda. Det pirrar i maggropen, det m\u00e5ste jag erk\u00e4nna.<\/p>\n<p>Platsen \u00e4r Rinkeby torg vid lunchtid i g\u00e5r. Jag sitter p\u00e5 en b\u00e4nk i solen och mumsar p\u00e5 en pirog. Tv\u00e5 m\u00e4n med osvensk bakgrund stannar till och undrar intresserat vad jag g\u00f6r d\u00e4r.<\/p>\n<div id=\"attachment_2189\" style=\"width: 310px\" class=\"wp-caption alignleft\"><a href=\"http:\/\/www.mariaabrahamsson.nu\/wp-content\/uploads\/2010\/06\/gr\u00f6nt-och-frukt.jpeg\"><img loading=\"lazy\" decoding=\"async\" aria-describedby=\"caption-attachment-2189\" class=\"size-medium wp-image-2189\" title=\"gr\u00f6nt och frukt\" src=\"http:\/\/www.mariaabrahamsson.nu\/wp-content\/uploads\/2010\/06\/gr\u00f6nt-och-frukt-300x225.jpg\" alt=\"\" width=\"300\" height=\"225\" srcset=\"https:\/\/www.mariaabrahamsson.nu\/wp-content\/uploads\/2010\/06\/gr\u00f6nt-och-frukt-300x225.jpg 300w, https:\/\/www.mariaabrahamsson.nu\/wp-content\/uploads\/2010\/06\/gr\u00f6nt-och-frukt.jpeg 640w\" sizes=\"auto, (max-width: 300px) 100vw, 300px\" \/><\/a><p id=\"caption-attachment-2189\" class=\"wp-caption-text\">Rinkeby torg,  frukt- och gr\u00f6ntst\u00e5ndet.  Vilken f\u00e4rgsymfoni!<\/p><\/div>\n<p><strong>Jag svarar att <\/strong>jag \u00e4r inbjuden av den lokala M-f\u00f6reningen f\u00f6r att &#8221;inspirationstala&#8221; i Rinkebyskolans aula om en timme.<\/p>\n<p>M\u00e4nnen ser ganska fr\u00e5gande ut. Men s\u00e5 s\u00e4ger den ena stolt att han vaktade <a href=\"http:\/\/www.moderaterna.net\/annamaria\/\">Anna-Maria Corazza Bildt<\/a>, rent av fungerade som hennes s\u00e4kerhetsvakt, n\u00e4r hon var d\u00e4r i fjol och hade torgm\u00f6te om Europaparlamentsvalet.<\/p>\n<p>Han s\u00e4ger sig gilla moderaterna, fast han tycker att Sahlin \u00e4r bra ocks\u00e5.\u00a0Vi tackar varandra f\u00f6r pratstunden, som jag har p\u00e5 k\u00e4nn att \u00e4ven han uppskattade.<\/p>\n<p><strong>Jag mumlar vidare<\/strong> i mitt tal, men avbryts snart av tut och tjut. Nu \u00e4r det g\u00e4nget som\u00a0<a href=\"http:\/\/www.stockholm.se\/Fristaende-webbplatser\/Fackforvaltningssajter\/Miljoforvaltningen\/Hallbara-stader-Stockholm-Jarva\/Cykelvecka-for-klimatet\/\">cyklar f\u00f6r klimatet<\/a> som avbryter. P\u00e4r Holmgren, SVT:s tidigare rockstj\u00e4rna p\u00e5 v\u00e4der och klimat, sitter ett par meter framf\u00f6r mig p\u00e5 en elmoped if\u00f6rd hj\u00e4lm modell st\u00f6rre och talar i megafon.<\/p>\n<div id=\"attachment_2190\" style=\"width: 310px\" class=\"wp-caption alignleft\"><a href=\"http:\/\/www.mariaabrahamsson.nu\/wp-content\/uploads\/2010\/06\/rinkeby.jpeg\"><img loading=\"lazy\" decoding=\"async\" aria-describedby=\"caption-attachment-2190\" class=\"size-medium wp-image-2190\" title=\"rinkeby\" src=\"http:\/\/www.mariaabrahamsson.nu\/wp-content\/uploads\/2010\/06\/rinkeby-300x225.jpg\" alt=\"\" width=\"300\" height=\"225\" srcset=\"https:\/\/www.mariaabrahamsson.nu\/wp-content\/uploads\/2010\/06\/rinkeby-300x225.jpg 300w, https:\/\/www.mariaabrahamsson.nu\/wp-content\/uploads\/2010\/06\/rinkeby.jpeg 640w\" sizes=\"auto, (max-width: 300px) 100vw, 300px\" \/><\/a><p id=\"caption-attachment-2190\" class=\"wp-caption-text\">P\u00e4r Holmgren i hj\u00e4lm, elmopedcyklar i Rinkeby.<\/p><\/div>\n<p>Som om det vore den naturligaste saken i v\u00e4rlden eldar Holmgren\u00a0massorna p\u00e5 torget att sluta upp i Akalla by d\u00e4r cykelveckan om n\u00e5gon timme g\u00e5r i m\u00e5l.<\/p>\n<p><strong>Tillk\u00e4mpat koncentrerad<\/strong> ljudar jag vidare i mitt manus. Jag sneglar p\u00e5 st\u00f6rningsk\u00e4llan i form av den f\u00f6rre TV-meterologen och situationen k\u00e4nns helt absurd, men samtidigt&#8230;befriande!<\/p>\n<p>Klimat eller moderat? F\u00f6r mig finns ingen mots\u00e4ttning. Men det \u00e4r inte det saken g\u00e4ller h\u00e4r, utan att tv\u00e5 hyfsat k\u00e4nda medieprofiler en solig junil\u00f6rdag p\u00e5 Rinkeby torg val\u00e5ret 2010 ovetandes om varandra\u00a0f\u00f6renas i att vara d\u00e4r och locka anh\u00e4ngare f\u00f6r det vi tror p\u00e5. Det \u00e4r ganska stort och, jo faktiskt, fint.<\/p>\n<p><strong>Vad jag predikade om<\/strong> i Rinkebyskolans aula f\u00f6r M-kompisar och en och annan milj\u00f6partist och socialdemokrat? Tja, p\u00e5 20-30 minuter hinner man ju s\u00e4ga en hel del. S\u00e4rskilt en dag d\u00e5 Sossarna <a href=\"http:\/\/www.demoskop.se\/filearchive\/1\/1530\/201006%20V\u00e4ljarbarometer%20\u00d6ver%20tid%201998-Juni2010.pdf\">dippar under 30-procentstrecket<\/a> och Moderaterna \u00e4r det st\u00f6rsta politiska partiet.<\/p>\n<p>Men mest n\u00f6jd \u00e4r jag \u00e4nd\u00e5 med att jag inte sjunger den politiska enighetens lov. F\u00f6r jag tycker att det \u00e4r oerh\u00f6rt viktigt att \u00e5sikter till\u00e5ts spreta, att partierna i Alliansen f\u00e5r tycka olika i olika sakfr\u00e5gor och detta \u00e4ven offentligt.<\/p>\n<p>Men i hederlighetens namn betyder det ocks\u00e5 att \u00e4ven De r\u00f6dgr\u00f6na m\u00e5ste ges r\u00e4tten att redovisa olika uppfattningar internt och offentligt.<\/p>\n<p><strong>Den stora skillnaden <\/strong>\u00e4r bara att De r\u00f6dgr\u00f6na \u00e4r p\u00e5 kollisionskurs med varandra i f\u00f6r v\u00e5r tid helt grundl\u00e4ggande fr\u00e5gor, typ om Sverige ska vara med i EU eller om USA:s milit\u00e4ra n\u00e4rvaro i v\u00e4rlden. \u00a0Om du har tid och lust finns mitt tal att l\u00e4sa\u00a0<a href=\"http:\/\/www.mariaabrahamsson.nu\/wp-content\/uploads\/2010\/06\/Inspiration.pdf\">h\u00e4r<\/a>. Och kom g\u00e4rna med synpunkter ifall du tycker att jag har hamnat helt fel, jag beh\u00f6ver veta&#8230;<\/p>\n<p>Sedan tog helgen vid. L\u00e5t oss h\u00f6ja ett glas f\u00f6r gamla Sverige denna nationens dag!<\/p>\n<div id=\"attachment_2191\" style=\"width: 310px\" class=\"wp-caption alignleft\"><a href=\"http:\/\/www.mariaabrahamsson.nu\/wp-content\/uploads\/2010\/06\/Ekensoligl\u00f6rdag.jpeg\"><img loading=\"lazy\" decoding=\"async\" aria-describedby=\"caption-attachment-2191\" class=\"size-medium wp-image-2191\" title=\"Ekensoligl\u00f6rdag\" src=\"http:\/\/www.mariaabrahamsson.nu\/wp-content\/uploads\/2010\/06\/Ekensoligl\u00f6rdag-300x225.jpg\" alt=\"\" width=\"300\" height=\"225\" srcset=\"https:\/\/www.mariaabrahamsson.nu\/wp-content\/uploads\/2010\/06\/Ekensoligl\u00f6rdag-300x225.jpg 300w, https:\/\/www.mariaabrahamsson.nu\/wp-content\/uploads\/2010\/06\/Ekensoligl\u00f6rdag.jpeg 640w\" sizes=\"auto, (max-width: 300px) 100vw, 300px\" \/><\/a><p id=\"caption-attachment-2191\" class=\"wp-caption-text\">Glad och n\u00f6jd p\u00e5 baren Eken vid Slussen.<\/p><\/div>\n","protected":false},"excerpt":{"rendered":"<p>Mellan tuggorna ljudar jag mig fram till var betoningarna ska ligga i mitt anf\u00f6rande f\u00f6r att g\u00f6ra starkast intryck p\u00e5 partikamraterna. Ja, \u00e4ven p\u00e5 migrationsminister Tobias Billstr\u00f6m som ska tala f\u00f6re mig men som kanske &#8211; man f\u00e5r vara beredd p\u00e5 allt &#8211; \u00e4r kvar och lyssnar n\u00e4r jag tar till orda. Det pirrar i&hellip;<\/p>\n<p class=\"more-link-p\"><a class=\"more-link\" href=\"https:\/\/www.mariaabrahamsson.nu\/index.php\/2010\/06\/06\/rinkeby-i-sverige-sossarna-dippar-leva-nationen\/\">Read more &rarr;<\/a><\/p>\n","protected":false},"author":2,"featured_media":0,"comment_status":"open","ping_status":"open","sticky":false,"template":"","format":"standard","meta":{"footnotes":""},"categories":[1],"tags":[],"class_list":["post-2186","post","type-post","status-publish","format-standard","hentry","category-uncategorized"],"_links":{"self":[{"href":"https:\/\/www.mariaabrahamsson.nu\/index.php\/wp-json\/wp\/v2\/posts\/2186","targetHints":{"allow":["GET"]}}],"collection":[{"href":"https:\/\/www.mariaabrahamsson.nu\/index.php\/wp-json\/wp\/v2\/posts"}],"about":[{"href":"https:\/\/www.mariaabrahamsson.nu\/index.php\/wp-json\/wp\/v2\/types\/post"}],"author":[{"embeddable":true,"href":"https:\/\/www.mariaabrahamsson.nu\/index.php\/wp-json\/wp\/v2\/users\/2"}],"replies":[{"embeddable":true,"href":"https:\/\/www.mariaabrahamsson.nu\/index.php\/wp-json\/wp\/v2\/comments?post=2186"}],"version-history":[{"count":0,"href":"https:\/\/www.mariaabrahamsson.nu\/index.php\/wp-json\/wp\/v2\/posts\/2186\/revisions"}],"wp:attachment":[{"href":"https:\/\/www.mariaabrahamsson.nu\/index.php\/wp-json\/wp\/v2\/media?parent=2186"}],"wp:term":[{"taxonomy":"category","embeddable":true,"href":"https:\/\/www.mariaabrahamsson.nu\/index.php\/wp-json\/wp\/v2\/categories?post=2186"},{"taxonomy":"post_tag","embeddable":true,"href":"https:\/\/www.mariaabrahamsson.nu\/index.php\/wp-json\/wp\/v2\/tags?post=2186"}],"curies":[{"name":"wp","href":"https:\/\/api.w.org\/{rel}","templated":true}]}}