{"id":216,"date":"2009-10-21T16:48:51","date_gmt":"2009-10-21T16:48:51","guid":{"rendered":"http:\/\/www.mariaabrahamsson.nu\/?p=216"},"modified":"2009-10-21T18:43:14","modified_gmt":"2009-10-21T18:43:14","slug":"mitt-i-livet-en-tisdag","status":"publish","type":"post","link":"https:\/\/www.mariaabrahamsson.nu\/index.php\/2009\/10\/21\/mitt-i-livet-en-tisdag\/","title":{"rendered":"Mitt i livet hos S:ta Katharinastiftelsen"},"content":{"rendered":"<p style=\"margin: 0.0px 0.0px 0.0px 0.0px; font: 14.0px Arial;\"><span style=\"letter-spacing: 0.0px;\"><strong>Vad inneb\u00e4r det<\/strong> att vara kvinna mitt i livet? Den fr\u00e5gan har jag funderat p\u00e5 b\u00e5de en och tv\u00e5 g\u00e5nger sedan <a href=\"http:\/\/www.katharinastiftelsen.se\/\">S:ta\u00a0Katharinastiftelsens <\/a>direktor Madeleine \u00c5hlstedt i v\u00e5ras bj\u00f6d in mig till ett lunchsamtal, som \u00e4gde rum i dag. Beh\u00f6ver jag s\u00e4ga att det var fullsatt?<\/span><\/p>\n<p style=\"margin: 0.0px 0.0px 0.0px 0.0px; font: 14.0px Arial;\"><span style=\"letter-spacing: 0.0px;\"><br \/>\n<\/span><\/p>\n<p style=\"margin: 0.0px 0.0px 0.0px 0.0px; font: 14.0px Arial;\"><span style=\"letter-spacing: 0.0px;\"> <\/span><\/p>\n<p style=\"margin: 0.0px 0.0px 0.0px 0.0px; font: 14.0px Arial;\">\n<p style=\"margin: 0.0px 0.0px 0.0px 0.0px; font: 14.0px Arial;\">\n<p style=\"margin: 0.0px 0.0px 0.0px 0.0px; font: 14.0px Arial;\">\n<p style=\"margin: 0.0px 0.0px 0.0px 0.0px; font: 14.0px Arial;\">\n<p style=\"margin: 0.0px 0.0px 0.0px 0.0px; font: 14.0px Arial;\">Skulle det bara vara fr\u00e5ga om matematik och statistik hade ju svaret varit enkelt. I dagens l\u00e4ge \u00e4r &#8221;mitt i livet&#8221; detsamma som att vara 42 \u00e5r, enligt SCB:s statistik om den aktuella medellivsl\u00e4ngden f\u00f6r m\u00e4n och kvinnor. Sj\u00e4lv \u00e4r jag n\u00e5got \u00e4ldre&#8230;<\/p>\n<p style=\"margin: 0.0px 0.0px 0.0px 0.0px; font: 14.0px Arial; min-height: 16.0px;\">\n<p style=\"margin: 0.0px 0.0px 0.0px 0.0px; font: 14.0px Arial; min-height: 16.0px;\"><strong>SCB:s torra fakta<\/strong> s\u00e4ger naturligtvis ingenting om vad det inneb\u00e4r att vara mitt i livet. Fr\u00e5ga mina f\u00f6r\u00e4ldrar som vid 70 fyllda kuskar runt i Europa i husbil\u00a0och k\u00e4nner sig om inte\u00a0som mitt i livet, s\u00e5 helt p\u00e5nyttf\u00f6dda!<\/p>\n<p style=\"margin: 0.0px 0.0px 0.0px 0.0px; font: 14.0px Arial; min-height: 16.0px;\"><span style=\"letter-spacing: 0.0px;\"> <\/span><\/p>\n<p style=\"margin: 0.0px 0.0px 0.0px 0.0px; font: 14.0px Arial;\"><span style=\"letter-spacing: 0.0px;\">I min f\u00f6rest\u00e4llningsv\u00e4rld handlar mitt-i-livet-k\u00e4nslan framf\u00f6r allt om k\u00e4nslan av att just leva h\u00e4r och nu fullt ut. Den k\u00e4nslan \u00e4r inte f\u00f6rknippad med en viss \u00e5lder, utan delas \u00e4ven av folk som kan\u00a0se tillbaka p\u00e5 ett myller av h\u00e4ndelser och erfarenheter samtidigt som man framf\u00f6r sig ser ett o\u00f6versk\u00e5dligt antal m\u00f6jligheter.<\/span><\/p>\n<p style=\"margin: 0.0px 0.0px 0.0px 0.0px; font: 14.0px Arial; min-height: 16.0px;\"><span style=\"letter-spacing: 0.0px;\"> <\/span><\/p>\n<p style=\"margin: 0.0px 0.0px 0.0px 0.0px; font: 14.0px Arial;\"><span style=\"letter-spacing: 0.0px;\"><strong>Att vara ung \u00e4r<\/strong> &#8211; som alla vet &#8211; igen\u00a0garanti f\u00f6r att man ser ljust p\u00e5 framtiden. Tv\u00e4rtom, aldrig har v\u00e4l unga m\u00e4nniskor s\u00e5 mycket framtid bakom sig som n\u00e4r de fyller 15? Det var ingen slump att jag som 18-\u00e5ring bodde i en T-shirt med trycket: Kafka hade inte heller s\u00e5 roligt.<\/span><\/p>\n<p style=\"margin: 0.0px 0.0px 0.0px 0.0px; font: 14.0px Arial;\"><span style=\"letter-spacing: 0.0px;\"><br \/>\n<\/span><\/p>\n<p style=\"margin: 0.0px 0.0px 0.0px 0.0px; font: 14.0px Arial;\"><span style=\"letter-spacing: 0.0px;\">\u00c5 andra sidan \u00e4r jag allts\u00e5 \u00f6vertygad om att man kan beh\u00e5lla en k\u00e4nsla av att st\u00e5 mitt i livet \u00e4ven hyfsat l\u00e5ngt upp i \u00e5ldern. \u00c4r man bara frisk och n\u00e5gorlunda tillfreds med tillvaron\u00a0s\u00e5 tycker r\u00e4tt m\u00e5nga\u00a050+are att de har det mesta och kanske ocks\u00e5 det b\u00e4sta i livet\u00a0ogjort. <\/span><\/p>\n<p style=\"margin: 0.0px 0.0px 0.0px 0.0px; font: 14.0px Arial; min-height: 16.0px;\"><span style=\"letter-spacing: 0.0px;\"> <\/span><\/p>\n<p style=\"margin: 0.0px 0.0px 0.0px 0.0px; font: 14.0px Arial;\">F\u00f6r att s\u00e5 g\u00e5 in p\u00e5 mig sj\u00e4lv. N\u00e5gon g\u00e5ng i somras v\u00e4nde det, eller snarare h\u00e4nde det. Fr\u00e5n att under hela mitt vuxna arbetsliv (privatlivet undantas d\u00e5 det alltid har varit perfekt) ha g\u00e5tt omkring och v\u00e4ntat p\u00e5 att det riktiga, viktiga arbetslivet ska b\u00f6rja, byttes pl\u00f6tsligt mitt perspektiv.<\/p>\n<p style=\"margin: 0.0px 0.0px 0.0px 0.0px; font: 14.0px Arial; min-height: 16.0px;\">\n<p style=\"margin: 0.0px 0.0px 0.0px 0.0px; font: 14.0px Arial; min-height: 16.0px;\"><strong>V\u00e4ndpunkten kom<\/strong> i samma stund (i samma isande minut, f\u00f6r att citera Johannes Edfeldt) som jag best\u00e4mde mig f\u00f6r att sl\u00e4ppa taget och s\u00e4ga upp mig fr\u00e5n SvD.<\/p>\n<p style=\"margin: 0.0px 0.0px 0.0px 0.0px; font: 14.0px Arial; min-height: 16.0px;\">\n<p style=\"margin: 0.0px 0.0px 0.0px 0.0px; font: 14.0px Arial; min-height: 16.0px;\">Min mitt-i-livet-k\u00e4nsla f\u00f6ddes i skarven. I skarven som jag nu befinner mig i och som bland annat inneb\u00e4r att jag f\u00f6r f\u00f6rsta g\u00e5ngen p\u00e5 l\u00e4nge inte beh\u00f6ver ha kontroll \u00f6ver nyhetsfl\u00f6det. Inte beh\u00f6ver ha en \u00e5sikt om allting, inte omedelbums beh\u00f6ver s\u00e4tta mig in i saker och ting, utan lugnt kan ta mer tid p\u00e5 mig.<\/p>\n<p style=\"margin: 0.0px 0.0px 0.0px 0.0px; font: 14.0px Arial; min-height: 16.0px;\"><span style=\"letter-spacing: 0.0px;\"> <\/span><\/p>\n<p style=\"margin: 0.0px 0.0px 0.0px 0.0px; font: 14.0px Arial;\"><span style=\"letter-spacing: 0.0px;\"><strong>Visst, detta ljuva tillst\u00e5nd<\/strong> \u00e4r nu. Efter valet 2010 kommer nya krav. Skulle jag bli invald i riksdagen b\u00f6rjar en ny karri\u00e4r, med allt vad den inneb\u00e4r.\u00a0Kommer jag inte in i riksdagen &#8211; d\u00e5 f\u00e5r jag allt skaffa mig ett jobb.<\/span><\/p>\n<p style=\"margin: 0.0px 0.0px 0.0px 0.0px; font: 14.0px Arial;\"><span style=\"letter-spacing: 0.0px;\"><br \/>\n<\/span><\/p>\n<p style=\"margin: 0.0px 0.0px 0.0px 0.0px; font: 14.0px Arial;\"><span style=\"letter-spacing: 0.0px;\">Nej, mer mitt i livet hade jag nog inte kunnat kasta ut mig i. <\/span><\/p>\n<p style=\"margin: 0.0px 0.0px 0.0px 0.0px; font: 14.0px Arial;\">\n<p style=\"margin: 0.0px 0.0px 0.0px 0.0px; font: 14.0px Arial;\"><span style=\"letter-spacing: 0.0px;\"><br \/>\n<\/span><\/p>\n<p style=\"margin: 0.0px 0.0px 0.0px 0.0px; font: 14.0px Arial; min-height: 16.0px;\"><span style=\"letter-spacing: 0.0px;\"> <\/span><\/p>\n<p style=\"margin: 0.0px 0.0px 0.0px 0.0px; font: 14.0px Arial; min-height: 16.0px;\"><span style=\"letter-spacing: 0.0px;\"> <\/span><\/p>\n<p style=\"margin: 0.0px 0.0px 0.0px 0.0px; font: 14.0px Arial; min-height: 16.0px;\"><span style=\"letter-spacing: 0.0px;\"> <\/span><\/p>\n<p style=\"margin: 0.0px 0.0px 0.0px 0.0px; font: 14.0px Arial; min-height: 16.0px;\"><span style=\"letter-spacing: 0.0px;\"> <\/span><\/p>\n<p style=\"margin: 0.0px 0.0px 0.0px 0.0px; font: 14.0px Arial; min-height: 16.0px;\"><span style=\"letter-spacing: 0.0px;\"> <\/span><\/p>\n<p style=\"margin: 0.0px 0.0px 0.0px 0.0px; font: 14.0px Arial; min-height: 16.0px;\"><span style=\"letter-spacing: 0.0px;\"> <\/span><\/p>\n<p style=\"margin: 0.0px 0.0px 0.0px 0.0px; font: 12.0px Helvetica; min-height: 14.0px;\"><span style=\"letter-spacing: 0.0px;\"> <\/span><\/p>\n<p style=\"margin: 0.0px 0.0px 0.0px 0.0px; font: 12.0px Helvetica; min-height: 14.0px;\"><span style=\"letter-spacing: 0.0px;\"> <\/span><\/p>\n","protected":false},"excerpt":{"rendered":"<p>Vad inneb\u00e4r det att vara kvinna mitt i livet? Den fr\u00e5gan har jag funderat p\u00e5 b\u00e5de en och tv\u00e5 g\u00e5nger sedan S:ta\u00a0Katharinastiftelsens direktor Madeleine \u00c5hlstedt i v\u00e5ras bj\u00f6d in mig till ett lunchsamtal, som \u00e4gde rum i dag. Beh\u00f6ver jag s\u00e4ga att det var fullsatt? Skulle det bara vara fr\u00e5ga om matematik och statistik hade&hellip;<\/p>\n<p class=\"more-link-p\"><a class=\"more-link\" href=\"https:\/\/www.mariaabrahamsson.nu\/index.php\/2009\/10\/21\/mitt-i-livet-en-tisdag\/\">Read more &rarr;<\/a><\/p>\n","protected":false},"author":2,"featured_media":0,"comment_status":"closed","ping_status":"open","sticky":false,"template":"","format":"standard","meta":{"footnotes":""},"categories":[1],"tags":[],"class_list":["post-216","post","type-post","status-publish","format-standard","hentry","category-uncategorized"],"_links":{"self":[{"href":"https:\/\/www.mariaabrahamsson.nu\/index.php\/wp-json\/wp\/v2\/posts\/216","targetHints":{"allow":["GET"]}}],"collection":[{"href":"https:\/\/www.mariaabrahamsson.nu\/index.php\/wp-json\/wp\/v2\/posts"}],"about":[{"href":"https:\/\/www.mariaabrahamsson.nu\/index.php\/wp-json\/wp\/v2\/types\/post"}],"author":[{"embeddable":true,"href":"https:\/\/www.mariaabrahamsson.nu\/index.php\/wp-json\/wp\/v2\/users\/2"}],"replies":[{"embeddable":true,"href":"https:\/\/www.mariaabrahamsson.nu\/index.php\/wp-json\/wp\/v2\/comments?post=216"}],"version-history":[{"count":0,"href":"https:\/\/www.mariaabrahamsson.nu\/index.php\/wp-json\/wp\/v2\/posts\/216\/revisions"}],"wp:attachment":[{"href":"https:\/\/www.mariaabrahamsson.nu\/index.php\/wp-json\/wp\/v2\/media?parent=216"}],"wp:term":[{"taxonomy":"category","embeddable":true,"href":"https:\/\/www.mariaabrahamsson.nu\/index.php\/wp-json\/wp\/v2\/categories?post=216"},{"taxonomy":"post_tag","embeddable":true,"href":"https:\/\/www.mariaabrahamsson.nu\/index.php\/wp-json\/wp\/v2\/tags?post=216"}],"curies":[{"name":"wp","href":"https:\/\/api.w.org\/{rel}","templated":true}]}}