{"id":2158,"date":"2010-05-30T20:50:51","date_gmt":"2010-05-30T20:50:51","guid":{"rendered":"http:\/\/www.mariaabrahamsson.nu\/?p=2158"},"modified":"2010-05-30T20:50:58","modified_gmt":"2010-05-30T20:50:58","slug":"till-om-med-tt-bekraftar","status":"publish","type":"post","link":"https:\/\/www.mariaabrahamsson.nu\/index.php\/2010\/05\/30\/till-om-med-tt-bekraftar\/","title":{"rendered":"Till om med TT bekr\u00e4ftar&#8230;"},"content":{"rendered":"<p><img loading=\"lazy\" decoding=\"async\" src=\"http:\/\/www.rknyhetssidan.se\/tt_sgml.nsf\/pixel.gif?OpenImageResource\" alt=\"\" width=\"1\" height=\"4\" \/><span style=\"font-family: Verdana; font-size: x-small;\">2010-05-30<\/span><strong><span style=\"font-family: Arial;\"> <\/span><\/strong><span style=\"font-family: Verdana; font-size: x-small;\">21:27<\/span><\/p>\n<table border=\"0\" cellspacing=\"0\" cellpadding=\"0\">\n<tbody>\n<tr valign=\"top\">\n<td width=\"325\">TT (BEGOMSvalreinfeldtFAKTA)<\/td>\n<\/tr>\n<\/tbody>\n<\/table>\n<p><strong><span style=\"font-family: Arial;\">Fakta: Senaste m\u00e4tningen<\/span><\/strong><strong><\/strong><\/p>\n<p>I den senast publicerade opinionsm\u00e4tningen &#8211; Synovates majm\u00e4tning &#8211; har alliansen \u00e5tertagit ledningen. I unders\u00f6kningen, som publicerades i fredags, f\u00e5r de borgerliga 48,3 procent medan oppositionen f\u00e5r 46,5 procent. Med undantag f\u00f6r aprilm\u00e4tningen f\u00f6rra \u00e5ret, d\u00e5 skillnaden till alliansens f\u00f6rdel var en tiondel, \u00e4r det f\u00f6rsta g\u00e5ngen de borgerliga har ett \u00f6vertag i Synovates m\u00e4tningar sedan f\u00f6rra valet.<\/p>\n<p>Moderaterna \u00f6kar 3 procentenheter till 31,8 procent i m\u00e4tningen. Socialdemokraterna tappar samtidigt 2,6 procentenheter och f\u00e5r 32,5 procent av v\u00e4ljarsympatierna.<\/p>\n<p>(TT)<\/p>\n<p><strong>Nej, jag k\u00e4nner<\/strong> inget behov av att f\u00f6rtydliga.<\/p>\n","protected":false},"excerpt":{"rendered":"<p>2010-05-30 21:27 TT (BEGOMSvalreinfeldtFAKTA) Fakta: Senaste m\u00e4tningen I den senast publicerade opinionsm\u00e4tningen &#8211; Synovates majm\u00e4tning &#8211; har alliansen \u00e5tertagit ledningen. I unders\u00f6kningen, som publicerades i fredags, f\u00e5r de borgerliga 48,3 procent medan oppositionen f\u00e5r 46,5 procent. Med undantag f\u00f6r aprilm\u00e4tningen f\u00f6rra \u00e5ret, d\u00e5 skillnaden till alliansens f\u00f6rdel var en tiondel, \u00e4r det f\u00f6rsta g\u00e5ngen de&hellip;<\/p>\n<p class=\"more-link-p\"><a class=\"more-link\" href=\"https:\/\/www.mariaabrahamsson.nu\/index.php\/2010\/05\/30\/till-om-med-tt-bekraftar\/\">Read more &rarr;<\/a><\/p>\n","protected":false},"author":2,"featured_media":0,"comment_status":"open","ping_status":"open","sticky":false,"template":"","format":"standard","meta":{"footnotes":""},"categories":[1],"tags":[],"class_list":["post-2158","post","type-post","status-publish","format-standard","hentry","category-uncategorized"],"_links":{"self":[{"href":"https:\/\/www.mariaabrahamsson.nu\/index.php\/wp-json\/wp\/v2\/posts\/2158","targetHints":{"allow":["GET"]}}],"collection":[{"href":"https:\/\/www.mariaabrahamsson.nu\/index.php\/wp-json\/wp\/v2\/posts"}],"about":[{"href":"https:\/\/www.mariaabrahamsson.nu\/index.php\/wp-json\/wp\/v2\/types\/post"}],"author":[{"embeddable":true,"href":"https:\/\/www.mariaabrahamsson.nu\/index.php\/wp-json\/wp\/v2\/users\/2"}],"replies":[{"embeddable":true,"href":"https:\/\/www.mariaabrahamsson.nu\/index.php\/wp-json\/wp\/v2\/comments?post=2158"}],"version-history":[{"count":0,"href":"https:\/\/www.mariaabrahamsson.nu\/index.php\/wp-json\/wp\/v2\/posts\/2158\/revisions"}],"wp:attachment":[{"href":"https:\/\/www.mariaabrahamsson.nu\/index.php\/wp-json\/wp\/v2\/media?parent=2158"}],"wp:term":[{"taxonomy":"category","embeddable":true,"href":"https:\/\/www.mariaabrahamsson.nu\/index.php\/wp-json\/wp\/v2\/categories?post=2158"},{"taxonomy":"post_tag","embeddable":true,"href":"https:\/\/www.mariaabrahamsson.nu\/index.php\/wp-json\/wp\/v2\/tags?post=2158"}],"curies":[{"name":"wp","href":"https:\/\/api.w.org\/{rel}","templated":true}]}}