{"id":2124,"date":"2010-05-29T08:26:06","date_gmt":"2010-05-29T08:26:06","guid":{"rendered":"http:\/\/www.mariaabrahamsson.nu\/?p=2124"},"modified":"2010-05-29T08:27:24","modified_gmt":"2010-05-29T08:27:24","slug":"knack-knack-jag-heter-maria-och-kommer-fran","status":"publish","type":"post","link":"https:\/\/www.mariaabrahamsson.nu\/index.php\/2010\/05\/29\/knack-knack-jag-heter-maria-och-kommer-fran\/","title":{"rendered":"Knack, knack, jag heter Maria och kommer fr\u00e5n&#8230;"},"content":{"rendered":"<p><strong>Kan inte best\u00e4mma<\/strong> mig f\u00f6r om jag ska l\u00e4mna p\u00e4rlhalsbandet hemma eller beh\u00e5lla det p\u00e5.\u00a0Jag f\u00f6rbereder mig som b\u00e4st inf\u00f6r dagens d\u00f6rrknackningskampanj, och k\u00e4nner mig st\u00e4rkt (obs inte st\u00f6ddig) av veckans opinionsm\u00e4tningar <a href=\"http:\/\/www.expressen.se\/1.2002285\">(h\u00e4r<\/a> och\u00a0<a href=\"http:\/\/www.dn.se\/nyheter\/valet2010\/nu-gar-alliansen-om-de-rodgrona-1.1112680\">h\u00e4r)<\/a>.<\/p>\n<p>Klart inspirerande l\u00e4sning en dag som denna \u00e4r ocks\u00e5\u00a0<a href=\"http:\/\/www.svd.se\/opinion\/ledarsidan\/mona-sahlin-kan-bara-sta-och-titta-pa_4784475.svd\">analysen<\/a> i SvD\u00a0av min forne kollega Per Gudmundson.<\/p>\n<p><strong>Som sagt, klockan <\/strong>11.00 \u00e4r det samling med Mariamoderaterna f\u00f6r taktiksnack och genomg\u00e5ng. Sedan ut och knacka f\u00f6r att i b\u00e4sta fall f\u00e5 n\u00e5gra minuter med henne eller honom innanf\u00f6r d\u00f6rren. Vad vi ska prata om? Det best\u00e4mmer inte jag, nu \u00e4r det S\u00f6dermalmsborna som har ordet!<\/p>\n","protected":false},"excerpt":{"rendered":"<p>Kan inte best\u00e4mma mig f\u00f6r om jag ska l\u00e4mna p\u00e4rlhalsbandet hemma eller beh\u00e5lla det p\u00e5.\u00a0Jag f\u00f6rbereder mig som b\u00e4st inf\u00f6r dagens d\u00f6rrknackningskampanj, och k\u00e4nner mig st\u00e4rkt (obs inte st\u00f6ddig) av veckans opinionsm\u00e4tningar (h\u00e4r och\u00a0h\u00e4r). Klart inspirerande l\u00e4sning en dag som denna \u00e4r ocks\u00e5\u00a0analysen i SvD\u00a0av min forne kollega Per Gudmundson. Som sagt, klockan 11.00 \u00e4r&hellip;<\/p>\n<p class=\"more-link-p\"><a class=\"more-link\" href=\"https:\/\/www.mariaabrahamsson.nu\/index.php\/2010\/05\/29\/knack-knack-jag-heter-maria-och-kommer-fran\/\">Read more &rarr;<\/a><\/p>\n","protected":false},"author":2,"featured_media":0,"comment_status":"open","ping_status":"open","sticky":false,"template":"","format":"standard","meta":{"footnotes":""},"categories":[1],"tags":[],"class_list":["post-2124","post","type-post","status-publish","format-standard","hentry","category-uncategorized"],"_links":{"self":[{"href":"https:\/\/www.mariaabrahamsson.nu\/index.php\/wp-json\/wp\/v2\/posts\/2124","targetHints":{"allow":["GET"]}}],"collection":[{"href":"https:\/\/www.mariaabrahamsson.nu\/index.php\/wp-json\/wp\/v2\/posts"}],"about":[{"href":"https:\/\/www.mariaabrahamsson.nu\/index.php\/wp-json\/wp\/v2\/types\/post"}],"author":[{"embeddable":true,"href":"https:\/\/www.mariaabrahamsson.nu\/index.php\/wp-json\/wp\/v2\/users\/2"}],"replies":[{"embeddable":true,"href":"https:\/\/www.mariaabrahamsson.nu\/index.php\/wp-json\/wp\/v2\/comments?post=2124"}],"version-history":[{"count":0,"href":"https:\/\/www.mariaabrahamsson.nu\/index.php\/wp-json\/wp\/v2\/posts\/2124\/revisions"}],"wp:attachment":[{"href":"https:\/\/www.mariaabrahamsson.nu\/index.php\/wp-json\/wp\/v2\/media?parent=2124"}],"wp:term":[{"taxonomy":"category","embeddable":true,"href":"https:\/\/www.mariaabrahamsson.nu\/index.php\/wp-json\/wp\/v2\/categories?post=2124"},{"taxonomy":"post_tag","embeddable":true,"href":"https:\/\/www.mariaabrahamsson.nu\/index.php\/wp-json\/wp\/v2\/tags?post=2124"}],"curies":[{"name":"wp","href":"https:\/\/api.w.org\/{rel}","templated":true}]}}