{"id":1865,"date":"2010-04-20T21:09:29","date_gmt":"2010-04-20T21:09:29","guid":{"rendered":"http:\/\/www.mariaabrahamsson.nu\/?p=1865"},"modified":"2010-04-20T21:12:40","modified_gmt":"2010-04-20T21:12:40","slug":"i-kvall-har-jag-undervisat-moderater-i-konsten-att","status":"publish","type":"post","link":"https:\/\/www.mariaabrahamsson.nu\/index.php\/2010\/04\/20\/i-kvall-har-jag-undervisat-moderater-i-konsten-att\/","title":{"rendered":"I kv\u00e4ll har jag undervisat moderater i konsten att&#8230;"},"content":{"rendered":"<p><strong>&#8230; skriva ins\u00e4ndare. <\/strong>Visst \u00e4r det synd att jag har slarvat med att blogga om alla mina partiaktiviteter. Det \u00e5ngrar jag djupt, eftersom det skulle ha gett er en fingervisning om hur ambiti\u00f6s &#8211; om jag f\u00e5r s\u00e4ga det sj\u00e4lv &#8211; jag har varit p\u00e5 den fronten.<\/p>\n<p>Nu g\u00f6r jag ett f\u00f6rs\u00f6k att ta igen skadan genom att ber\u00e4tta att jag i kv\u00e4ll har haft ett pass f\u00f6r M-kandidater och valarbetare i valkrets 1\u00a0om konsten att skriva ins\u00e4ndare.<\/p>\n<p><strong>N\u00e4r jag vid \u00a0halv\u00e5tta<\/strong> ansl\u00f6t till partistyrelserummet i Gamla stan, hade riksdagskvinnan och moderaternas milj\u00f6talesman <a href=\"http:\/\/arkelsten.blogspot.com\/\">Sofia Arkelsten<\/a> kommit till\u00a0<a href=\"http:\/\/figureskate2008hb.svt.se\/svt\/jsp\/Crosslink.jsp?showResults1793081=true&amp;a=871195&amp;d=22620\">bek\u00e4mpningen<\/a> av m\u00f6rdarsniglar. Nej, det inte moderaternas fel att det \u00f6dslas tid p\u00e5 den <a href=\"http:\/\/www.riksdagen.se\/Webbnav\/index.aspx?nid=410&amp;typ=mot&amp;rm=2007\/08&amp;bet=MJ321\">stridsfr\u00e5gan<\/a>. Sofia \u00e4r en lysande politiker, konstaterade jag. Och det \u00e4r hon av alldeles egen kraft, inte p\u00e5 grund av sin r\u00e4ttr\u00e5dige\u00a0<a href=\"http:\/\/www.dn.se\/nyheter\/valet2010\/provvalet-ifragasatts-inom-moderaterna-1.1080511\">pappa(?)<\/a><\/p>\n<p>Hur man skriver en bra ins\u00e4ndare?<\/p>\n<p><strong>Det \u00e4r en god b\u00f6rjan<\/strong> om man sj\u00e4lv <em>vet <\/em>vad man vill s\u00e4ga, och till <em>vem<\/em>. Vet man dessutom <em>varf\u00f6r<\/em> man vill s\u00e4ga det man s\u00e4ger \u00e4r det en stor f\u00f6rdel. Det l\u00e5ter sj\u00e4lvklart, men \u00e4r det inte.<\/p>\n<p>Sedan \u00e4r det alla tiders om skribenten ocks\u00e5 har ett personligt engagemang f\u00f6r \u00e4mnet som han eller hon skriver om. L\u00e5t allts\u00e5 gl\u00e4djen &#8211; eller f\u00f6r all del uppr\u00f6rdheten &#8211; lysa igenom i ton och ordval. \u00c4r m\u00e5let att n\u00e5 s\u00e5 m\u00e5nga l\u00e4sare som m\u00f6jligt, \u00e4r det dock klokt att inte anv\u00e4nda ett alltf\u00f6r grovt eller slafsigt spr\u00e5k! S\u00e5dant kan avskr\u00e4cka, ask me.<\/p>\n<p><strong>Vill man sedan<\/strong> lyckas med konststycket att opinionsbilda andra till att tycka och t\u00e4nka i banor som man sj\u00e4lv g\u00f6r, d\u00e5 kr\u00e4vs vanligtvis starka saksk\u00e4l kombinerat med ett tydligt och logiskt resonemang.\u00a0Och gl\u00f6m f\u00f6r guds skull inte att skriva \u00f6msom l\u00e5nga, \u00f6msom korta meningar, kryddat med en dos humor plus en l\u00e4slockande inledning. S\u00e5 underl\u00e4ttas l\u00e4sbarheten och l\u00e4sarnas\u00a0intresse och d\u00e4rmed ocks\u00e5 genomslagskraften i det politiska budskapet som skribenten f\u00f6r fram.<\/p>\n<p>Sa jag att det antecknades flitigt runt bordet?<\/p>\n<p><strong>S\u00e5 f\u00f6rfl\u00f6t <\/strong>\u00e4nnu en kv\u00e4ll i mitt nya liv som politiker &#8211; och det livet k\u00e4nns l\u00f6jligt viktigt och meningsfullt!<\/p>\n<p><object classid=\"clsid:d27cdb6e-ae6d-11cf-96b8-444553540000\" width=\"660\" height=\"405\" codebase=\"http:\/\/download.macromedia.com\/pub\/shockwave\/cabs\/flash\/swflash.cab#version=6,0,40,0\"><param name=\"allowFullScreen\" value=\"true\" \/><param name=\"allowscriptaccess\" value=\"always\" \/><param name=\"src\" value=\"http:\/\/www.youtube.com\/v\/xMnYFEbZN9g&amp;hl=sv_SE&amp;fs=1&amp;color1=0x006699&amp;color2=0x54abd6&amp;border=1\" \/><param name=\"allowfullscreen\" value=\"true\" \/><embed type=\"application\/x-shockwave-flash\" width=\"660\" height=\"405\" src=\"http:\/\/www.youtube.com\/v\/xMnYFEbZN9g&amp;hl=sv_SE&amp;fs=1&amp;color1=0x006699&amp;color2=0x54abd6&amp;border=1\" allowscriptaccess=\"always\" allowfullscreen=\"true\"><\/embed><\/object><\/p>\n<p><strong>Jo, demokrati \u00e4r<\/strong> viktigt och meningsfullt.<\/p>\n","protected":false},"excerpt":{"rendered":"<p>&#8230; skriva ins\u00e4ndare. Visst \u00e4r det synd att jag har slarvat med att blogga om alla mina partiaktiviteter. Det \u00e5ngrar jag djupt, eftersom det skulle ha gett er en fingervisning om hur ambiti\u00f6s &#8211; om jag f\u00e5r s\u00e4ga det sj\u00e4lv &#8211; jag har varit p\u00e5 den fronten. Nu g\u00f6r jag ett f\u00f6rs\u00f6k att ta igen&hellip;<\/p>\n<p class=\"more-link-p\"><a class=\"more-link\" href=\"https:\/\/www.mariaabrahamsson.nu\/index.php\/2010\/04\/20\/i-kvall-har-jag-undervisat-moderater-i-konsten-att\/\">Read more &rarr;<\/a><\/p>\n","protected":false},"author":2,"featured_media":0,"comment_status":"open","ping_status":"open","sticky":false,"template":"","format":"standard","meta":{"footnotes":""},"categories":[1],"tags":[],"class_list":["post-1865","post","type-post","status-publish","format-standard","hentry","category-uncategorized"],"_links":{"self":[{"href":"https:\/\/www.mariaabrahamsson.nu\/index.php\/wp-json\/wp\/v2\/posts\/1865","targetHints":{"allow":["GET"]}}],"collection":[{"href":"https:\/\/www.mariaabrahamsson.nu\/index.php\/wp-json\/wp\/v2\/posts"}],"about":[{"href":"https:\/\/www.mariaabrahamsson.nu\/index.php\/wp-json\/wp\/v2\/types\/post"}],"author":[{"embeddable":true,"href":"https:\/\/www.mariaabrahamsson.nu\/index.php\/wp-json\/wp\/v2\/users\/2"}],"replies":[{"embeddable":true,"href":"https:\/\/www.mariaabrahamsson.nu\/index.php\/wp-json\/wp\/v2\/comments?post=1865"}],"version-history":[{"count":0,"href":"https:\/\/www.mariaabrahamsson.nu\/index.php\/wp-json\/wp\/v2\/posts\/1865\/revisions"}],"wp:attachment":[{"href":"https:\/\/www.mariaabrahamsson.nu\/index.php\/wp-json\/wp\/v2\/media?parent=1865"}],"wp:term":[{"taxonomy":"category","embeddable":true,"href":"https:\/\/www.mariaabrahamsson.nu\/index.php\/wp-json\/wp\/v2\/categories?post=1865"},{"taxonomy":"post_tag","embeddable":true,"href":"https:\/\/www.mariaabrahamsson.nu\/index.php\/wp-json\/wp\/v2\/tags?post=1865"}],"curies":[{"name":"wp","href":"https:\/\/api.w.org\/{rel}","templated":true}]}}