{"id":1733,"date":"2010-04-10T22:02:42","date_gmt":"2010-04-10T22:02:42","guid":{"rendered":"http:\/\/www.mariaabrahamsson.nu\/?p=1733"},"modified":"2010-04-10T22:34:10","modified_gmt":"2010-04-10T22:34:10","slug":"nu-ocksa-forbundsstammotalare","status":"publish","type":"post","link":"https:\/\/www.mariaabrahamsson.nu\/index.php\/2010\/04\/10\/nu-ocksa-forbundsstammotalare\/","title":{"rendered":"Nu ocks\u00e5 f\u00f6rbundsst\u00e4mmotalare"},"content":{"rendered":"<p><strong>Efter n\u00e5gra timmars<\/strong> flanerande, inklusive en \u00f6l p\u00e5 krogen i s\u00e4llskap med Torbj\u00f6rn Nilssons <a href=\"http:\/\/www.svanteweylerbokforlag.se\/De%20omanskliga.html\">De om\u00e4nskliga<\/a> satt jag p\u00e5 t\u00e5get p\u00e5 v\u00e4g hem fr\u00e5n V\u00e4xj\u00f6. Ambitionen var f\u00f6rst\u00e5s att f\u00e5 i v\u00e4g den h\u00e4r bloggposten under t\u00e5gresan men illam\u00e5endet tog \u00f6ver, X 2000 \u00e4r en riktig sj\u00f6sjukemaskin.<\/p>\n<p>Dagens bes\u00f6k \u00a0i V\u00e4xj\u00f6 har sin f\u00f6rklaring i att jag vid lunchtid debuterade som <a href=\"http:\/\/www.facebook.com\/photo.php?pid=4018447&amp;op=1&amp;view=all&amp;subj=712594934&amp;id=550373650\">st\u00e4mmotalare<\/a> p\u00e5\u00a0inbjudan av partikamraterna i\u00a0Kronobergs l\u00e4n som denna l\u00f6rdag h\u00f6ll f\u00f6rbundsst\u00e4mma i<a href=\"http:\/\/www.vaxjo.se\/VaxjoTemplates\/Public\/Pages\/Page.aspx?id=31840\"> Utvandrarnas hus<\/a>. Valplattformar spikas \u00e4ven p\u00e5 lokal niv\u00e5.<\/p>\n<p><strong>Som jag f\u00f6rklarade<\/strong> f\u00f6r <a href=\"http:\/\/svtplay.se\/t\/102534\/aktuellt\">Lennart Persson<\/a> n\u00e4r vi i morse klockan 08.00 osannolikt st\u00f6tte ihop p\u00e5 centralen i Stockholm, var jag smickrad \u00f6ver att f\u00e5 tala p\u00e5 en f\u00f6rbundsst\u00e4mma. L\u00e5t vara att jag i den arla morgonstunden inte f\u00f6rstod uppdragets storhet. Men det g\u00f6r jag nu.\u00a0F\u00f6r det \u00e4r en m\u00e4ktig k\u00e4nsla att ha 60-70 fullblodspolitiker sittandes framf\u00f6r sig som lyssnar djupt koncentrerat p\u00e5 det man s\u00e4ger.<\/p>\n<p>Och vad s\u00e4ger man d\u00e5?\u00a0\u00d6nskem\u00e5let bland partim\u00e4nniskor som \u00e4nnu inte k\u00e4nner mig annat \u00e4n genom tidningsspalterna och tv \u00e4r att jag i s\u00e5dana h\u00e4r sammanhang ska ber\u00e4tta om vem jag \u00e4r, om min bakgrund, f\u00f6rklara varf\u00f6r jag slutade p\u00e5 SvD och redog\u00f6ra f\u00f6r vad jag egentligen vill och tror mig kunna utr\u00e4tta i politiken. Detta talade jag ocks\u00e5 om denna dag.<\/p>\n<p><strong>D\u00e4rut\u00f6ver kryddade jag<\/strong> med mina k\u00e4pph\u00e4star om behovet en borgerlig j\u00e4mst\u00e4lldhetspolitik utan socialistiska f\u00f6rtecken och n\u00f6dv\u00e4ndigheten av en effektivare polisorganisation. Det vill s\u00e4ga en nyordning d\u00e4r dagens 21 revirstridande l\u00e4nspolismyndigheter \u00e4r nerkokade till en samlad, som \u00e4r underst\u00e4lld en stark rikspolisledning, kompletterad med en lokal kommunal polis i kommuner som s\u00e5 vill, plus en sylvass spjutspets i form av 200-300 specialutbildade poliser, analytiker och vad annat som beh\u00f6vs f\u00f6r att svensk polisk\u00e5r ska ligga steget f\u00f6re den grova organiserad brottsligheten med internationella f\u00f6rgreningar som redan har satt klorna i den svenska samh\u00e4llskroppen.<\/p>\n<p><strong>S\u00e5 sk\u00f6nt<\/strong> att f\u00e5 detta sagt!<\/p>\n<p>Men inte nog med det. I dag gick jag ocks\u00e5 i n\u00e4rkamp med dem som menar att jag inte var lojal med partiet n\u00e4r jag h\u00e4rom veckan <a href=\"http:\/\/www.mariaabrahamsson.nu\/index.php\/2010\/03\/28\/asks-bludder-fortjanar-mer-an-en-axelryckning\/\">kritiserade<\/a> justitieministern f\u00f6r hennes uttalande om att misst\u00e4nkta men \u00e4nnu inte d\u00f6mda sexk\u00f6pare borde h\u00e4ngas ut och vanhedras med hj\u00e4lp av f\u00e4rgglada delgivningskuvert. Det dr\u00f6jde sex dygn innan justitieministern tog tillbaka sitt uttalande, och jag menar att det var sex dagar f\u00f6r sent.<\/p>\n<p><a href=\"http:\/\/www.svd.se\/opinion\/brannpunkt\/frifrasare-hotar-alliansen_4543719.svd\">Den som i princip tycker<\/a> att lojaliteten med partiet &#8211; eller regeringen &#8211; \u00e4r det viktigaste av allt f\u00f6r en riksdagsledamot, den personen har inte mycket att h\u00e4mta hos mig. F\u00f6r mig \u00e4r lojalitet inte detsamma som att sitta tyst som en mus n\u00e4r partiledningen eller ett enskilt statsr\u00e5d g\u00f6r sig skyldig till uppenbara misstag.<\/p>\n<p><strong>Dag Hammarskj\u00f6ld,<\/strong><\/p>\n<p><object classid=\"clsid:d27cdb6e-ae6d-11cf-96b8-444553540000\" width=\"500\" height=\"405\" codebase=\"http:\/\/download.macromedia.com\/pub\/shockwave\/cabs\/flash\/swflash.cab#version=6,0,40,0\"><param name=\"allowFullScreen\" value=\"true\" \/><param name=\"allowscriptaccess\" value=\"always\" \/><param name=\"src\" value=\"http:\/\/www.youtube.com\/v\/yG0LrYFLt4Q&amp;hl=sv_SE&amp;fs=1&amp;color1=0xcc2550&amp;color2=0xe87a9f&amp;border=1\" \/><param name=\"allowfullscreen\" value=\"true\" \/><embed type=\"application\/x-shockwave-flash\" width=\"500\" height=\"405\" src=\"http:\/\/www.youtube.com\/v\/yG0LrYFLt4Q&amp;hl=sv_SE&amp;fs=1&amp;color1=0xcc2550&amp;color2=0xe87a9f&amp;border=1\" allowscriptaccess=\"always\" allowfullscreen=\"true\"><\/embed><\/object><\/p>\n<p>som jag annars kan ha sv\u00e5rt f\u00f6r p\u00e5 grund av hans \u00fcbermensch-attityd, sa en\u00a0klok sak i ett tal som FNs generalsekreterare. Fritt \u00f6versatt:<\/p>\n<p><em>\u201dDen som f\u00f6r att skydda sig sj\u00e4lv tiger med det han inser \u00e4r fel visar ingen sann lojalitet mot sin uppdragsgivare. Verkligt lojal \u00e4r i st\u00e4llet den som har kommit till insikt om att n\u00e5got \u00e4r p\u00e5 tok och frimodigt ger uttryck f\u00f6r sin kritik.<\/em><strong><em>&#8221;<\/em><\/strong><\/p>\n<p><strong>Dessa ord beskriver<\/strong> v\u00e4l hur jag ser p\u00e5 min roll som politiker gentemot v\u00e4ljarna och det moderata partiet. Men i de allra, allra flest fall l\u00e4r jag inte ha n\u00e5gra problem att h\u00e5lla mig till partilinjen. Det \u00e4r n\u00e4r ett avvikande fall dyker upp som jag inte kommer att tveka om att ge uttryck f\u00f6r min kritik.<\/p>\n<p>Det k\u00e4nns tryggt att ha ett s\u00e5 fast grepp om ledst\u00e5ngen.<\/p>\n<div><span style=\"font-family: Arial, 'Times New Roman', 'Bitstream Charter', Times, serif;\"><br \/>\n<\/span><\/div>\n","protected":false},"excerpt":{"rendered":"<p>Efter n\u00e5gra timmars flanerande, inklusive en \u00f6l p\u00e5 krogen i s\u00e4llskap med Torbj\u00f6rn Nilssons De om\u00e4nskliga satt jag p\u00e5 t\u00e5get p\u00e5 v\u00e4g hem fr\u00e5n V\u00e4xj\u00f6. Ambitionen var f\u00f6rst\u00e5s att f\u00e5 i v\u00e4g den h\u00e4r bloggposten under t\u00e5gresan men illam\u00e5endet tog \u00f6ver, X 2000 \u00e4r en riktig sj\u00f6sjukemaskin. Dagens bes\u00f6k \u00a0i V\u00e4xj\u00f6 har sin f\u00f6rklaring i&hellip;<\/p>\n<p class=\"more-link-p\"><a class=\"more-link\" href=\"https:\/\/www.mariaabrahamsson.nu\/index.php\/2010\/04\/10\/nu-ocksa-forbundsstammotalare\/\">Read more &rarr;<\/a><\/p>\n","protected":false},"author":2,"featured_media":0,"comment_status":"open","ping_status":"open","sticky":false,"template":"","format":"standard","meta":{"footnotes":""},"categories":[1],"tags":[],"class_list":["post-1733","post","type-post","status-publish","format-standard","hentry","category-uncategorized"],"_links":{"self":[{"href":"https:\/\/www.mariaabrahamsson.nu\/index.php\/wp-json\/wp\/v2\/posts\/1733","targetHints":{"allow":["GET"]}}],"collection":[{"href":"https:\/\/www.mariaabrahamsson.nu\/index.php\/wp-json\/wp\/v2\/posts"}],"about":[{"href":"https:\/\/www.mariaabrahamsson.nu\/index.php\/wp-json\/wp\/v2\/types\/post"}],"author":[{"embeddable":true,"href":"https:\/\/www.mariaabrahamsson.nu\/index.php\/wp-json\/wp\/v2\/users\/2"}],"replies":[{"embeddable":true,"href":"https:\/\/www.mariaabrahamsson.nu\/index.php\/wp-json\/wp\/v2\/comments?post=1733"}],"version-history":[{"count":0,"href":"https:\/\/www.mariaabrahamsson.nu\/index.php\/wp-json\/wp\/v2\/posts\/1733\/revisions"}],"wp:attachment":[{"href":"https:\/\/www.mariaabrahamsson.nu\/index.php\/wp-json\/wp\/v2\/media?parent=1733"}],"wp:term":[{"taxonomy":"category","embeddable":true,"href":"https:\/\/www.mariaabrahamsson.nu\/index.php\/wp-json\/wp\/v2\/categories?post=1733"},{"taxonomy":"post_tag","embeddable":true,"href":"https:\/\/www.mariaabrahamsson.nu\/index.php\/wp-json\/wp\/v2\/tags?post=1733"}],"curies":[{"name":"wp","href":"https:\/\/api.w.org\/{rel}","templated":true}]}}