{"id":172,"date":"2009-10-11T19:42:28","date_gmt":"2009-10-11T17:42:28","guid":{"rendered":"http:\/\/www.mariaabrahamsson.nu\/?p=172"},"modified":"2020-11-01T18:28:08","modified_gmt":"2020-11-01T17:28:08","slug":"bodstrom-i-kvall-har-du-mitt-stod","status":"publish","type":"post","link":"https:\/\/www.mariaabrahamsson.nu\/index.php\/2009\/10\/11\/bodstrom-i-kvall-har-du-mitt-stod\/","title":{"rendered":"Bodstr\u00f6m, i kv\u00e4ll har du mitt st\u00f6d!"},"content":{"rendered":"<p><strong>SVT:s Agenda hakade<\/strong> i kv\u00e4ll nerv\u00f6st p\u00e5 TV4:s Kalla Fakta och utm\u00e5lade med n\u00e5gon timmes f\u00f6rdr\u00f6jning socialdemokraten Thomas Bodstr\u00f6m som m\u00e4stare i det politiska fifflandets konst.<\/p>\n<p>Ledsen, men det greppet s\u00e4ger mer om SVT:s problem \u00e4n om Bodstr\u00f6ms. F\u00f6r \u00e4ven om det kan svartm\u00e5las som bestickande att Bodstr\u00f6m kvittar ut sig fr\u00e5n voteringar i riksdagen f\u00f6r att tj\u00e4nstg\u00f6ra som advokat, s\u00e5 kan jag inte tycka annat \u00e4n att det vore h\u00f6gst \u00f6nskv\u00e4rt om fler av parlamentets 349 folkvalda hade professionell koppling till verklighetens folk. Det vill s\u00e4ga precis det som Thomas Bodstr\u00f6m de facto har.<\/p>\n<p><strong>Att Bodstr\u00f6m sedan<\/strong> ocks\u00e5 skriver en och annan deckare \u00e4r f\u00f6r v\u00e4l \u00e4nd\u00e5 inget han ska anklagas f\u00f6r?<\/p>\n","protected":false},"excerpt":{"rendered":"<p>SVT:s Agenda hakade i kv\u00e4ll nerv\u00f6st p\u00e5 TV4:s Kalla Fakta och utm\u00e5lade med n\u00e5gon timmes f\u00f6rdr\u00f6jning socialdemokraten Thomas Bodstr\u00f6m som m\u00e4stare i det politiska fifflandets konst. Ledsen, men det greppet s\u00e4ger mer om SVT:s problem \u00e4n om Bodstr\u00f6ms. F\u00f6r \u00e4ven om det kan svartm\u00e5las som bestickande att Bodstr\u00f6m kvittar ut sig fr\u00e5n voteringar i riksdagen&hellip;<\/p>\n<p class=\"more-link-p\"><a class=\"more-link\" href=\"https:\/\/www.mariaabrahamsson.nu\/index.php\/2009\/10\/11\/bodstrom-i-kvall-har-du-mitt-stod\/\">Read more &rarr;<\/a><\/p>\n","protected":false},"author":2,"featured_media":0,"comment_status":"closed","ping_status":"open","sticky":false,"template":"","format":"standard","meta":{"footnotes":""},"categories":[1],"tags":[264],"class_list":["post-172","post","type-post","status-publish","format-standard","hentry","category-uncategorized","tag-politikerlivet"],"_links":{"self":[{"href":"https:\/\/www.mariaabrahamsson.nu\/index.php\/wp-json\/wp\/v2\/posts\/172","targetHints":{"allow":["GET"]}}],"collection":[{"href":"https:\/\/www.mariaabrahamsson.nu\/index.php\/wp-json\/wp\/v2\/posts"}],"about":[{"href":"https:\/\/www.mariaabrahamsson.nu\/index.php\/wp-json\/wp\/v2\/types\/post"}],"author":[{"embeddable":true,"href":"https:\/\/www.mariaabrahamsson.nu\/index.php\/wp-json\/wp\/v2\/users\/2"}],"replies":[{"embeddable":true,"href":"https:\/\/www.mariaabrahamsson.nu\/index.php\/wp-json\/wp\/v2\/comments?post=172"}],"version-history":[{"count":1,"href":"https:\/\/www.mariaabrahamsson.nu\/index.php\/wp-json\/wp\/v2\/posts\/172\/revisions"}],"predecessor-version":[{"id":13523,"href":"https:\/\/www.mariaabrahamsson.nu\/index.php\/wp-json\/wp\/v2\/posts\/172\/revisions\/13523"}],"wp:attachment":[{"href":"https:\/\/www.mariaabrahamsson.nu\/index.php\/wp-json\/wp\/v2\/media?parent=172"}],"wp:term":[{"taxonomy":"category","embeddable":true,"href":"https:\/\/www.mariaabrahamsson.nu\/index.php\/wp-json\/wp\/v2\/categories?post=172"},{"taxonomy":"post_tag","embeddable":true,"href":"https:\/\/www.mariaabrahamsson.nu\/index.php\/wp-json\/wp\/v2\/tags?post=172"}],"curies":[{"name":"wp","href":"https:\/\/api.w.org\/{rel}","templated":true}]}}