{"id":1697,"date":"2010-04-07T12:07:54","date_gmt":"2010-04-07T12:07:54","guid":{"rendered":"http:\/\/www.mariaabrahamsson.nu\/?p=1697"},"modified":"2010-04-07T13:14:50","modified_gmt":"2010-04-07T13:14:50","slug":"aven-skanska-tradgardsanlaggare-har-ratt-att-slippa","status":"publish","type":"post","link":"https:\/\/www.mariaabrahamsson.nu\/index.php\/2010\/04\/07\/aven-skanska-tradgardsanlaggare-har-ratt-att-slippa\/","title":{"rendered":"\u00c4ven sk\u00e5nska tr\u00e4dg\u00e5rdsanl\u00e4ggare har r\u00e4tt att slippa"},"content":{"rendered":"<p><a href=\"http:\/\/www.centrumforrattvisa.se\/\">Centrum f\u00f6r r\u00e4ttvisa<\/a> har gjort det igen, det vill s\u00e4ga: <a href=\"http:\/\/www.expressen.se\/debatt\/1.1943599\/ge-oss-vara-pengar-tillbaka-kommunal.\">Satt tummen p\u00e5 en kr\u00e4nkning<\/a> av de grundl\u00e4ggande m\u00e4nskliga fri- och r\u00e4ttigheterna och l\u00e4mnat in st\u00e4mningsans\u00f6kningar till domstol.<\/p>\n<p><strong>Jag citerar: <\/strong>&#8221;I dag l\u00e4mnar sex tr\u00e4dg\u00e5rdsanl\u00e4ggare i Sk\u00e5ne in\u00a0st\u00e4mningsans\u00f6kningar till Skogs- och Lantarbetsgivaref\u00f6rbundet, SLA, och\u00a0Svenska Kommunalarbetaref\u00f6rbundet, Kommunal. Tr\u00e4dg\u00e5rdsanl\u00e4ggarna har under\u00a0m\u00e5nga \u00e5r tvingats betala 1,5 procent av l\u00f6nen &#8211; cirka 400 kronor i m\u00e5naden\u00a0&#8211; i s\u00e5 kallade granskningsavgifter till Kommunal. Detta trots att de har valt att inte vara med i facket. Nu beg\u00e4r de pengarna tillbaka av\u00a0Kommunal. Det handlar om vardera 8 000 till 18 000 kronor. Dessutom kr\u00e4ver\u00a0tr\u00e4dg\u00e5rdsanl\u00e4ggarna ideellt skadest\u00e5nd om vardera 50 000 kronor av\u00a0Kommunal och SLA gemensamt.&#8221;<\/p>\n<p>Denna g\u00e5ng g\u00e4ller kr\u00e4nkningen allts\u00e5 f\u00f6reningsfriheten. En frihet som ger\u00a0medborgarna r\u00e4tt att bilda och vara medlem i en f\u00f6rening, vad som med\u00a0juridisk terminologi g\u00e5r under namnet positiv f\u00f6reningsfrihet. Den\u00a0r\u00e4ttigheten skyddas b\u00e5de i den svenska grundlagen och i Europakonventionen\u00a0om de grundl\u00e4ggande m\u00e4nskliga fri- och r\u00e4ttigheterna, som sedan 1995\u00a0g\u00e4ller \u00e4ven som svensk lag.<\/p>\n<p><strong>Men f\u00f6reningsfriheten <\/strong>inneb\u00e4r ocks\u00e5 en r\u00e4ttighet att slippa tillh\u00f6ra en f\u00f6rening. Denna s\u00e5 kallade negativa f\u00f6reningsfrihet betyder att ingen, inte heller sk\u00e5nska tr\u00e4dg\u00e5rdsanl\u00e4ggare, kan tvingas att betala\u00a0medlemsavgift till exempelvis en (fack)f\u00f6rening vars v\u00e4rderingar man inte\u00a0delar. N\u00e5got som f\u00f6rvisso kan upplevas nog s\u00e5 positivt!<\/p>\n<p>Men r\u00e4tten\u00a0att st\u00e5 utanf\u00f6r skyddas INTE i svensk grundlag. Alliansregeringen har &#8211; fegt nog &#8211; \u00a0inte velat ta i fr\u00e5gan under mandatperioden, och problemet n\u00e4mns inte i\u00a0<a href=\"http:\/\/www.regeringen.se\/sb\/d\/108\/a\/137077\">prop 2009\/10:80 <\/a><em>En reformerad grundlag<\/em>, som \u00f6verl\u00e4mnades till riksdagen i december f\u00f6rra \u00e5ret.<\/p>\n<p><strong>F\u00f6r regeringen tycks <\/strong>det allts\u00e5 vara viktigare att h\u00e5lla facket p\u00e5 gott hum\u00f6r \u00e4n att ge ett konstitutionellt skydd \u00e5t medborgarnas grundl\u00e4ggande friheter. Den svenska\u00a0korporativismen i ett n\u00f6tskal, skulle jag s\u00e4ga.<\/p>\n<p>S\u00e5 grov i mun \u00e4r nu inte Centrum f\u00f6r r\u00e4ttvisa. D\u00e4remot insk\u00e4rper den\u00a0oberoende organisationens frontfigurer Gunnar Str\u00f6mmer och Clarence\u00a0Crafoord att det ocks\u00e5 finns en annan principfr\u00e5ga i fallet med de\u00a0kr\u00e4nkta tr\u00e4dg\u00e5rdsanl\u00e4ggarna och den principen tar sikte p\u00e5 den viktiga ansvarsfr\u00e5gan:<\/p>\n<p>&#8221;Redan 1998 sade Arbetsdomstolen att Europakonventionen kan ge ett skydd\u00a0mot privata parter p\u00e5 arbetsmarknaden, inte bara mot staten. Och\u00a0Europadomstolen har i flera domar betonat att fack och arbetsgivare i en\u00a0modell som den svenska m\u00e5ste ta ansvar f\u00f6r sina egna \u00f6vertramp.&#8221;<\/p>\n<p><strong>I mina \u00f6ron l\u00e5ter<\/strong> det som en sj\u00e4lvklarhet. Dessutom tror jag att det finns sk\u00e4l att hoppas att regeringen blir n\u00e5got mindre eftergiven mot sosse- och LO-etablissemanget om v\u00e4ljarna i h\u00f6stens val ger den f\u00f6rtroendet i fyra \u00e5r till.<\/p>\n<div><span style=\"font-family: 'Times New Roman', 'Times New Roman', 'Bitstream Charter', Times, serif; font-size: small;\"><br \/>\n<\/span><\/div>\n","protected":false},"excerpt":{"rendered":"<p>Centrum f\u00f6r r\u00e4ttvisa har gjort det igen, det vill s\u00e4ga: Satt tummen p\u00e5 en kr\u00e4nkning av de grundl\u00e4ggande m\u00e4nskliga fri- och r\u00e4ttigheterna och l\u00e4mnat in st\u00e4mningsans\u00f6kningar till domstol. Jag citerar: &#8221;I dag l\u00e4mnar sex tr\u00e4dg\u00e5rdsanl\u00e4ggare i Sk\u00e5ne in\u00a0st\u00e4mningsans\u00f6kningar till Skogs- och Lantarbetsgivaref\u00f6rbundet, SLA, och\u00a0Svenska Kommunalarbetaref\u00f6rbundet, Kommunal. Tr\u00e4dg\u00e5rdsanl\u00e4ggarna har under\u00a0m\u00e5nga \u00e5r tvingats betala 1,5 procent av&hellip;<\/p>\n<p class=\"more-link-p\"><a class=\"more-link\" href=\"https:\/\/www.mariaabrahamsson.nu\/index.php\/2010\/04\/07\/aven-skanska-tradgardsanlaggare-har-ratt-att-slippa\/\">Read more &rarr;<\/a><\/p>\n","protected":false},"author":2,"featured_media":0,"comment_status":"open","ping_status":"open","sticky":false,"template":"","format":"standard","meta":{"footnotes":""},"categories":[1],"tags":[],"class_list":["post-1697","post","type-post","status-publish","format-standard","hentry","category-uncategorized"],"_links":{"self":[{"href":"https:\/\/www.mariaabrahamsson.nu\/index.php\/wp-json\/wp\/v2\/posts\/1697","targetHints":{"allow":["GET"]}}],"collection":[{"href":"https:\/\/www.mariaabrahamsson.nu\/index.php\/wp-json\/wp\/v2\/posts"}],"about":[{"href":"https:\/\/www.mariaabrahamsson.nu\/index.php\/wp-json\/wp\/v2\/types\/post"}],"author":[{"embeddable":true,"href":"https:\/\/www.mariaabrahamsson.nu\/index.php\/wp-json\/wp\/v2\/users\/2"}],"replies":[{"embeddable":true,"href":"https:\/\/www.mariaabrahamsson.nu\/index.php\/wp-json\/wp\/v2\/comments?post=1697"}],"version-history":[{"count":0,"href":"https:\/\/www.mariaabrahamsson.nu\/index.php\/wp-json\/wp\/v2\/posts\/1697\/revisions"}],"wp:attachment":[{"href":"https:\/\/www.mariaabrahamsson.nu\/index.php\/wp-json\/wp\/v2\/media?parent=1697"}],"wp:term":[{"taxonomy":"category","embeddable":true,"href":"https:\/\/www.mariaabrahamsson.nu\/index.php\/wp-json\/wp\/v2\/categories?post=1697"},{"taxonomy":"post_tag","embeddable":true,"href":"https:\/\/www.mariaabrahamsson.nu\/index.php\/wp-json\/wp\/v2\/tags?post=1697"}],"curies":[{"name":"wp","href":"https:\/\/api.w.org\/{rel}","templated":true}]}}