{"id":1688,"date":"2010-04-06T18:03:11","date_gmt":"2010-04-06T18:03:11","guid":{"rendered":"http:\/\/www.mariaabrahamsson.nu\/?p=1688"},"modified":"2010-04-07T12:33:08","modified_gmt":"2010-04-07T12:33:08","slug":"rattsstatens-regler-galler-aven-i-landskrona-och-vaxjo","status":"publish","type":"post","link":"https:\/\/www.mariaabrahamsson.nu\/index.php\/2010\/04\/06\/rattsstatens-regler-galler-aven-i-landskrona-och-vaxjo\/","title":{"rendered":"R\u00e4ttsstatens regler g\u00e4ller \u00e4ven Landskrona och V\u00e4xj\u00f6"},"content":{"rendered":"<p><strong>I m\u00e5ndags bes\u00f6kte<\/strong> Expressens sj\u00e4lvutn\u00e4mnda r\u00e4tteg\u00e5ngsexpert Britta Svensson\u00a0manifestationen mot v\u00e5ld i Landskrona. I dagens tidning v\u00e4lsignar hon\u00a0l\u00e4sarna med sina intryck. Svensson skriver: &#8221;Ensammast p\u00e5 jorden m\u00e5ste\u00a0vara den unge man som i dag beg\u00e4rs h\u00e4ktad i Lunds tingsr\u00e4tt f\u00f6r mord p\u00e5\u00a0Inger.&#8221;<\/p>\n<p>I f\u00f6rmiddags h\u00e4ktade s\u00e5 Lunds tingsr\u00e4tt den unge mannen p\u00e5 sannolika\u00a0sk\u00e4l misst\u00e4nkt\u00a0f\u00f6r grov misshandel och grovt v\u00e5llande till annans d\u00f6d, samt f\u00f6r\u00a0misshandel av den 78-\u00e5riga kvinnans make. De b\u00e5da makarna skulle ha firat\u00a0guldbr\u00f6llop senare i \u00e5r, nu v\u00e4ntar i st\u00e4llet begravningsbestyr f\u00f6r den\u00a0\u00f6verlevande med familj.<\/p>\n<p><strong>Det \u00e4r alldeles naturligt<\/strong> att folk uppr\u00f6rs \u00f6ver d\u00f6dligt och till synes\u00a0meningsl\u00f6st v\u00e5ld. Det \u00e4r bra att m\u00e4nniskor i Landskrona och p\u00e5 andra orter\u00a0manifesterar mot v\u00e5ldet. Men lika viktigt \u00e4r det att h\u00e5lla fast vid en av\u00a0r\u00e4ttsstatens heligaste principer, n\u00e4mligen att ingen ska betraktas som skyldig\u00a0f\u00f6rr\u00e4n domstolen har sagt sitt. S\u00e4rskilt g\u00e4ller det n\u00e4r, som i detta\u00a0fallet, den misst\u00e4nkte nekar till brottet. D\u00e4rf\u00f6r \u00e4r det djupt bedr\u00f6vligt att\u00a0den misst\u00e4nktes identitet redan har avsl\u00f6jats n\u00e4tet.<\/p>\n<p>Fram tills att \u00e5tal ska vara v\u00e4ckt den 20 april rullar brottsutredningen\u00a0p\u00e5. Innan dess finns det ingen anledning att spekulera ytterligare i vare sig skuldfr\u00e5gan, vem som k\u00e4nner sig mest ensammast i v\u00e4rlden eller den misst\u00e4nktes psykiska status. L\u00e5t\u00a0mig i det v\u00e4ntel\u00e4ge som nu har uppst\u00e5tt \u00e4nd\u00e5 beskriva ett sj\u00e4lvupplevt fall d\u00e4r ett\u00a0simpelt gruff l\u00e4tt hade kunnat utvecklats till n\u00e5got betydligt\u00a0allvarligare.<\/p>\n<p><strong>En vintermorgon<\/strong> f\u00f6r n\u00e5gra \u00e5r sedan var jag p\u00e5 v\u00e4g\u00a0till jobbet. Jag pulsar Br\u00e4nnkyrkagatan fram. I brist p\u00e5 skottade\u00a0trottoarer g\u00e5r jag mitt i v\u00e4gen. Det g\u00f6r ocks\u00e5 mannen framf\u00f6r mig. Kruxet \u00e4r\u00a0bara att bilen som k\u00f6r mellan oss vill f\u00f6rbi och tutar. Men i st\u00e4llet f\u00f6r\u00a0att mannen framf\u00f6r tar ett steg \u00e5t sidan upp i sn\u00f6drivan, ryter han ilsket\u00a0och dunkar obeh\u00e4rskat sin portf\u00f6lj i motorhuven. Med f\u00f6ljden att den tydligen lika morgonsura bilisten sliter upp\u00a0d\u00f6rren, hoppar ur bilen, br\u00f6star sig och hytter med n\u00e4ven. Sj\u00e4lv s\u00e5g jag\u00a0ut som en f\u00e5gelholk i ansiktet. F\u00f6r t\u00e4nk s\u00e5 snabbt och of\u00f6rmodat en situation kan \u00f6verg\u00e5 till\u00a0att bli verkligt hotfull.<\/p>\n<p>I Landskronafallet ska den misst\u00e4nkte efter misshandeln ha smitit fr\u00e5n platsen. Det gjorde inte mannen som 2003 k\u00f6rde bil rakt in bland\u00a0flan\u00f6rerna p\u00e5\u00a0V\u00e4sterl\u00e5nggatan i Gamla stan i Stockholm, allt med den katastrofala f\u00f6ljden att en kvinna dog. N\u00e4r polisen\u00a0grep mannen vid bilen gjorde han inga som helst f\u00f6rs\u00f6k att smita utan urs\u00e4ktade sig med att n\u00e5gon med fj\u00e4rrkontroll hade styrt hans bil.<\/p>\n<p><strong>En s\u00e5\u00a0uppenbart<\/strong> galen g\u00e4rningsman \u00e4r naturligtvis inte fullt ansvarig f\u00f6r sina\u00a0handlingar, vilket ingalunda b\u00f6r hindra att han frihetsber\u00f6vas under\u00a0l\u00e5ng tid till skydd f\u00f6r sig sj\u00e4lv och andra. P\u00e5 denna punkt l\u00e4mnar dagens\u00a0lagstiftning fortfarande en del \u00f6vrigt att \u00f6nska. Alltj\u00e4mt intr\u00e4ffar att psykiskt sjuka m\u00f6rdare och pedofiler efter kort tids tv\u00e5ngsv\u00e5rd skrivs ut och\u00a0beg\u00e5r nya v\u00e5ldsbrott igen.<\/p>\n<p>P\u00e5 en buss i V\u00e4xj\u00f6 skr\u00e4mde exempelvis h\u00e4romdagen en kvinna sina medpassagerare genom att\u00a0vifta med en blodig kniv och ber\u00e4tta att hon\u00a0just hade d\u00f6dat tv\u00e5 m\u00e4n. I dag h\u00e4ktades hon sk\u00e4ligen misst\u00e4nkt f\u00f6r morden.\u00a0Jo, kvinnan har <a href=\"http:\/\/sverigesradio.se\/cgi-bin\/ekot\/artikel.asp?Artikel=3607478\">tidigare tv\u00e5ngsv\u00e5rdats <\/a>f\u00f6r psykiska\u00a0besv\u00e4r.<\/p>\n<p><strong>Hur det gick p\u00e5<\/strong> Br\u00e4nnkyrkagatan? M\u00e4nnen lugnade som tur var ned sig.\u00a0Annars vet ingen hur det intermezzot hade slutat. F\u00f6rutom att jag hade\u00a0tvingats st\u00e4lla upp som vittne i r\u00e4tten.<\/p>\n","protected":false},"excerpt":{"rendered":"<p>I m\u00e5ndags bes\u00f6kte Expressens sj\u00e4lvutn\u00e4mnda r\u00e4tteg\u00e5ngsexpert Britta Svensson\u00a0manifestationen mot v\u00e5ld i Landskrona. I dagens tidning v\u00e4lsignar hon\u00a0l\u00e4sarna med sina intryck. Svensson skriver: &#8221;Ensammast p\u00e5 jorden m\u00e5ste\u00a0vara den unge man som i dag beg\u00e4rs h\u00e4ktad i Lunds tingsr\u00e4tt f\u00f6r mord p\u00e5\u00a0Inger.&#8221; I f\u00f6rmiddags h\u00e4ktade s\u00e5 Lunds tingsr\u00e4tt den unge mannen p\u00e5 sannolika\u00a0sk\u00e4l misst\u00e4nkt\u00a0f\u00f6r grov misshandel och&hellip;<\/p>\n<p class=\"more-link-p\"><a class=\"more-link\" href=\"https:\/\/www.mariaabrahamsson.nu\/index.php\/2010\/04\/06\/rattsstatens-regler-galler-aven-i-landskrona-och-vaxjo\/\">Read more &rarr;<\/a><\/p>\n","protected":false},"author":2,"featured_media":0,"comment_status":"open","ping_status":"open","sticky":false,"template":"","format":"standard","meta":{"footnotes":""},"categories":[1],"tags":[],"class_list":["post-1688","post","type-post","status-publish","format-standard","hentry","category-uncategorized"],"_links":{"self":[{"href":"https:\/\/www.mariaabrahamsson.nu\/index.php\/wp-json\/wp\/v2\/posts\/1688","targetHints":{"allow":["GET"]}}],"collection":[{"href":"https:\/\/www.mariaabrahamsson.nu\/index.php\/wp-json\/wp\/v2\/posts"}],"about":[{"href":"https:\/\/www.mariaabrahamsson.nu\/index.php\/wp-json\/wp\/v2\/types\/post"}],"author":[{"embeddable":true,"href":"https:\/\/www.mariaabrahamsson.nu\/index.php\/wp-json\/wp\/v2\/users\/2"}],"replies":[{"embeddable":true,"href":"https:\/\/www.mariaabrahamsson.nu\/index.php\/wp-json\/wp\/v2\/comments?post=1688"}],"version-history":[{"count":0,"href":"https:\/\/www.mariaabrahamsson.nu\/index.php\/wp-json\/wp\/v2\/posts\/1688\/revisions"}],"wp:attachment":[{"href":"https:\/\/www.mariaabrahamsson.nu\/index.php\/wp-json\/wp\/v2\/media?parent=1688"}],"wp:term":[{"taxonomy":"category","embeddable":true,"href":"https:\/\/www.mariaabrahamsson.nu\/index.php\/wp-json\/wp\/v2\/categories?post=1688"},{"taxonomy":"post_tag","embeddable":true,"href":"https:\/\/www.mariaabrahamsson.nu\/index.php\/wp-json\/wp\/v2\/tags?post=1688"}],"curies":[{"name":"wp","href":"https:\/\/api.w.org\/{rel}","templated":true}]}}