{"id":1672,"date":"2010-03-30T22:47:00","date_gmt":"2010-03-30T22:47:00","guid":{"rendered":"http:\/\/www.mariaabrahamsson.nu\/?p=1672"},"modified":"2010-03-31T08:56:40","modified_gmt":"2010-03-31T08:56:40","slug":"public-service-bjod-sture-bergwall-pa-en-helkvall","status":"publish","type":"post","link":"https:\/\/www.mariaabrahamsson.nu\/index.php\/2010\/03\/30\/public-service-bjod-sture-bergwall-pa-en-helkvall\/","title":{"rendered":"Public service bj\u00f6d Sture Bergwall p\u00e5 en helkv\u00e4ll"},"content":{"rendered":"<p><strong>I g\u00e5r <\/strong>s\u00e5g jag p\u00e5 <a href=\"http:\/\/svtplay.se\/t\/103450\/debatt\">SVT Debatt<\/a> fr\u00e5n G\u00f6teborg. Thomas Quick alias Sture Bergwall fick komma till tals via l\u00e4nk f\u00f6r att ge sin syn p\u00e5 hur han upplever att han som \u00e5ttafaldigt d\u00f6md seriem\u00f6rdare har hanterats av media, psykiatri och domstolar.<\/p>\n<p>Mitt best\u00e4mda intryck av det Sture sa \u00e4r att mannen \u00e4r spritt spr\u00e5ngande galen. Seriem\u00f6rdare eller inte.<\/p>\n<p><strong>N\u00e5gon timme senare\u00a0<span style=\"font-weight: normal;\">lyssnar jag p\u00e5 radions P1. D\u00e4r dyker Thomas Quick alias Sture Bergwall\u00a0upp igen, i <a href=\"http:\/\/static.sr.se\/laddahem\/podradio\/SR_p1_nya_tendens_100329120022.mp3\">Tendens<\/a>.<\/span><\/strong><\/p>\n<p>Programmets reporter jollrar som till en hj\u00e4lpl\u00f6s hundvalp. Sture fnittrar f\u00f6rtjust, jod\u00e5 ibland gr\u00e5ter han och minns, men han kluckar ocks\u00e5 glatt om sitt l\u00f6rdagsgodis.<\/p>\n<p><strong>H\u00e4r n\u00e5gonstans stirrar<\/strong> jag med tom blick ut i rummet, grubblandes \u00f6ver hur SVT och SR ska hantera den eventuella omst\u00e4ndigheten att Thomas Quick inte alls kommer att beviljas resning i fler fall \u00e4n <a href=\"http:\/\/www.hogstadomstolen.se\/templates\/DV_Press____13188.aspx\">det<\/a> som har skett. Dessutom inneb\u00e4r inte resning att en dom per automatik rivs upp. Detta med f\u00f6ljden att ingen kan veta ifall morddomarna mot Quick kommer att st\u00e5r fast.<\/p>\n","protected":false},"excerpt":{"rendered":"<p>I g\u00e5r s\u00e5g jag p\u00e5 SVT Debatt fr\u00e5n G\u00f6teborg. Thomas Quick alias Sture Bergwall fick komma till tals via l\u00e4nk f\u00f6r att ge sin syn p\u00e5 hur han upplever att han som \u00e5ttafaldigt d\u00f6md seriem\u00f6rdare har hanterats av media, psykiatri och domstolar. Mitt best\u00e4mda intryck av det Sture sa \u00e4r att mannen \u00e4r spritt spr\u00e5ngande&hellip;<\/p>\n<p class=\"more-link-p\"><a class=\"more-link\" href=\"https:\/\/www.mariaabrahamsson.nu\/index.php\/2010\/03\/30\/public-service-bjod-sture-bergwall-pa-en-helkvall\/\">Read more &rarr;<\/a><\/p>\n","protected":false},"author":2,"featured_media":0,"comment_status":"open","ping_status":"open","sticky":false,"template":"","format":"standard","meta":{"footnotes":""},"categories":[1],"tags":[],"class_list":["post-1672","post","type-post","status-publish","format-standard","hentry","category-uncategorized"],"_links":{"self":[{"href":"https:\/\/www.mariaabrahamsson.nu\/index.php\/wp-json\/wp\/v2\/posts\/1672","targetHints":{"allow":["GET"]}}],"collection":[{"href":"https:\/\/www.mariaabrahamsson.nu\/index.php\/wp-json\/wp\/v2\/posts"}],"about":[{"href":"https:\/\/www.mariaabrahamsson.nu\/index.php\/wp-json\/wp\/v2\/types\/post"}],"author":[{"embeddable":true,"href":"https:\/\/www.mariaabrahamsson.nu\/index.php\/wp-json\/wp\/v2\/users\/2"}],"replies":[{"embeddable":true,"href":"https:\/\/www.mariaabrahamsson.nu\/index.php\/wp-json\/wp\/v2\/comments?post=1672"}],"version-history":[{"count":0,"href":"https:\/\/www.mariaabrahamsson.nu\/index.php\/wp-json\/wp\/v2\/posts\/1672\/revisions"}],"wp:attachment":[{"href":"https:\/\/www.mariaabrahamsson.nu\/index.php\/wp-json\/wp\/v2\/media?parent=1672"}],"wp:term":[{"taxonomy":"category","embeddable":true,"href":"https:\/\/www.mariaabrahamsson.nu\/index.php\/wp-json\/wp\/v2\/categories?post=1672"},{"taxonomy":"post_tag","embeddable":true,"href":"https:\/\/www.mariaabrahamsson.nu\/index.php\/wp-json\/wp\/v2\/tags?post=1672"}],"curies":[{"name":"wp","href":"https:\/\/api.w.org\/{rel}","templated":true}]}}