{"id":1652,"date":"2010-03-28T22:13:10","date_gmt":"2010-03-28T22:13:10","guid":{"rendered":"http:\/\/www.mariaabrahamsson.nu\/?p=1652"},"modified":"2011-11-11T15:19:43","modified_gmt":"2011-11-11T14:19:43","slug":"asks-bludder-fortjanar-mer-an-en-axelryckning","status":"publish","type":"post","link":"https:\/\/www.mariaabrahamsson.nu\/index.php\/2010\/03\/28\/asks-bludder-fortjanar-mer-an-en-axelryckning\/","title":{"rendered":"Asks bludder f\u00f6rtj\u00e4nar mer \u00e4n en axelryckning"},"content":{"rendered":"<p><strong>V\u00e4rlden tycks pl\u00f6tsligt<\/strong> upp-och-nerv\u00e4nd. I dr\u00f6sen av kommentarer till Ask-aff\u00e4ren appl\u00e5derar inte ens ordf\u00f6randen f\u00f6r den militanta kvinnojourorganisationen <a href=\"http:\/\/www.newsmill.se\/artikel\/2010\/03\/23\/roks-kuverten-har-inget-i-ett-rattssamhalle-att-gora\">Roks<\/a> justitieministerns rabiatfeministiska utspel. Det om att att l\u00e5ta staten skicka hem f\u00e4rgglada delgivningskuvert till misst\u00e4nkta sexk\u00f6pare.\u00a0Vid det h\u00e4r laget kan det knappast ha undg\u00e5tt n\u00e5gon, men cirka en timme in i\u00a0<a href=\"http:\/\/www.ustream.tv\/recorded\/5535015\">klippet<\/a> \u00f6verraskar\u00a0allts\u00e5 justitieministern med ett &#8221;retoriskt olyckligt exempel&#8221;, som Beatrice Ask sj\u00e4lv beskriver\u00a0<a href=\"http:\/\/www.aftonbladet.se\/nyheter\/article6832578.ab\">ordvalet<\/a>.<\/p>\n<p>P\u00e5 sitt departement \u00e4r Ask omgiven en stab handplockade politiska tj\u00e4nstem\u00e4n med statssekreteraren i spetsen. L\u00e4gg d\u00e4rtill departementets opolitiska men vanligtvis mycket lojala experter som expeditionschefen, r\u00e4ttschefer, departementsr\u00e5d och batteriet av s\u00e5 kallade r\u00e4ttssakkunniga. Alla har de uppgiften att f\u00f6rse henne med gedigna underlag och goda r\u00e5d.<\/p>\n<p>Om justitieministern har blivit vilseledd av sina anst\u00e4llda \u00e4r det illa. \u00c4n v\u00e4rre \u00e4r det om Beatrice Ask litar blint p\u00e5 sin intuition och struntar i tj\u00e4nstem\u00e4nnens r\u00e5d. Ja, i synnerhet som Ask sj\u00e4lv inte \u00e4r jurist och d\u00e4rf\u00f6r \u00e4r i s\u00e4rskilt behov av juridiskt st\u00f6d. (Om detta har jag skrivit i senaste numret av Advokaten.)<\/p>\n<p><strong>Kan d\u00e5 Ask sitta kvar<\/strong> som justitieminister efter uttalandet om att straffa misst\u00e4nkta men \u00e4nnu inte d\u00f6mda sexk\u00f6pare genom f\u00e4rgglada kuvert? Jag har f\u00e5tt fr\u00e5gan hemifr\u00e5n ett antal g\u00e5nger under semestern p\u00e5 Aruba men har avst\u00e5tt fr\u00e5n att kommentera tills nu.<\/p>\n<p>Hur jag \u00e4n vrider och v\u00e4nder p\u00e5 steken landar jag i att OM landets justitieminister i st\u00e4llet hetat exempelvis Thomas Bodstr\u00f6m och hade luftat samma tanke \u00f6ppet d\u00e5 hade jag utan n\u00e4rmare bet\u00e4nketid f\u00f6reslagit honom att l\u00e4mna posten och syssla med n\u00e5got annat. Visserligen mot bakgrund av misstron som jag redan hyser mot Bodstr\u00f6m, inte minst efter hans initiativ om trafikdatalagring av EU-medborgarnas telekommunikation. Men \u00e4nd\u00e5 &#8211; jag kan inte med trov\u00e4rdigheten i beh\u00e5ll d\u00f6ma Asks fam\u00f6sa uttalande efter en annan m\u00e5ttstock \u00e4n den jag skulle m\u00e4ta Bodstr\u00f6m med.<\/p>\n<p><strong>Men statsministern<\/strong> har s\u00e5vitt jag f\u00f6rst\u00e5r gjort bed\u00f6mningen att Ask fortfarande \u00e4r en st\u00f6rre tillg\u00e5ng f\u00f6r borgerligheten som justitieminister \u00e4n vad hon skulle vara i en annan position. Liksom att hon som justitieminister fortfarande kan locka inte minst kvinnliga v\u00e4ljare att r\u00f6sta p\u00e5 M, eller i vart fall borgerligt s\u00e5 att alliansregeringen vinner valet om mindre \u00e4n ett halv\u00e5r. F\u00f6r egen del \u00e4r jag \u00f6vertygad om att ocks\u00e5 kvinnliga v\u00e4ljare uppskattar r\u00e4ttss\u00e4kerhet, det finns tillr\u00e4ckligt m\u00e5nga kvinnor som har sett sina br\u00f6der, s\u00f6ner och makar buras in f\u00f6r sexualbrott trots skakiga f\u00f6r att inte s\u00e4ga obefintliga bevis.<\/p>\n<p>Naturligtvis var Fredrik Reinfeldt tvungen att i <a href=\"http:\/\/www.sr.se\/webbradio\/?type=broadcast&amp;Id=2268655&amp;BroadcastDate=&amp;IsBlock=1\">Ekots l\u00f6rdagsintervju<\/a> g\u00f6ra klart att Asks f\u00f6rslag inte finns i regeringskansliets skrivbordsl\u00e5dor, och att &#8221;vi inte ska ha ett gl\u00e5pordssamh\u00e4lle&#8221;. Visst k\u00e4nns det betryggande med en tydlig markering fr\u00e5n h\u00f6gsta ort, men det m\u00e4rkliga \u00e4r ju att den alls beh\u00f6vdes.<\/p>\n<p><strong>F\u00f6r mig hade Reinfeldt<\/strong> g\u00e4rna f\u00e5tt ta i h\u00e5rdare. Begreppet gl\u00e5pordssamh\u00e4lle \u00e4r i sj\u00e4lva verket en f\u00f6rsk\u00f6nande omskrivning av en r\u00e4ttsordning d\u00e4r staten &#8211; i detta fall &#8211; skulle h\u00e4nga ut och van\u00e4ra misst\u00e4nkta innan deras skuld har pr\u00f6vats av domstol. Det vill s\u00e4ga en ordning fj\u00e4rran fr\u00e5n vad som \u00e4r godtagbart i en r\u00e4ttsstat.<\/p>\n<p>Risken med att en statsminister, eller f\u00f6r den delen en oppositionsledare, medvetet bagatelliserar en ministers eller tung partikamrats uppenbara klavertramp, \u00e4r att agerandet kan sp\u00e4 p\u00e5 v\u00e4ljarnas politikerf\u00f6rakt. Och v\u00e4ljark\u00e5rens reaktion p\u00e5 Reinfeldts \u00f6versl\u00e4tande ordalag i fallet Ask har vi \u00e4nnu inte sett vidden av.<\/p>\n<p><strong>En annan fr\u00e5ga<\/strong> som vi heller inte har svaret p\u00e5 g\u00e4ller R\u00e4ttssveriges f\u00f6rtroende f\u00f6r Ask. \u00c4r f\u00f6rtroendet intakt? Eller himlas det med \u00f6gonen bakom hennes rygg bland landets jurister och h\u00f6ga domare, i lagr\u00e5det, bland kriminalv\u00e5rdare, \u00e5klagare, i advokatk\u00e5ren, polisv\u00e4sendet och \u00f6vriga myndigheter inom justitieomr\u00e5det?<\/p>\n<p>Vilket f\u00f6rtroende R\u00e4ttssverige har f\u00f6r sin h\u00f6gsta politiskt ansvariga chef \u00e5terst\u00e5r att se,\u00a0som det brukar heta n\u00e4r man inte har en aning om hur n\u00e5gonting kommer att sluta.<\/p>\n<p><strong>D\u00e4remot vet jag helt<\/strong> s\u00e4kert att det finns ett antal centrala r\u00e4ttsprinciper som en justitieminister m\u00e5ste kunna rabbla om hon s\u00e5 v\u00e4cks mitt i natten. Den viktigaste r\u00e4ttsprincipen \u00e4r att ingen f\u00e5r betraktas som skyldig, \u00e4n mindre uts\u00e4ttas f\u00f6r n\u00e5gon form av bestraffning, f\u00f6rr\u00e4n dom har fallit.\u00a0Det \u00e4r d\u00e4rf\u00f6r som vi har domstolar med uppgift att avg\u00f6ra om en misst\u00e4nkt \u00e4r skyldig eller inte.<\/p>\n<p>I en s\u00e5dan grundl\u00e4ggande r\u00e4ttss\u00e4kerhetsfr\u00e5ga f\u00e5r en justitieminister helt enkelt inte sv\u00e4va p\u00e5 m\u00e5let. Men sv\u00e4va p\u00e5 m\u00e5let \u00e4r precis vad Beatrice Ask har gjort. Det tog flera dagar innan statsr\u00e5det <a href=\"http:\/\/www.regeringen.se\/sb\/d\/12866\/a\/142535\">backade<\/a> p\u00e5 regeringens hemsida (24\/3). Dagen d\u00e4rp\u00e5 f\u00f6rklarar justitieministern sitt misstag\u00a0med att det \u00e4r <a href=\"http:\/\/www2.unt.se:80\/avd\/1,,MC=77-AV_ID=1030128,00.html\">val\u00e5r<\/a> och raljerar \u00f6ver att politiker d\u00e5 tydligen b\u00f6r avh\u00e5lla sig fr\u00e5n att delta i diskussioner. S\u00e5 mycket var den pudeln v\u00e4rd.<\/p>\n<p><strong>Om inte landets<\/strong> justitieminister st\u00e5r upp f\u00f6r r\u00e4ttss\u00e4kerheten, vem p\u00e5 politisk niv\u00e5 ska d\u00e5 g\u00f6ra det? Och vad blir f\u00f6ljden om de som i sin dagliga verksamhet ska v\u00e4rna r\u00e4ttss\u00e4kerheten &#8211; domare, \u00e5klagare, poliser osv &#8211; upplever att de i en central r\u00e4ttss\u00e4kerhetsfr\u00e5ga saknar st\u00f6d fr\u00e5n den h\u00f6gsta politiska ledningen?<\/p>\n<p>Svar: Det blir i l\u00e4ngden en oh\u00e5llbar situation.<\/p>\n<p><span style=\"font-family: 'Times New Roman', 'Times New Roman', 'Bitstream Charter', Times, serif;\"><span style=\"font-size: small;\"><br \/>\n<\/span><\/span><\/p>\n","protected":false},"excerpt":{"rendered":"<p>V\u00e4rlden tycks pl\u00f6tsligt upp-och-nerv\u00e4nd. I dr\u00f6sen av kommentarer till Ask-aff\u00e4ren appl\u00e5derar inte ens ordf\u00f6randen f\u00f6r den militanta kvinnojourorganisationen Roks justitieministerns rabiatfeministiska utspel. Det om att att l\u00e5ta staten skicka hem f\u00e4rgglada delgivningskuvert till misst\u00e4nkta sexk\u00f6pare.\u00a0Vid det h\u00e4r laget kan det knappast ha undg\u00e5tt n\u00e5gon, men cirka en timme in i\u00a0klippet \u00f6verraskar\u00a0allts\u00e5 justitieministern med ett &#8221;retoriskt&hellip;<\/p>\n<p class=\"more-link-p\"><a class=\"more-link\" href=\"https:\/\/www.mariaabrahamsson.nu\/index.php\/2010\/03\/28\/asks-bludder-fortjanar-mer-an-en-axelryckning\/\">Read more &rarr;<\/a><\/p>\n","protected":false},"author":2,"featured_media":0,"comment_status":"open","ping_status":"open","sticky":false,"template":"","format":"standard","meta":{"footnotes":""},"categories":[1],"tags":[],"class_list":["post-1652","post","type-post","status-publish","format-standard","hentry","category-uncategorized"],"_links":{"self":[{"href":"https:\/\/www.mariaabrahamsson.nu\/index.php\/wp-json\/wp\/v2\/posts\/1652","targetHints":{"allow":["GET"]}}],"collection":[{"href":"https:\/\/www.mariaabrahamsson.nu\/index.php\/wp-json\/wp\/v2\/posts"}],"about":[{"href":"https:\/\/www.mariaabrahamsson.nu\/index.php\/wp-json\/wp\/v2\/types\/post"}],"author":[{"embeddable":true,"href":"https:\/\/www.mariaabrahamsson.nu\/index.php\/wp-json\/wp\/v2\/users\/2"}],"replies":[{"embeddable":true,"href":"https:\/\/www.mariaabrahamsson.nu\/index.php\/wp-json\/wp\/v2\/comments?post=1652"}],"version-history":[{"count":0,"href":"https:\/\/www.mariaabrahamsson.nu\/index.php\/wp-json\/wp\/v2\/posts\/1652\/revisions"}],"wp:attachment":[{"href":"https:\/\/www.mariaabrahamsson.nu\/index.php\/wp-json\/wp\/v2\/media?parent=1652"}],"wp:term":[{"taxonomy":"category","embeddable":true,"href":"https:\/\/www.mariaabrahamsson.nu\/index.php\/wp-json\/wp\/v2\/categories?post=1652"},{"taxonomy":"post_tag","embeddable":true,"href":"https:\/\/www.mariaabrahamsson.nu\/index.php\/wp-json\/wp\/v2\/tags?post=1652"}],"curies":[{"name":"wp","href":"https:\/\/api.w.org\/{rel}","templated":true}]}}