{"id":1596,"date":"2010-03-08T21:31:15","date_gmt":"2010-03-08T21:31:15","guid":{"rendered":"http:\/\/www.mariaabrahamsson.nu\/?p=1596"},"modified":"2010-03-08T21:32:27","modified_gmt":"2010-03-08T21:32:27","slug":"avskaffa-namndemannen-sa-hovratten-nej-sa-ministern","status":"publish","type":"post","link":"https:\/\/www.mariaabrahamsson.nu\/index.php\/2010\/03\/08\/avskaffa-namndemannen-sa-hovratten-nej-sa-ministern\/","title":{"rendered":"Avskaffa n\u00e4mndem\u00e4nnen, sa hovr\u00e4tten, nej sa ministern"},"content":{"rendered":"<p><strong>Justitieministern<\/strong> har idag h\u00e4lsat p\u00e5 i Svea hovr\u00e4tt. Hon ville lyssna in synpunkter. En domare f\u00f6reslog att n\u00e4mndem\u00e4nnen i hovr\u00e4tten borde <a href=\"http:\/\/realtid.se\/ArticlePages\/201003\/08\/20100308160400_Realtid598\/20100308160400_Realtid598.dbp.asp\">avskaffas<\/a>. Ja, det \u00e4r onekligen p\u00e5 tiden, <a href=\"http:\/\/www.svd.se\/opinion\/ledarsidan\/fran-rattssakerhetssynpunkt-vore-det-bast-att-avskaffa-dem_221223.svd\">s\u00e4ger jag<\/a>.<\/p>\n<p>Men s\u00e5 l\u00e5ngt \u00e4r justitieministern inte beredd\u00a0att g\u00e5. F\u00f6r det vore ju att avl\u00f6va moderatkompisar finfina uppdrag.<\/p>\n","protected":false},"excerpt":{"rendered":"<p>Justitieministern har idag h\u00e4lsat p\u00e5 i Svea hovr\u00e4tt. Hon ville lyssna in synpunkter. En domare f\u00f6reslog att n\u00e4mndem\u00e4nnen i hovr\u00e4tten borde avskaffas. Ja, det \u00e4r onekligen p\u00e5 tiden, s\u00e4ger jag. Men s\u00e5 l\u00e5ngt \u00e4r justitieministern inte beredd\u00a0att g\u00e5. F\u00f6r det vore ju att avl\u00f6va moderatkompisar finfina uppdrag.<\/p>\n<p class=\"more-link-p\"><a class=\"more-link\" href=\"https:\/\/www.mariaabrahamsson.nu\/index.php\/2010\/03\/08\/avskaffa-namndemannen-sa-hovratten-nej-sa-ministern\/\">Read more &rarr;<\/a><\/p>\n","protected":false},"author":2,"featured_media":0,"comment_status":"open","ping_status":"open","sticky":false,"template":"","format":"standard","meta":{"footnotes":""},"categories":[1],"tags":[],"class_list":["post-1596","post","type-post","status-publish","format-standard","hentry","category-uncategorized"],"_links":{"self":[{"href":"https:\/\/www.mariaabrahamsson.nu\/index.php\/wp-json\/wp\/v2\/posts\/1596","targetHints":{"allow":["GET"]}}],"collection":[{"href":"https:\/\/www.mariaabrahamsson.nu\/index.php\/wp-json\/wp\/v2\/posts"}],"about":[{"href":"https:\/\/www.mariaabrahamsson.nu\/index.php\/wp-json\/wp\/v2\/types\/post"}],"author":[{"embeddable":true,"href":"https:\/\/www.mariaabrahamsson.nu\/index.php\/wp-json\/wp\/v2\/users\/2"}],"replies":[{"embeddable":true,"href":"https:\/\/www.mariaabrahamsson.nu\/index.php\/wp-json\/wp\/v2\/comments?post=1596"}],"version-history":[{"count":0,"href":"https:\/\/www.mariaabrahamsson.nu\/index.php\/wp-json\/wp\/v2\/posts\/1596\/revisions"}],"wp:attachment":[{"href":"https:\/\/www.mariaabrahamsson.nu\/index.php\/wp-json\/wp\/v2\/media?parent=1596"}],"wp:term":[{"taxonomy":"category","embeddable":true,"href":"https:\/\/www.mariaabrahamsson.nu\/index.php\/wp-json\/wp\/v2\/categories?post=1596"},{"taxonomy":"post_tag","embeddable":true,"href":"https:\/\/www.mariaabrahamsson.nu\/index.php\/wp-json\/wp\/v2\/tags?post=1596"}],"curies":[{"name":"wp","href":"https:\/\/api.w.org\/{rel}","templated":true}]}}