{"id":1593,"date":"2010-03-08T21:09:08","date_gmt":"2010-03-08T21:09:08","guid":{"rendered":"http:\/\/www.mariaabrahamsson.nu\/?p=1593"},"modified":"2010-03-08T21:09:21","modified_gmt":"2010-03-08T21:09:21","slug":"sveriges-nasta-rikspolischef-ar-en-kvinna","status":"publish","type":"post","link":"https:\/\/www.mariaabrahamsson.nu\/index.php\/2010\/03\/08\/sveriges-nasta-rikspolischef-ar-en-kvinna\/","title":{"rendered":"Sveriges n\u00e4sta rikspolischef \u00e4r en kvinna"},"content":{"rendered":"<p><strong>Sveriges n\u00e4sta rikspolischef <\/strong>blir en kvinna, och jag \u00e4r &#8221;ganska&#8221; \u00f6vertygad om att hon \u00e4r f\u00e5ngad <a href=\"http:\/\/www.regeringen.se\/sb\/d\/12696\/a\/141123\">h\u00e4r<\/a>.<\/p>\n","protected":false},"excerpt":{"rendered":"<p>Sveriges n\u00e4sta rikspolischef blir en kvinna, och jag \u00e4r &#8221;ganska&#8221; \u00f6vertygad om att hon \u00e4r f\u00e5ngad h\u00e4r.<\/p>\n<p class=\"more-link-p\"><a class=\"more-link\" href=\"https:\/\/www.mariaabrahamsson.nu\/index.php\/2010\/03\/08\/sveriges-nasta-rikspolischef-ar-en-kvinna\/\">Read more &rarr;<\/a><\/p>\n","protected":false},"author":2,"featured_media":0,"comment_status":"open","ping_status":"open","sticky":false,"template":"","format":"standard","meta":{"footnotes":""},"categories":[1],"tags":[],"class_list":["post-1593","post","type-post","status-publish","format-standard","hentry","category-uncategorized"],"_links":{"self":[{"href":"https:\/\/www.mariaabrahamsson.nu\/index.php\/wp-json\/wp\/v2\/posts\/1593","targetHints":{"allow":["GET"]}}],"collection":[{"href":"https:\/\/www.mariaabrahamsson.nu\/index.php\/wp-json\/wp\/v2\/posts"}],"about":[{"href":"https:\/\/www.mariaabrahamsson.nu\/index.php\/wp-json\/wp\/v2\/types\/post"}],"author":[{"embeddable":true,"href":"https:\/\/www.mariaabrahamsson.nu\/index.php\/wp-json\/wp\/v2\/users\/2"}],"replies":[{"embeddable":true,"href":"https:\/\/www.mariaabrahamsson.nu\/index.php\/wp-json\/wp\/v2\/comments?post=1593"}],"version-history":[{"count":0,"href":"https:\/\/www.mariaabrahamsson.nu\/index.php\/wp-json\/wp\/v2\/posts\/1593\/revisions"}],"wp:attachment":[{"href":"https:\/\/www.mariaabrahamsson.nu\/index.php\/wp-json\/wp\/v2\/media?parent=1593"}],"wp:term":[{"taxonomy":"category","embeddable":true,"href":"https:\/\/www.mariaabrahamsson.nu\/index.php\/wp-json\/wp\/v2\/categories?post=1593"},{"taxonomy":"post_tag","embeddable":true,"href":"https:\/\/www.mariaabrahamsson.nu\/index.php\/wp-json\/wp\/v2\/tags?post=1593"}],"curies":[{"name":"wp","href":"https:\/\/api.w.org\/{rel}","templated":true}]}}