{"id":1539,"date":"2010-03-02T08:10:52","date_gmt":"2010-03-02T08:10:52","guid":{"rendered":"http:\/\/www.mariaabrahamsson.nu\/?p=1539"},"modified":"2010-03-02T08:15:54","modified_gmt":"2010-03-02T08:15:54","slug":"soff-debatten-vann-nog-jag-eller","status":"publish","type":"post","link":"https:\/\/www.mariaabrahamsson.nu\/index.php\/2010\/03\/02\/soff-debatten-vann-nog-jag-eller\/","title":{"rendered":"Soff-debatten vann nog jag, eller?"},"content":{"rendered":"<p><strong>F\u00e5r jag s\u00e4g det sj\u00e4lv<\/strong> vann jag morgonens soff-debatt i SVT om riksdagen, knapptryckandet och demokratin. Efter\u00e5t kan jag inte l\u00e5ta bli att undra om Anne-Marie P\u00e5lsson skulle ha upplevt riksdagen som en starkare demokratins h\u00f6gborg ifall hon hade haft b\u00e4ttre framg\u00e5ng med att vinna geh\u00f6r f\u00f6r sina f\u00f6rslag och synpunkter i regeringskansliet och i den moderata riksdagsgruppen?<\/p>\n<p>Yes, det var en insinuant p\u00e5 gr\u00e4nsen till tyken fr\u00e5ga. Men ibland beh\u00f6ver s\u00e5dana ocks\u00e5 uttalas. Se d\u00e4r, ytterligare en anledning till varf\u00f6r jag beh\u00f6vs i riksdagen, och hos Moderaterna.<\/p>\n<p><object classid=\"clsid:d27cdb6e-ae6d-11cf-96b8-444553540000\" width=\"416\" height=\"258\" codebase=\"http:\/\/download.macromedia.com\/pub\/shockwave\/cabs\/flash\/swflash.cab#version=6,0,40,0\"><param name=\"wmode\" value=\"transparent\" \/><param name=\"allowfullscreen\" value=\"true\" \/><param name=\"allowScriptAccess\" value=\"sameDomain\" \/><param name=\"src\" value=\"http:\/\/svt.se\/embededflash\/1911476\/play.swf\" \/><embed type=\"application\/x-shockwave-flash\" width=\"416\" height=\"258\" src=\"http:\/\/svt.se\/embededflash\/1911476\/play.swf\" allowscriptaccess=\"sameDomain\" allowfullscreen=\"true\" wmode=\"transparent\"><\/embed><\/object><\/p>\n","protected":false},"excerpt":{"rendered":"<p>F\u00e5r jag s\u00e4g det sj\u00e4lv vann jag morgonens soff-debatt i SVT om riksdagen, knapptryckandet och demokratin. Efter\u00e5t kan jag inte l\u00e5ta bli att undra om Anne-Marie P\u00e5lsson skulle ha upplevt riksdagen som en starkare demokratins h\u00f6gborg ifall hon hade haft b\u00e4ttre framg\u00e5ng med att vinna geh\u00f6r f\u00f6r sina f\u00f6rslag och synpunkter i regeringskansliet och i&hellip;<\/p>\n<p class=\"more-link-p\"><a class=\"more-link\" href=\"https:\/\/www.mariaabrahamsson.nu\/index.php\/2010\/03\/02\/soff-debatten-vann-nog-jag-eller\/\">Read more &rarr;<\/a><\/p>\n","protected":false},"author":2,"featured_media":0,"comment_status":"open","ping_status":"open","sticky":false,"template":"","format":"standard","meta":{"footnotes":""},"categories":[1],"tags":[],"class_list":["post-1539","post","type-post","status-publish","format-standard","hentry","category-uncategorized"],"_links":{"self":[{"href":"https:\/\/www.mariaabrahamsson.nu\/index.php\/wp-json\/wp\/v2\/posts\/1539","targetHints":{"allow":["GET"]}}],"collection":[{"href":"https:\/\/www.mariaabrahamsson.nu\/index.php\/wp-json\/wp\/v2\/posts"}],"about":[{"href":"https:\/\/www.mariaabrahamsson.nu\/index.php\/wp-json\/wp\/v2\/types\/post"}],"author":[{"embeddable":true,"href":"https:\/\/www.mariaabrahamsson.nu\/index.php\/wp-json\/wp\/v2\/users\/2"}],"replies":[{"embeddable":true,"href":"https:\/\/www.mariaabrahamsson.nu\/index.php\/wp-json\/wp\/v2\/comments?post=1539"}],"version-history":[{"count":0,"href":"https:\/\/www.mariaabrahamsson.nu\/index.php\/wp-json\/wp\/v2\/posts\/1539\/revisions"}],"wp:attachment":[{"href":"https:\/\/www.mariaabrahamsson.nu\/index.php\/wp-json\/wp\/v2\/media?parent=1539"}],"wp:term":[{"taxonomy":"category","embeddable":true,"href":"https:\/\/www.mariaabrahamsson.nu\/index.php\/wp-json\/wp\/v2\/categories?post=1539"},{"taxonomy":"post_tag","embeddable":true,"href":"https:\/\/www.mariaabrahamsson.nu\/index.php\/wp-json\/wp\/v2\/tags?post=1539"}],"curies":[{"name":"wp","href":"https:\/\/api.w.org\/{rel}","templated":true}]}}