{"id":1518,"date":"2010-03-01T11:15:21","date_gmt":"2010-03-01T11:15:21","guid":{"rendered":"http:\/\/www.mariaabrahamsson.nu\/?p=1518"},"modified":"2010-03-02T07:10:49","modified_gmt":"2010-03-02T07:10:49","slug":"nar-far-vi-lasa-reinfeldt-i-kulturbilagan","status":"publish","type":"post","link":"https:\/\/www.mariaabrahamsson.nu\/index.php\/2010\/03\/01\/nar-far-vi-lasa-reinfeldt-i-kulturbilagan\/","title":{"rendered":"N\u00e4r f\u00e5r vi l\u00e4sa Reinfeldt i kulturbilagan?"},"content":{"rendered":"<p><strong>KD:s G\u00f6ran H\u00e4gglund<\/strong> ger sig in den SvD-initierade debatten om <a href=\"http:\/\/www.svd.se\/kulturnoje\/mer\/kulturdebatt\/politiken-bars-av-ideer_4347339.svd\">id\u00e9livet <\/a>inom den svenska borgerligheten. Eller torkan, om man ska tro vissa. Min f\u00f6rra chef PJ Anders Linder har skrivit en <a href=\"http:\/\/www.svd.se\/opinion\/ledarsidan\/den-upplysta-konservatismen_4344715.svd\">l\u00e4sv\u00e4rd S\u00f6ndagskr\u00f6nika<\/a> i \u00e4mnet, som tidsbesparande <a href=\"http:\/\/blogg.svd.se\/pj?id=18498\">sammanfattar l\u00e4get<\/a> s\u00e5 h\u00e4r l\u00e5ngt. M\u00e5nga stor tankar, tror jag.<\/p>\n<p>Men st\u00f6rst i det id\u00e9politiska finrummet \u00a0i dag \u00e4r nog \u00e4nd\u00e5 att G\u00f6ran H\u00e4gglund tycker att det \u00e4r m\u00f6dan v\u00e4rt att sl\u00e5 ett slag f\u00f6r sitt partis v\u00e4rderingar och f\u00f6rsvara dess ideologiska grund.<\/p>\n<p>Ja, t\u00e4nk vad vital den politiska debatten skulle bli om fler borgerliga partiledare ville g\u00f6ra likadant!<\/p>\n","protected":false},"excerpt":{"rendered":"<p>KD:s G\u00f6ran H\u00e4gglund ger sig in den SvD-initierade debatten om id\u00e9livet inom den svenska borgerligheten. Eller torkan, om man ska tro vissa. Min f\u00f6rra chef PJ Anders Linder har skrivit en l\u00e4sv\u00e4rd S\u00f6ndagskr\u00f6nika i \u00e4mnet, som tidsbesparande sammanfattar l\u00e4get s\u00e5 h\u00e4r l\u00e5ngt. M\u00e5nga stor tankar, tror jag. Men st\u00f6rst i det id\u00e9politiska finrummet \u00a0i dag&hellip;<\/p>\n<p class=\"more-link-p\"><a class=\"more-link\" href=\"https:\/\/www.mariaabrahamsson.nu\/index.php\/2010\/03\/01\/nar-far-vi-lasa-reinfeldt-i-kulturbilagan\/\">Read more &rarr;<\/a><\/p>\n","protected":false},"author":2,"featured_media":0,"comment_status":"open","ping_status":"open","sticky":false,"template":"","format":"standard","meta":{"footnotes":""},"categories":[1],"tags":[],"class_list":["post-1518","post","type-post","status-publish","format-standard","hentry","category-uncategorized"],"_links":{"self":[{"href":"https:\/\/www.mariaabrahamsson.nu\/index.php\/wp-json\/wp\/v2\/posts\/1518","targetHints":{"allow":["GET"]}}],"collection":[{"href":"https:\/\/www.mariaabrahamsson.nu\/index.php\/wp-json\/wp\/v2\/posts"}],"about":[{"href":"https:\/\/www.mariaabrahamsson.nu\/index.php\/wp-json\/wp\/v2\/types\/post"}],"author":[{"embeddable":true,"href":"https:\/\/www.mariaabrahamsson.nu\/index.php\/wp-json\/wp\/v2\/users\/2"}],"replies":[{"embeddable":true,"href":"https:\/\/www.mariaabrahamsson.nu\/index.php\/wp-json\/wp\/v2\/comments?post=1518"}],"version-history":[{"count":0,"href":"https:\/\/www.mariaabrahamsson.nu\/index.php\/wp-json\/wp\/v2\/posts\/1518\/revisions"}],"wp:attachment":[{"href":"https:\/\/www.mariaabrahamsson.nu\/index.php\/wp-json\/wp\/v2\/media?parent=1518"}],"wp:term":[{"taxonomy":"category","embeddable":true,"href":"https:\/\/www.mariaabrahamsson.nu\/index.php\/wp-json\/wp\/v2\/categories?post=1518"},{"taxonomy":"post_tag","embeddable":true,"href":"https:\/\/www.mariaabrahamsson.nu\/index.php\/wp-json\/wp\/v2\/tags?post=1518"}],"curies":[{"name":"wp","href":"https:\/\/api.w.org\/{rel}","templated":true}]}}