{"id":14955,"date":"2025-05-25T20:22:31","date_gmt":"2025-05-25T18:22:31","guid":{"rendered":"https:\/\/www.mariaabrahamsson.nu\/?p=14955"},"modified":"2025-05-26T17:33:38","modified_gmt":"2025-05-26T15:33:38","slug":"filipstad-hela-veckan","status":"publish","type":"post","link":"https:\/\/www.mariaabrahamsson.nu\/index.php\/2025\/05\/25\/filipstad-hela-veckan\/","title":{"rendered":"Filipstad hela veckan"},"content":{"rendered":"\n<p><strong>Det kan ha varit i f\u00f6rra veckans tisdagstidning<\/strong> som jag s\u00e5g fotot p\u00e5 migrationsminister Johan Forssell sittandes p\u00e5 Ferlinb\u00e4nken i Filipstad. Varf\u00f6r satt han d\u00e4r? <\/p>\n\n\n\n<p>Sedan t\u00e4nkte jag inte mer p\u00e5 det. S\u00e5 i torsdags kv\u00e4ll b\u00e4nkade jag mig p\u00e5 \u00e5h\u00f6rarplats i fullm\u00e4ktigesalen, som ryms i samma arkitektoniska dr\u00f6m &#8211; eller mardr\u00f6m &#8211; som <a href=\"https:\/\/www.bibliotekvarmland.se\/-\/stadsbiblioteket-i-karlstad#\/\">stadens biblioteket<\/a>. Karlstads \u00e5rsredovisning f\u00f6r 2024 skulle avhandlas och jag r\u00e5kade omg\u00e5ende hamna p\u00e5 n\u00e5gon klickv\u00e4nlig rubrik i mobilen och lyssnade d\u00e4rf\u00f6r bara knapph\u00e4ndigt p\u00e5 debatten n\u00e4r jag pl\u00f6tsligt uppsnappade namnet &#8221;Filipstad&#8221;. I talarstolen stod Sverigedemokraten <a href=\"https:\/\/karlstad.tromanpublik.se\/person\/84ef643a-94fc-4444-9fc4-799966c6129d\">Anders Nordstr\u00f6m Birkefj\u00e4rd<\/a> som med str\u00e4ng ton uppmanade Karlstads politiska styre <a href=\"https:\/\/karlstad.se\/kommun-och-politik\/kommunens-organisation\/kommunfullmaktige\">(S, C och MP)<\/a> att bes\u00f6ka Filipstad f\u00f6r att l\u00e4ra av kommunens arbete med att minska kostnaderna f\u00f6r f\u00f6rs\u00f6rjningsst\u00f6det genom att framg\u00e5ngsrikt integrera flyktingar i olika verksamheter. (Obs! Jag har inte sj\u00e4lv kontrollerat graden av framg\u00e5ng utan refererar h\u00e4r bara till vad som sades i talarstolen). Nordstr\u00f6m Birkefj\u00e4rd hade bes\u00f6kt Filipstad i veckan och rekommenderade nu &#8211; som sagt &#8211; Karlstads r\u00f6dgr\u00f6na styre att g\u00f6ra detsamma.<\/p>\n\n\n\n<p><strong>I helgen tog jag bussen till Filipstad<\/strong>. Strax efter Molkom passerade vi avfarten till \u00c4ngsbacka, kan n\u00e4mna att d\u00e4r h\u00e5lls en <a href=\"https:\/\/www.angsbacka.com\/product\/tantra-festival\/\">tantrafestival<\/a> \u00e4ven i sommar. (\u00c4r sj\u00e4lv inte intresserad). Efter dryga timmen var vi framme i Filipstad. Mina steg gick dock inte till <a href=\"https:\/\/www.filipstad.se\/toppmeny\/omsorgochstod\/arbetsmarknadsochintegrationsenhetenaie.2976.html\">kommunhusets integrationsavdelning<\/a> utan till Stora Torget d\u00e4r jag ansl\u00f6t till firandet av <a href=\"https:\/\/larsgahrnskriver.wordpress.com\/2015\/03\/19\/sveriges-lonsammaste-parkbank\/\">Ferlinstatyn <\/a>som fyllde 50 \u00e5r. Vinden var kall men br\u00f6stet varmt av <a href=\"https:\/\/www.ferlin.se\/Nils-Ferlin-Saellskapet.htm\">Ferlins\u00e4llskapets<\/a> finst\u00e4mda arrangemang inramat av viss\u00e5ngaren och Ferlintolkaren <a href=\"https:\/\/kludvig.se\">Kenny Ludvigsson<\/a>. Att hans frusna fingrar kunde spela s\u00e5 vackert \u00e4r en g\u00e5ta. F\u00f6rutom k\u00e4rleksfullt skvaller fr\u00e5n f\u00f6rr om Ferlins bravader p\u00e5 stadens vattenh\u00e5l, avh\u00f6lls h\u00f6gtidliga minnesord fr\u00e5n invigningsdagen den 24 maj 1975, vittnesb\u00f6rd gavs om hur <a href=\"https:\/\/www.ferlinmuseum.se\/staty.htm\">id\u00e9n p\u00e5 en staty<\/a> v\u00e4xte fram, skulpt\u00f6ren KG Bejermarks vederm\u00f6dor och hur gener\u00f6sa givare bidrog till finansieringen av den v\u00e4rldsber\u00f6mda statyn. St\u00e4mningen h\u00f6jdes \u00e4nnu n\u00e5gra sn\u00e4pp n\u00e4r konferenciern tonade bort och poetens karakt\u00e4ristiska <a href=\"https:\/\/litteraturbanken.se\/diktensmuseum\/ferlin-ferlinsrost\/\">r\u00f6st<\/a> lj\u00f6d \u00f6ver torget i n\u00e5gra strofer ur dikten &#8221;<em>Jag kunde ju vara&#8221;<\/em>.<\/p>\n\n\n\n<p><em>En luffare \u00e4r jag &#8211; vad mera,<br>jag kunde ju vara en pr\u00e4st,<br>jag kunde ju vara en brukspatron<br>en bonde eller en h\u00e4st &#8230;<\/em><\/p>\n\n\n\n<p><em>Jag kunde ju vara en svala, <br>en kr\u00e5ka eller en snok,<br>en snok &#8211; eller kanske en blomma,<br>ett sommarst\u00e4nk i en bok &#8230;<\/em><\/p>\n\n\n\n<p><strong>N\u00e4r turen kom till kommunstyrelsens<\/strong> ordf\u00f6rande, <a href=\"https:\/\/moderaterna.se\/varmland\/politiker\/christer-olsson\/\">Christer Olsson <\/a>(M), understr\u00f6k han Ferlins stora betydelse f\u00f6r bygden och prisade \u00e5 kommunens v\u00e4gnar Ferlins\u00e4llskapet f\u00f6r dess insatser och \u00f6verl\u00e4mnade en check p\u00e5 5 000 kr till s\u00e4llskapets ordf\u00f6rande <a href=\"https:\/\/www.adlibris.com\/se\/bok\/efterskord-ferlinfynd-fran-en-spankoffert-9789189063938\">Hans Rutberg<\/a> som bugade och tackade, v\u00e4nda sig till Ferlin, visade checken och p\u00e5minde om hur han hankade sig fram i Klarakvarteren och i b\u00e4sta fall fick en 10:a f\u00f6r sina dikter.<\/p>\n\n\n\n<p>Skratt och appl\u00e5der!<\/p>\n\n\n\n<p>Om det \u00e4r vemod och melankoli eller bara sentimentalitet \u00e4r inte l\u00e4tt att veta men det \u00e4r k\u00e4nslosamt att st\u00e5 framf\u00f6r parkb\u00e4nken vid Skiller\u00e4lven d\u00e4r Ferlin sitter f\u00f6rsjunken i tankar &#8211; eller om han tar sig en lur &#8211; if\u00f6rd frack och cylinderhatt med sin magra h\u00f6gerarm chevalereskt utstr\u00e4ckt l\u00e4ngs med b\u00e4nkens rygg. Ferlins gener\u00f6sa inbjudan om s\u00e4llskap \u00e4r stum och inte p\u00e5tr\u00e4ngde men helt oemotst\u00e5ndlig. Man kan inte g\u00e5 f\u00f6rbi utan att sl\u00e5 sig ner vid honom en stund, om s\u00e5 bara i tanken.<\/p>\n\n\n\n<p><strong>S\u00e5 var det det h\u00e4r<\/strong> med politiken. I valet 2022 br\u00f6ts det socialdemokratiska styret i Filipstad efter 51 \u00e5r vid makten. <a href=\"https:\/\/www.svt.se\/nyheter\/lokalt\/varmland\/m-c-l-med-stod-av-sd-tar-makten-i-filipstad\">M, L, C och SD<\/a> fick tillsammans 19 mandat av kommunens 37 och tog gemensamt \u00f6ver ledartr\u00f6jan utan st\u00f6rre krumbukter fr\u00e5n C<\/p>\n\n\n\n<p>Centerpartiets nyvalde partiledare <a href=\"https:\/\/www.centerpartiet.se\/anna-karin-hatt\/biografi\">Anna-Karin Hatt<\/a> har mig veterligen \u00e4n inte bes\u00f6kt sina partikamrater i Filipstad. Och i v\u00e4ntan p\u00e5 att hon ger besked om hon i likhet med sina f\u00f6retr\u00e4dare ska premierar den ideologiska principen framf\u00f6r den pragmatiska, var det ingen fr\u00e5n C som i torsdagens fullm\u00e4ktigedebatt i Karlstad gick upp och ber\u00f6mde partikamraterna n\u00e4stg\u00e5rds f\u00f6r deras arbete med att minska kommunens f\u00f6rs\u00f6rjningsst\u00f6d. Och SD:s ledamot hade f\u00f6rst\u00e5s ingen anledning att framh\u00e5lla att migrationsminister Johan Forssell ocks\u00e5 deltog i bes\u00f6ket. Mer obekymrad \u00f6ver politiska konstellationer hit och dit var Filipstads starke man Christer Olsson som i l\u00f6rdags tog tillf\u00e4llet i akt att ber\u00e4tta f\u00f6r oss f\u00f6rsamlade statyfirare att i m\u00e5ndags l\u00e4t sig minsann migrationsminister Forssell fotograferas p\u00e5 Ferlinb\u00e4nken.<\/p>\n\n\n\n<p><strong>Vad Ferlin hade diktat om saken <\/strong>st\u00e5r skrivet i stj\u00e4rnorna.<\/p>\n\n\n\n<p><\/p>\n\n\n\n<p><\/p>\n\n\n\n<p><\/p>\n\n\n\n<p><\/p>\n\n\n\n<p><\/p>\n","protected":false},"excerpt":{"rendered":"<p>Det kan ha varit i f\u00f6rra veckans tisdagstidning som jag s\u00e5g fotot p\u00e5 migrationsminister Johan Forssell sittandes p\u00e5 Ferlinb\u00e4nken i Filipstad. Varf\u00f6r satt han d\u00e4r? Sedan t\u00e4nkte jag inte mer p\u00e5 det. S\u00e5 i torsdags kv\u00e4ll b\u00e4nkade jag mig p\u00e5 \u00e5h\u00f6rarplats i fullm\u00e4ktigesalen, som ryms i samma arkitektoniska dr\u00f6m &#8211; eller mardr\u00f6m &#8211; som stadens&hellip;<\/p>\n<p class=\"more-link-p\"><a class=\"more-link\" href=\"https:\/\/www.mariaabrahamsson.nu\/index.php\/2025\/05\/25\/filipstad-hela-veckan\/\">Read more &rarr;<\/a><\/p>\n","protected":false},"author":2,"featured_media":0,"comment_status":"open","ping_status":"open","sticky":false,"template":"","format":"standard","meta":{"footnotes":""},"categories":[1],"tags":[443,444,445,359],"class_list":["post-14955","post","type-post","status-publish","format-standard","hentry","category-uncategorized","tag-ferlin","tag-filipstad","tag-fullmaktige","tag-karlstad"],"_links":{"self":[{"href":"https:\/\/www.mariaabrahamsson.nu\/index.php\/wp-json\/wp\/v2\/posts\/14955","targetHints":{"allow":["GET"]}}],"collection":[{"href":"https:\/\/www.mariaabrahamsson.nu\/index.php\/wp-json\/wp\/v2\/posts"}],"about":[{"href":"https:\/\/www.mariaabrahamsson.nu\/index.php\/wp-json\/wp\/v2\/types\/post"}],"author":[{"embeddable":true,"href":"https:\/\/www.mariaabrahamsson.nu\/index.php\/wp-json\/wp\/v2\/users\/2"}],"replies":[{"embeddable":true,"href":"https:\/\/www.mariaabrahamsson.nu\/index.php\/wp-json\/wp\/v2\/comments?post=14955"}],"version-history":[{"count":18,"href":"https:\/\/www.mariaabrahamsson.nu\/index.php\/wp-json\/wp\/v2\/posts\/14955\/revisions"}],"predecessor-version":[{"id":14974,"href":"https:\/\/www.mariaabrahamsson.nu\/index.php\/wp-json\/wp\/v2\/posts\/14955\/revisions\/14974"}],"wp:attachment":[{"href":"https:\/\/www.mariaabrahamsson.nu\/index.php\/wp-json\/wp\/v2\/media?parent=14955"}],"wp:term":[{"taxonomy":"category","embeddable":true,"href":"https:\/\/www.mariaabrahamsson.nu\/index.php\/wp-json\/wp\/v2\/categories?post=14955"},{"taxonomy":"post_tag","embeddable":true,"href":"https:\/\/www.mariaabrahamsson.nu\/index.php\/wp-json\/wp\/v2\/tags?post=14955"}],"curies":[{"name":"wp","href":"https:\/\/api.w.org\/{rel}","templated":true}]}}