{"id":14944,"date":"2025-02-28T11:34:56","date_gmt":"2025-02-28T10:34:56","guid":{"rendered":"https:\/\/www.mariaabrahamsson.nu\/?p=14944"},"modified":"2025-03-01T10:17:20","modified_gmt":"2025-03-01T09:17:20","slug":"kvinnor-som-gor-det-svart-for-kvinnor","status":"publish","type":"post","link":"https:\/\/www.mariaabrahamsson.nu\/index.php\/2025\/02\/28\/kvinnor-som-gor-det-svart-for-kvinnor\/","title":{"rendered":"Kvinnor som g\u00f6r det sv\u00e5rt f\u00f6r kvinnor"},"content":{"rendered":"\n<p><strong>Ordet kvinna blir kvar,<\/strong> trumpetar regeringens socialpolitiska kvinnliga statsr\u00e5d plus SD i <a href=\"https:\/\/www.aftonbladet.se\/debatt\/a\/wgpAM4\/tidopartierna-ordet-kvinna-blir-kvari-abortlagen\">Aftonbladet<\/a>, med motiveringen att kvinnor inte ska osynligg\u00f6ras i den uppflammande fr\u00e5gan om abortlagstiftningen.   <\/p>\n\n\n\n<p>S\u00e5 l\u00e5ter det nu ja. Faktum \u00e4r att den av Tid\u00f6regeringen tillsatta <a href=\"https:\/\/www.regeringen.se\/rattsliga-dokument\/statens-offentliga-utredningar\/2025\/02\/sou-202510\/\">utredningen<\/a> fick i uppdrag att f\u00f6resl\u00e5 hur abortlagen kan &#8221;moderniseras&#8221; spr\u00e5kligt mot bakgrund av den medicinska utvecklingen, som inneb\u00e4r att \u00e4ven juridiska m\u00e4n kan bli gravida. Det sistn\u00e4mnda v\u00e4cker starka k\u00e4nslor, men efter visst tumult och piskvinande i riksdagen s\u00e4nktes \u00e4nd\u00e5 \u00e5ldersgr\u00e4nsen f\u00f6r att till\u00e5ta pojkar och flickor att i folkbokf\u00f6ringen \u00e4ndra juridisk k\u00f6nsidentitet &#8211; och i n\u00e4sta steg genomg\u00e5 medicinsk k\u00f6nskorrigering. Och tack och lov \u00e4r sedan hyggligt l\u00e4nge kravet skrotat p\u00e5 sterilisering vid juridiskt k\u00f6nsbyte. Som var och en f\u00f6rst\u00e5r inneb\u00e4r det att en kvinna &#8211; eller en flicka p\u00e5 16 \u00e5r &#8211; som i juridisk mening p\u00e5 pappret bytt k\u00f6n till man, kan bli gravid och beh\u00f6va m\u00f6jligheten att g\u00f6ra abort. F\u00f6r att anpassa spr\u00e5ket i abortlagen i enlighet med verkligheten, f\u00f6reslog allts\u00e5 utredningen att ordet &#8221;kvinna&#8221; ers\u00e4tts med &#8221;den som \u00e4r gravid&#8221;. Dumt? Ja, m\u00f6jligen, men helt i enlighet med regeringens intentioner.<\/p>\n\n\n\n<p><strong>Man kan ha olika synpunkter<\/strong> p\u00e5 fr\u00e5gorna om k\u00f6nskorrigering, k\u00f6nsidentitet, \u00e5ldersgr\u00e4nser och annat i detta \u00e4mne men det \u00e4r inte po\u00e4ngen h\u00e4r utan att regeringen \u00e5 ena sidan vill framst\u00e5 som f\u00f6rdomsfri och i fas med Hbtqi-Sverige men \u00e5 andra sidan viker sig f\u00f6r opinionstrycket n\u00e4r det v\u00e4l g\u00e4ller. Det \u00e4r varken k\u00f6nsliberalt eller v\u00e4rdekonservativt.<\/p>\n","protected":false},"excerpt":{"rendered":"<p>Ordet kvinna blir kvar, trumpetar regeringens socialpolitiska kvinnliga statsr\u00e5d plus SD i Aftonbladet, med motiveringen att kvinnor inte ska osynligg\u00f6ras i den uppflammande fr\u00e5gan om abortlagstiftningen. S\u00e5 l\u00e5ter det nu ja. Faktum \u00e4r att den av Tid\u00f6regeringen tillsatta utredningen fick i uppdrag att f\u00f6resl\u00e5 hur abortlagen kan &#8221;moderniseras&#8221; spr\u00e5kligt mot bakgrund av den medicinska utvecklingen,&hellip;<\/p>\n<p class=\"more-link-p\"><a class=\"more-link\" href=\"https:\/\/www.mariaabrahamsson.nu\/index.php\/2025\/02\/28\/kvinnor-som-gor-det-svart-for-kvinnor\/\">Read more &rarr;<\/a><\/p>\n","protected":false},"author":2,"featured_media":0,"comment_status":"open","ping_status":"open","sticky":false,"template":"","format":"standard","meta":{"footnotes":""},"categories":[1],"tags":[440,439,441,442],"class_list":["post-14944","post","type-post","status-publish","format-standard","hentry","category-uncategorized","tag-abortlagen","tag-kvinnor","tag-konsidentitet","tag-tidoregeringen"],"_links":{"self":[{"href":"https:\/\/www.mariaabrahamsson.nu\/index.php\/wp-json\/wp\/v2\/posts\/14944","targetHints":{"allow":["GET"]}}],"collection":[{"href":"https:\/\/www.mariaabrahamsson.nu\/index.php\/wp-json\/wp\/v2\/posts"}],"about":[{"href":"https:\/\/www.mariaabrahamsson.nu\/index.php\/wp-json\/wp\/v2\/types\/post"}],"author":[{"embeddable":true,"href":"https:\/\/www.mariaabrahamsson.nu\/index.php\/wp-json\/wp\/v2\/users\/2"}],"replies":[{"embeddable":true,"href":"https:\/\/www.mariaabrahamsson.nu\/index.php\/wp-json\/wp\/v2\/comments?post=14944"}],"version-history":[{"count":6,"href":"https:\/\/www.mariaabrahamsson.nu\/index.php\/wp-json\/wp\/v2\/posts\/14944\/revisions"}],"predecessor-version":[{"id":14952,"href":"https:\/\/www.mariaabrahamsson.nu\/index.php\/wp-json\/wp\/v2\/posts\/14944\/revisions\/14952"}],"wp:attachment":[{"href":"https:\/\/www.mariaabrahamsson.nu\/index.php\/wp-json\/wp\/v2\/media?parent=14944"}],"wp:term":[{"taxonomy":"category","embeddable":true,"href":"https:\/\/www.mariaabrahamsson.nu\/index.php\/wp-json\/wp\/v2\/categories?post=14944"},{"taxonomy":"post_tag","embeddable":true,"href":"https:\/\/www.mariaabrahamsson.nu\/index.php\/wp-json\/wp\/v2\/tags?post=14944"}],"curies":[{"name":"wp","href":"https:\/\/api.w.org\/{rel}","templated":true}]}}