{"id":14911,"date":"2025-01-11T17:29:53","date_gmt":"2025-01-11T16:29:53","guid":{"rendered":"https:\/\/www.mariaabrahamsson.nu\/?p=14911"},"modified":"2025-01-11T17:36:58","modified_gmt":"2025-01-11T16:36:58","slug":"freud-och-margit-och-quick","status":"publish","type":"post","link":"https:\/\/www.mariaabrahamsson.nu\/index.php\/2025\/01\/11\/freud-och-margit-och-quick\/","title":{"rendered":"Freud och Margit och Quick"},"content":{"rendered":"\n<p><strong>I november<\/strong> i samband med&nbsp;<a href=\"https:\/\/varmlandsbokfestival.se\/\" target=\"_blank\" rel=\"noreferrer noopener\">V\u00e4rmlands Bokfestival&nbsp;<\/a>lyssnade jag p\u00e5 ett f\u00f6rfattarsamtal med&nbsp;<a href=\"https:\/\/sv.wikipedia.org\/wiki\/Christian_Dahlstr%C3%B6m\" target=\"_blank\" rel=\"noreferrer noopener\">Christian Dahlstr\u00f6m<\/a>&nbsp;om hans bok&nbsp;<a href=\"https:\/\/www.bokus.com\/bok\/9789188387431\/den-enda-ratta-laran-sa-forblindade-psykoanalysen-det-svenska-rattsvasendet\/?srsltid=AfmBOop89LCverfM8ZcKiSdQ3BFr5CfGYzhGqf6YAmauy2dh54IPzX9W\" target=\"_blank\" rel=\"noreferrer noopener\">&#8221;Den enda r\u00e4tta l\u00e4ran &#8211; S\u00e5 f\u00f6rblindade psykoanalysen det svenska r\u00e4ttsv\u00e4sendet&#8221;<\/a>. Dahlstr\u00f6m gjorde ett genuint n\u00f6rdigt intryck s\u00e5 man f\u00f6rstod att han kunde sitt \u00e4mne.&nbsp;<\/p>\n\n\n\n<p>Boken \u00e4r en grundlig genomg\u00e5ng av den freudianskt inspirerade psykoanalytikern&nbsp;<a href=\"https:\/\/sv.wikipedia.org\/wiki\/Margit_Norell\" target=\"_blank\" rel=\"noreferrer noopener\">Margit Norells<\/a> inflytande under drygt 30 \u00e5r \u00f6ver den r\u00e4ttspsykiatriska v\u00e5rden p\u00e5 <a href=\"https:\/\/sv.wikipedia.org\/wiki\/S\u00e4ters_fasta_paviljong\">S\u00e4ters mentalsjukhus<\/a>. Ett inflytande som enligt den dominerande uppfattningen i samh\u00e4llsdebatten kom att f\u00f6rleda&nbsp;s\u00e5v\u00e4l poliser och \u00e5klagare som domstolar att g\u00e5 i samma f\u00e4lla och g\u00f6ra samma okritiska bed\u00f6mningar av sakkunnigas utl\u00e5tanden och av parters ber\u00e4ttelser och f\u00f6rklaringar. S\u00e4rskilt i fallet&nbsp;<a href=\"https:\/\/sv.wikipedia.org\/wiki\/Sture_Bergwall\" target=\"_blank\" rel=\"noreferrer noopener\">Thomas Quick<\/a>, men ocks\u00e5 i andra uppm\u00e4rksammade r\u00e4ttsfall som skrivit in sig i den moderna svenska kriminalhistorien.&nbsp;<\/p>\n\n\n\n<p><strong>S\u00e5 n\u00e4r Dahlstr\u00f6ms bok krockade<\/strong> med SVT:s dokument\u00e4rserie&nbsp;<a href=\"https:\/\/www.svtplay.se\/dokument-inifran-det-svenska-styckmordet\" target=\"_blank\" rel=\"noreferrer noopener\">Det svenska styckmordet<\/a>&nbsp;gav det f\u00f6rst\u00e5s extra sk\u00e4rpt blick \u00e5t min l\u00e4sning. F\u00f6r \u00e4ven i detta snart 40 \u00e5r gamla r\u00e4ttsfall d\u00e4r &#8221;obducenten och allm\u00e4nl\u00e4karen&#8221; fick sina liv slagna i spillror, spelade Margit Norell en viktig roll. Om inte direkt sj\u00e4lv p\u00e5 plats i r\u00e4ttssalen s\u00e5 genom sin l\u00e4rljunge&nbsp;<a href=\"https:\/\/sv.wikipedia.org\/wiki\/Hanna_Olsson_(f%C3%B6rfattare)\" target=\"_blank\" rel=\"noreferrer noopener\">Hanna Olsson<\/a>&nbsp;som skrev den mycket uppm\u00e4rksammade och av Norells tankegods impregnerade boken&nbsp;<a href=\"https:\/\/www.bokus.com\/bok\/9789185011131\/catrine-och-rattvisan\/?srsltid=AfmBOoqGUeAl2UYHwwVk6qqy_SdUpg10wKpKsJfDYlbbJ72N2Frl9maW\" target=\"_blank\" rel=\"noreferrer noopener\">Catrine och r\u00e4ttvisan<\/a>.&nbsp;<\/p>\n\n\n\n<p>Den psykoanalytiska v\u00e4rlden ligger bortom min horisont och jag har varken ambition eller kompetens att uttala mig om r\u00e4ttspsykiatriska teorier eller dito behandlings- och analysmetoder. Och fast\u00e4n jag har pl\u00f6jt&nbsp;<em><a href=\"https:\/\/www.regeringen.se\/contentassets\/4ed0d8cbf1bc490d9ebe5a4c517dff71\/sou-2015-52-rapport-fran-bergwallkommissionen.pdf\" target=\"_blank\" rel=\"noreferrer noopener\">Bergwallkomissionen<\/a><\/em>, Hannes R\u00e5stams&nbsp;<em><a href=\"https:\/\/www.bokus.com\/bok\/9789174411515\/fallet-thomas-quick-att-skapa-en-seriemordare\/?srsltid=AfmBOor63Gg1DzdEPHUw6CMC3gYZpPkoo3rn5U8cykOg_tNDoPsK41ev\" target=\"_blank\" rel=\"noreferrer noopener\">Fallet Thomas Quick &#8211; Att skapa en seriem\u00f6rdare<\/a><\/em>, Dan Josefssons&nbsp;<em><a href=\"https:\/\/www.bokus.com\/bok\/9789174612417\/mannen-som-slutade-ljuga-berattelsen-om-sture-bergwall-och-kvinnan-som-skapade-thomas-quick\/?srsltid=AfmBOopPEO9OjyCdxdse6ICoqL2OxoGaFlsr0sFCGJqZocuCLxOVhVVk\" target=\"_blank\" rel=\"noreferrer noopener\">Mannen som slutade ljuga &#8211; Ber\u00e4ttelsen som Sture Bergwall och kvinnan som skapade Thomas Quick<\/a><\/em>, och G\u00f6ran Lambertz&nbsp;<em><a href=\"https:\/\/www.bokus.com\/bok\/9789187513275\/quickologi\/?srsltid=AfmBOooLgdJteywDY75AVdeuc6lMAqMeSg2G6ggUekpo7b9IWMT4z0Io\" target=\"_blank\" rel=\"noreferrer noopener\">Quickologi<\/a><\/em>, har jag \u00e4nd\u00e5 inte blivit smartare p\u00e5 att tolka undantr\u00e4ngda minnen med eller utan incestu\u00f6sa kopplingar. Som sagt, jag sl\u00e4pper psykoanalyserandet av Quick h\u00e4r. Som jurist och frekvent n\u00f6tare av allm\u00e4nhets \u00e5h\u00f6rarb\u00e4nk i r\u00e4ttssalar vet jag d\u00e4remot en del om hur r\u00e4ttsprocesser g\u00e5r till &#8211; och hur de inte b\u00f6r g\u00e5 till.&nbsp;<\/p>\n\n\n\n<p><strong>Mitt fokus landar allts\u00e5<\/strong> p\u00e5 domstolarna. D\u00e4r \u00e4r gruppt\u00e4nkande bannlyst i lag men f\u00f6rekommer \u00e4nd\u00e5. T\u00e4nk Styckmordsr\u00e4tteg\u00e5ngen &#8230; t\u00e4nk Quick &#8230; t\u00e4nk Metoo &#8230; och fram tr\u00e4der bilden av skr\u00e4nande kajor som i flock likt en b\u00f6ljande v\u00e5g sveper \u00f6ver himlavalvet f\u00f6r att som p\u00e5 en given signal tv\u00e4rv\u00e4nda och flaxa \u00e5t motsatt h\u00e5ll. <\/p>\n\n\n\n<p>I svenska domstolar r\u00e5der fri bevispr\u00f6vning och parterna f\u00e5r l\u00e4gga fram och \u00e5beropa vilka stolligheter som helst f\u00f6r att styrka sin sak eller motbevisa anklagelser. Just d\u00e4rf\u00f6r m\u00e5ste domstolarna ha b\u00e5de vilja och f\u00f6rm\u00e5ga att kritiskt granska och v\u00e4rdera bevisning och uttalanden fr\u00e5n r\u00e4tteg\u00e5ngens parter. Domstolarna m\u00e5ste kunna se igenom och ifr\u00e5gas\u00e4tta vad som f\u00f6rs fram av manipulerande och duperande parter, forskare och experter. I t ex Quickfallet menade Bergwallkommissionens medicinske expert\u00a0<a href=\"https:\/\/sv.wikipedia.org\/wiki\/Kjell_Asplund\" target=\"_blank\" rel=\"noreferrer noopener\">Kjell Asplund\u00a0<\/a>att Quick sj\u00e4lv genom sin manipulerande personlighetsst\u00f6rning i h\u00f6g grad kan ha bidragit till hur behandlingen av honom utf\u00f6rdes. Samtidigt som det enligt b\u00e5de Christian Dahlstr\u00f6m och Kommissionen saknas anledning att tro att psykoterapeuterna p\u00e5 S\u00e4ter inte ville Quick v\u00e4l.\u00a0Varf\u00f6r s\u00e5g inte domstolarna n\u00e5got av detta?<\/p>\n\n\n\n<p><strong>F\u00f6r att sammanfatta:<\/strong> H\u00f6g kompetens hos domark\u00e5ren, s\u00e5 att den st\u00e5r fri fr\u00e5n gruppt\u00e4nkande, partiskhet och slentrian, \u00e4r en h\u00f6rnsten i en demokrati och r\u00e4ttsstat. Men vad jag och f\u00f6rhoppningsvis ocks\u00e5 andra nu ser \u00e4r en sjunkande kvalitet och en flykt fr\u00e5n domaryrket till annan och i m\u00e5nga fall mer ekonomiskt l\u00f6nande verksamhet.&nbsp;<a href=\"https:\/\/www.domstol.se\/domstolsverket\/jobba-hos-oss\/vax-med-oss\/lediga-domaranstallningar\/\" target=\"_blank\" rel=\"noreferrer noopener\">Domstolsverkets senaste v\u00e4rvningskampanj&nbsp;<\/a>efter ordinarie domare andas desperation och \u00e4r ett mycket d\u00e5ligt omen. Samtidigt som cynikern i mig s\u00e4ger att h\u00e4r bjuds ett finfint tillf\u00e4lle f\u00f6r alla de jurister som inte passar f\u00f6r att bli domare.<\/p>\n\n\n\n<p><\/p>\n\n\n\n<p><\/p>\n\n\n\n<p><\/p>\n\n\n\n<p><\/p>\n\n\n\n<p><br><\/p>\n","protected":false},"excerpt":{"rendered":"<p>I november i samband med&nbsp;V\u00e4rmlands Bokfestival&nbsp;lyssnade jag p\u00e5 ett f\u00f6rfattarsamtal med&nbsp;Christian Dahlstr\u00f6m&nbsp;om hans bok&nbsp;&#8221;Den enda r\u00e4tta l\u00e4ran &#8211; S\u00e5 f\u00f6rblindade psykoanalysen det svenska r\u00e4ttsv\u00e4sendet&#8221;. Dahlstr\u00f6m gjorde ett genuint n\u00f6rdigt intryck s\u00e5 man f\u00f6rstod att han kunde sitt \u00e4mne.&nbsp; Boken \u00e4r en grundlig genomg\u00e5ng av den freudianskt inspirerade psykoanalytikern&nbsp;Margit Norells inflytande under drygt 30 \u00e5r \u00f6ver&hellip;<\/p>\n<p class=\"more-link-p\"><a class=\"more-link\" href=\"https:\/\/www.mariaabrahamsson.nu\/index.php\/2025\/01\/11\/freud-och-margit-och-quick\/\">Read more &rarr;<\/a><\/p>\n","protected":false},"author":2,"featured_media":0,"comment_status":"open","ping_status":"open","sticky":false,"template":"","format":"standard","meta":{"footnotes":""},"categories":[1],"tags":[256,436,437,438],"class_list":["post-14911","post","type-post","status-publish","format-standard","hentry","category-uncategorized","tag-domstolarna","tag-freud","tag-margit-norell","tag-quick"],"_links":{"self":[{"href":"https:\/\/www.mariaabrahamsson.nu\/index.php\/wp-json\/wp\/v2\/posts\/14911","targetHints":{"allow":["GET"]}}],"collection":[{"href":"https:\/\/www.mariaabrahamsson.nu\/index.php\/wp-json\/wp\/v2\/posts"}],"about":[{"href":"https:\/\/www.mariaabrahamsson.nu\/index.php\/wp-json\/wp\/v2\/types\/post"}],"author":[{"embeddable":true,"href":"https:\/\/www.mariaabrahamsson.nu\/index.php\/wp-json\/wp\/v2\/users\/2"}],"replies":[{"embeddable":true,"href":"https:\/\/www.mariaabrahamsson.nu\/index.php\/wp-json\/wp\/v2\/comments?post=14911"}],"version-history":[{"count":28,"href":"https:\/\/www.mariaabrahamsson.nu\/index.php\/wp-json\/wp\/v2\/posts\/14911\/revisions"}],"predecessor-version":[{"id":14939,"href":"https:\/\/www.mariaabrahamsson.nu\/index.php\/wp-json\/wp\/v2\/posts\/14911\/revisions\/14939"}],"wp:attachment":[{"href":"https:\/\/www.mariaabrahamsson.nu\/index.php\/wp-json\/wp\/v2\/media?parent=14911"}],"wp:term":[{"taxonomy":"category","embeddable":true,"href":"https:\/\/www.mariaabrahamsson.nu\/index.php\/wp-json\/wp\/v2\/categories?post=14911"},{"taxonomy":"post_tag","embeddable":true,"href":"https:\/\/www.mariaabrahamsson.nu\/index.php\/wp-json\/wp\/v2\/tags?post=14911"}],"curies":[{"name":"wp","href":"https:\/\/api.w.org\/{rel}","templated":true}]}}