{"id":148,"date":"2009-10-08T18:58:22","date_gmt":"2009-10-08T16:58:22","guid":{"rendered":"http:\/\/www.mariaabrahamsson.nu\/?p=148"},"modified":"2020-11-01T18:28:24","modified_gmt":"2020-11-01T17:28:24","slug":"pajasarna-visste-vem-jag-var-och-det-ar-bra","status":"publish","type":"post","link":"https:\/\/www.mariaabrahamsson.nu\/index.php\/2009\/10\/08\/pajasarna-visste-vem-jag-var-och-det-ar-bra\/","title":{"rendered":"Fyllona visste vem jag var, och det \u00e4r bra"},"content":{"rendered":"<p><strong>T\u00e4nk er sj\u00e4lva<\/strong> att ni st\u00e5r vid ett v\u00e4lbefolkat \u00f6verg\u00e5ngsst\u00e4lle i h\u00f6stsolen och v\u00e4ntar p\u00e5 gr\u00f6n gubbe. P\u00e5 andra sidan gatan st\u00e5r tv\u00e5 besk\u00e4nkta levnadskonstn\u00e4rer modell slitnare och \u00e4ldre och skr\u00e5lar Maria, Maria fr\u00e5n Bahia&#8230;Med till\u00e4gget: Fy fan f\u00f6r\u00a0moderaterna!<\/p>\n<p><strong>Nej, det k\u00e4ndes inte j\u00e4ttebekv\u00e4mt<\/strong> d\u00e4r vid Medborgarplatsen i eftermiddags. Tack och lov hade en s\u00f6t kvinna i 70-\u00e5rs\u00e5ldern bara \u00f6gonblicket innan kupat sin hand runt min armb\u00e5ge och bedyrat hur mycket hon gillade mig. Hon fick mig att t\u00e4nka p\u00e5 min mamma, och p\u00e5 hur trist jag tycker att det \u00e4r att vi bor \u00f6ver 40 mil fr\u00e5n varandra.<\/p>\n<p><strong>S\u00e5 d\u00f6k allts\u00e5<\/strong> de d\u00e4r pajsarna upp tv\u00e4rs \u00f6ver gatan. Med rodnande kinder gjord jag tillk\u00e4mpat sturskt tummen upp, och gick vidare.\u00a0Jag passerar sedan S\u00f6dra stationsomr\u00e5det och t\u00e4nker p\u00e5 P O Enquist som ska sitta d\u00e4r n\u00e5gonstans och skriva.<\/p>\n<p>S\u00e5 st\u00e5r han d\u00e4r, en f\u00f6r mig fr\u00e4mmande pappa p\u00e5 v\u00e4g till ICA med sin ton\u00e5rsdotter. Han stannar mig bara f\u00f6r att s\u00e4ga hur synd han tycker att det \u00e4r att jag har slutat p\u00e5 Svenskan. Jag ler, tackar och uppmanar honom att\u00a0r\u00f6sta p\u00e5 mig, och\u00a0k\u00e4nner mig p\u00e5flugen. Du har mitt kryss, hojtar han. Dottern himlar med \u00f6gonen.<\/p>\n<p>Efter ett par kvarter \u00e4r jag framme vid Mariahallen. Har siktat in mig p\u00e5 en kaffe och tidningsl\u00e4sning p\u00e5 den popul\u00e4ra kaffebaren. D\u00e5 h\u00f6r jag en bekant r\u00f6st s\u00e4ga att hon av sin granne har f\u00e5tt veta att vi har talat om henne i tv.<\/p>\n<p><strong>Va?\u00a0S\u00e5 ser jag,<\/strong> det \u00e4r Anna-Greta Leijon. Och mycket riktigt, i SVT:s fredagspanel h\u00e4romsistens avhandlade Stig Malm, jag och G\u00f6ran H\u00e4gg om det var klokt av Mona Sahlin att ta hj\u00e4lp av Leijon i valr\u00f6relsen. Som jag minns det var vi r\u00f6rande eniga om att det var helt r\u00e4tt, vilket jag upplyser AGL om. Hon gillade svaret, om jag s\u00e5 s\u00e4ger.<\/p>\n<p>Sa jag f\u00f6rresten att jag m\u00f6tte Stellan Skarsg\u00e5rd med nya familjen i korsningen S\u00f6dermannaga&#8230;nej, det m\u00f6tet sparar jag f\u00f6r mig sj\u00e4lv.<\/p>\n<p><strong>Livet p\u00e5 S\u00f6dermalm<\/strong> \u00e4r r\u00e4tt fantastiskt, i alla fall.<\/p>\n","protected":false},"excerpt":{"rendered":"<p>T\u00e4nk er sj\u00e4lva att ni st\u00e5r vid ett v\u00e4lbefolkat \u00f6verg\u00e5ngsst\u00e4lle i h\u00f6stsolen och v\u00e4ntar p\u00e5 gr\u00f6n gubbe. P\u00e5 andra sidan gatan st\u00e5r tv\u00e5 besk\u00e4nkta levnadskonstn\u00e4rer modell slitnare och \u00e4ldre och skr\u00e5lar Maria, Maria fr\u00e5n Bahia&#8230;Med till\u00e4gget: Fy fan f\u00f6r\u00a0moderaterna! Nej, det k\u00e4ndes inte j\u00e4ttebekv\u00e4mt d\u00e4r vid Medborgarplatsen i eftermiddags. Tack och lov hade en s\u00f6t&hellip;<\/p>\n<p class=\"more-link-p\"><a class=\"more-link\" href=\"https:\/\/www.mariaabrahamsson.nu\/index.php\/2009\/10\/08\/pajasarna-visste-vem-jag-var-och-det-ar-bra\/\">Read more &rarr;<\/a><\/p>\n","protected":false},"author":2,"featured_media":0,"comment_status":"closed","ping_status":"open","sticky":false,"template":"","format":"standard","meta":{"footnotes":""},"categories":[1],"tags":[264],"class_list":["post-148","post","type-post","status-publish","format-standard","hentry","category-uncategorized","tag-politikerlivet"],"_links":{"self":[{"href":"https:\/\/www.mariaabrahamsson.nu\/index.php\/wp-json\/wp\/v2\/posts\/148","targetHints":{"allow":["GET"]}}],"collection":[{"href":"https:\/\/www.mariaabrahamsson.nu\/index.php\/wp-json\/wp\/v2\/posts"}],"about":[{"href":"https:\/\/www.mariaabrahamsson.nu\/index.php\/wp-json\/wp\/v2\/types\/post"}],"author":[{"embeddable":true,"href":"https:\/\/www.mariaabrahamsson.nu\/index.php\/wp-json\/wp\/v2\/users\/2"}],"replies":[{"embeddable":true,"href":"https:\/\/www.mariaabrahamsson.nu\/index.php\/wp-json\/wp\/v2\/comments?post=148"}],"version-history":[{"count":1,"href":"https:\/\/www.mariaabrahamsson.nu\/index.php\/wp-json\/wp\/v2\/posts\/148\/revisions"}],"predecessor-version":[{"id":13525,"href":"https:\/\/www.mariaabrahamsson.nu\/index.php\/wp-json\/wp\/v2\/posts\/148\/revisions\/13525"}],"wp:attachment":[{"href":"https:\/\/www.mariaabrahamsson.nu\/index.php\/wp-json\/wp\/v2\/media?parent=148"}],"wp:term":[{"taxonomy":"category","embeddable":true,"href":"https:\/\/www.mariaabrahamsson.nu\/index.php\/wp-json\/wp\/v2\/categories?post=148"},{"taxonomy":"post_tag","embeddable":true,"href":"https:\/\/www.mariaabrahamsson.nu\/index.php\/wp-json\/wp\/v2\/tags?post=148"}],"curies":[{"name":"wp","href":"https:\/\/api.w.org\/{rel}","templated":true}]}}