{"id":14689,"date":"2023-10-11T15:17:23","date_gmt":"2023-10-11T13:17:23","guid":{"rendered":"https:\/\/www.mariaabrahamsson.nu\/?p=14689"},"modified":"2023-10-11T21:49:04","modified_gmt":"2023-10-11T19:49:04","slug":"fredspristagaren-och-ordningslagen","status":"publish","type":"post","link":"https:\/\/www.mariaabrahamsson.nu\/index.php\/2023\/10\/11\/fredspristagaren-och-ordningslagen\/","title":{"rendered":"Fredspristagaren och Ordningslagen"},"content":{"rendered":"\n<p><\/p>\n\n\n\n<p><strong>Nobels fredspristagare <a href=\"https:\/\/www.nobelprize.org\/prizes\/peace\/2023\/213262-press-release-norwegian\/\">Narges Mohammadi <\/a><\/strong>sitter sedan \u00e5ratal inl\u00e5st och isolerad i Irans \u00f6k\u00e4nda Evinf\u00e4ngelse f\u00f6r sitt arbete mot d\u00f6dsstraff och f\u00f6r kvinnors r\u00e4ttigheter. Mohammadi \u00e4r f\u00f6rv\u00e4grad att protestera mot mullornas f\u00f6rtryck. <a href=\"https:\/\/www.dn.se\/varlden\/pristagaren-fortsatter-sin-kamp-inifran-evinfangelset\/\">Maken<\/a>, som inte har tr\u00e4ffat sin f\u00e4ngslade hustru p\u00e5 \u00f6ver tio \u00e5r, liknar henne vid en &#8221;ostoppbar kraft&#8221;. <\/p>\n\n\n\n<p>Vad kan vara mer angel\u00e4get f\u00f6r den demokratiska v\u00e4rldens systrar och br\u00f6der \u00e4n att driva Narges Mohammadis kamp vidare? Naturligtvis ska fredspristagarens arbete f\u00f6r kvinnors r\u00e4ttigheter och yttrandefrihet i Iran forts\u00e4tta \u00e4ven h\u00e4r i Sverige framf\u00f6r \u00f6gonen p\u00e5 den iranska regimens uts\u00e4nda.  <\/p>\n\n\n\n<p><strong>S\u00e5 var lugn, det blir ingen inskr\u00e4nkning<\/strong> av demonstrationsfriheten i den svenska ordningslagen, p\u00e5st\u00e5r jag helt frankt. <\/p>\n\n\n\n<p>Men l\u00e5t oss backa bandet. Sv\u00e5rt pressad av v\u00e5rens och sommarens koranbr\u00e4nningar, som ledde till upplopp och st\u00f6rde den svenska Natoprocessen, tillsatte regeringen i h\u00f6stas en utredning om \u00e4ndringar i ordningslagen med (enligt mig) huvudsakligt syfte att blidka president Erdogan i Natofr\u00e5gan. N\u00e5got som antogs kunna ske genom att polisen f\u00e5r neka demonstrationstillst\u00e5nd till koranbr\u00e4nnare med h\u00e4nvisning till rikets s\u00e4kerhet. <\/p>\n\n\n\n<p><strong>L\u00e5t mig citera<\/strong> ur <a href=\"https:\/\/www.regeringen.se\/contentassets\/81d0d4a55edb4c10a5034144572c6a6e\/starkt-skydd-for-sveriges-sakerhet-vid-allmanna-sammankomster-dir-2023-123.pdf\" data-type=\"link\" data-id=\"https:\/\/www.regeringen.se\/contentassets\/81d0d4a55edb4c10a5034144572c6a6e\/starkt-skydd-for-sveriges-sakerhet-vid-allmanna-sammankomster-dir-2023-123.pdf\">direktiven<\/a>: &#8230; I \u00f6vrigt har det utrymme som regeringsformen ger att begr\u00e4nsa m\u00f6tes- och demonstrationsfriheterna av h\u00e4nsyn till Sveriges s\u00e4kerhet inte anv\u00e4nts vid utformningen av ordningslagens best\u00e4mmelser om tillst\u00e5ndspr\u00f6vning \/&#8230;\/ Tv\u00e4rtom syftar reglerna i regeringsformen till att alla grupper ska f\u00e5 framf\u00f6ra sina budskap under fredliga former. Att det f\u00f6rv\u00e4ntas f\u00f6rekomma budskap vid en demonstration som kan uppfattas som st\u00f6tande eller ol\u00e4mpliga i f\u00f6rh\u00e5llande till andra grupper inneb\u00e4r allts\u00e5 inte att tillst\u00e5nd till en demonstration kan nekas med h\u00e4nsyn till ordningen och s\u00e4kerheten vid sammankomsten. Inneh\u00e5llet i s\u00e5dana budskap f\u00e5r i st\u00e4llet hanteras med st\u00f6d av annan reglering, t.ex. best\u00e4mmelsen om hets mot folkgrupp. De m\u00e4nskliga fri- och r\u00e4ttigheter som sl\u00e5s fast i regeringsformen, inte minst yttrande- och demonstrationsfriheterna, utg\u00f6r grundpelare i v\u00e5r r\u00e4ttsstat och demokrati. Skyddet f\u00f6r dessa principer ska \u00e4ven fortsatt vara starkt och principerna ska v\u00e4rnas. <br>Slut citat. <\/p>\n\n\n\n<p>Utredaren ska allts\u00e5 v\u00e4rna grundpelarna som v\u00e5r demokratiska r\u00e4ttsstat vilar p\u00e5, samtidigt som han ska pr\u00f6va hur samma grundpelare kan f\u00f6rsvagas. Regeringen talar uppenbart med dubbla tungor, menar jag. Ett intryck som f\u00f6rst\u00e4rktes vid justitieminister Str\u00f6mmers<a href=\"https:\/\/www.regeringen.se\/pressmeddelanden\/2023\/08\/en-oversyn-av-ordningslagen-for-att-starka-sveriges-sakerhet\/\" data-type=\"link\" data-id=\"https:\/\/www.regeringen.se\/pressmeddelanden\/2023\/08\/en-oversyn-av-ordningslagen-for-att-starka-sveriges-sakerhet\/\"> presstr\u00e4ff<\/a>. <\/p>\n\n\n\n<p><strong>F\u00f6r en g\u00e5ng skull ska vi dock vara<\/strong> tacksamma f\u00f6r att utredaren har f\u00e5tt en om\u00f6jlig uppgift p\u00e5 sitt bord. Det borgar f\u00f6r att det blir pannkaka av hela projektet. F\u00f6r hur skulle det annars bli om polisen, l\u00e5t vara efter h\u00f6rande av S\u00e4po, kan v\u00e4gra tillst\u00e5nd till fredliga demonstrationer med \u00e5beropande av att det kan p\u00e5verka rikets s\u00e4kerhet (i form av terrorattentat, hot och infiltration fr\u00e5n stater och organisationer som upplever sig kr\u00e4nkta)? Stopp f\u00f6r m\u00e5ndagsm\u00f6ten p\u00e5 Norrmalmstorg mot Putin! Finito f\u00f6r sammankomster i solidaritet med den av Kina f\u00f6rtryckta uiguriska befolkningen! Och definitivt inga fler tillst\u00e5nd till demonstrationer p\u00e5 Mynttorget mot kvinnof\u00f6rtrycket i Iran.<\/p>\n\n\n\n<p><\/p>\n\n\n\n<p><\/p>\n\n\n\n<p><\/p>\n\n\n\n<p><\/p>\n\n\n\n<p><\/p>\n\n\n\n<p><\/p>\n\n\n\n<p><\/p>\n\n\n\n<p><\/p>\n\n\n\n<p><\/p>\n","protected":false},"excerpt":{"rendered":"<p>Nobels fredspristagare Narges Mohammadi sitter sedan \u00e5ratal inl\u00e5st och isolerad i Irans \u00f6k\u00e4nda Evinf\u00e4ngelse f\u00f6r sitt arbete mot d\u00f6dsstraff och f\u00f6r kvinnors r\u00e4ttigheter. Mohammadi \u00e4r f\u00f6rv\u00e4grad att protestera mot mullornas f\u00f6rtryck. Maken, som inte har tr\u00e4ffat sin f\u00e4ngslade hustru p\u00e5 \u00f6ver tio \u00e5r, liknar henne vid en &#8221;ostoppbar kraft&#8221;. Vad kan vara mer angel\u00e4get f\u00f6r&hellip;<\/p>\n<p class=\"more-link-p\"><a class=\"more-link\" href=\"https:\/\/www.mariaabrahamsson.nu\/index.php\/2023\/10\/11\/fredspristagaren-och-ordningslagen\/\">Read more &rarr;<\/a><\/p>\n","protected":false},"author":2,"featured_media":0,"comment_status":"open","ping_status":"open","sticky":false,"template":"","format":"standard","meta":{"footnotes":""},"categories":[1],"tags":[404,406,403,381,405],"class_list":["post-14689","post","type-post","status-publish","format-standard","hentry","category-uncategorized","tag-fredspristagare","tag-koranbranningar","tag-narges-mohammadi","tag-nato","tag-ordningslagen"],"_links":{"self":[{"href":"https:\/\/www.mariaabrahamsson.nu\/index.php\/wp-json\/wp\/v2\/posts\/14689","targetHints":{"allow":["GET"]}}],"collection":[{"href":"https:\/\/www.mariaabrahamsson.nu\/index.php\/wp-json\/wp\/v2\/posts"}],"about":[{"href":"https:\/\/www.mariaabrahamsson.nu\/index.php\/wp-json\/wp\/v2\/types\/post"}],"author":[{"embeddable":true,"href":"https:\/\/www.mariaabrahamsson.nu\/index.php\/wp-json\/wp\/v2\/users\/2"}],"replies":[{"embeddable":true,"href":"https:\/\/www.mariaabrahamsson.nu\/index.php\/wp-json\/wp\/v2\/comments?post=14689"}],"version-history":[{"count":11,"href":"https:\/\/www.mariaabrahamsson.nu\/index.php\/wp-json\/wp\/v2\/posts\/14689\/revisions"}],"predecessor-version":[{"id":14700,"href":"https:\/\/www.mariaabrahamsson.nu\/index.php\/wp-json\/wp\/v2\/posts\/14689\/revisions\/14700"}],"wp:attachment":[{"href":"https:\/\/www.mariaabrahamsson.nu\/index.php\/wp-json\/wp\/v2\/media?parent=14689"}],"wp:term":[{"taxonomy":"category","embeddable":true,"href":"https:\/\/www.mariaabrahamsson.nu\/index.php\/wp-json\/wp\/v2\/categories?post=14689"},{"taxonomy":"post_tag","embeddable":true,"href":"https:\/\/www.mariaabrahamsson.nu\/index.php\/wp-json\/wp\/v2\/tags?post=14689"}],"curies":[{"name":"wp","href":"https:\/\/api.w.org\/{rel}","templated":true}]}}