{"id":14510,"date":"2022-11-27T08:31:52","date_gmt":"2022-11-27T07:31:52","guid":{"rendered":"https:\/\/www.mariaabrahamsson.nu\/?p=14510"},"modified":"2022-11-27T09:14:11","modified_gmt":"2022-11-27T08:14:11","slug":"asiktspolisen-hemming-vill-ha-makt-over-backstroms-tankar","status":"publish","type":"post","link":"https:\/\/www.mariaabrahamsson.nu\/index.php\/2022\/11\/27\/asiktspolisen-hemming-vill-ha-makt-over-backstroms-tankar\/","title":{"rendered":"\u00c5siktspolisen Hemming vill ha makt \u00f6ver B\u00e4ckstr\u00f6ms tankar"},"content":{"rendered":"\n<p><strong>Det centerpartistiska <\/strong>regionr\u00e5det <a href=\"https:\/\/www.regionstockholm.se\/Kontakter\/Fortroendevalda\/Gustav-Hemming-2f24f319-d2ca-4cfd-b20a-eabe5994aaaa\">Gustav Hemming <\/a>slog i veckan fast att &#8221;Man m\u00e5ste vilja g\u00e5 i Prideparaden&#8221; (<a rel=\"noreferrer noopener\" href=\"https:\/\/sverigesradio.se\/avsnitt\/studio-ett-23-november--2\" target=\"_blank\">Studio Ett, ca 25 min in i programmet<\/a>). Uttalandet var avsett som kritik mot partibrodern <a href=\"https:\/\/www.riksdagen.se\/sv\/ledamoter-partier\/ledamot\/daniel-backstrom_d9b65520-dba2-4ec1-a124-d89d667ebf37\">Daniel B\u00e4ckstr\u00f6m<\/a>, vilken som bekant vill eftertr\u00e4da Annie L\u00f6\u00f6f som ledare f\u00f6r partiet. Sj\u00e4lv bryr jag mig m\u00e5ttligt &#8211; l\u00e4s: inte ett dugg &#8211; om vem som vinner den kampen.&nbsp;<\/p>\n\n\n\n<p>Men B\u00e4ckstr\u00f6m visade prov p\u00e5 politiskt ok\u00e4nslighet, f\u00f6r att inte s\u00e4ga klantighet, n\u00e4r han vid en&nbsp;<a rel=\"noreferrer noopener\" href=\"https:\/\/www.youtube.com\/watch?v=wmkiKaV7kDk\" target=\"_blank\">kandidatutfr\u00e5gning&nbsp;<\/a>oklart svarade att han nog m\u00e5ste konsultera Partistyrelsen om han som centerledare ska g\u00e5 l\u00e4ngst fram i Prideparaden. Skadan blev \u00e4n v\u00e4rre av att B\u00e4ckstr\u00f6m sv\u00e4vade p\u00e5 m\u00e5let \u00e4ven i fr\u00e5gan om han skulle kunna viga samk\u00f6nade par.&nbsp;<\/p>\n\n\n\n<p><strong>Prideparaden f\u00f6rst<\/strong>. Ska man ta Gustav Hemming p\u00e5 orden s\u00e5 menar han det inte \u00e4r nog att\u00a0<em>g\u00f6ra\u00a0<\/em>det r\u00e4tta, dvs delta i paraden. En blivande centerledare m\u00e5ste ocks\u00e5\u00a0<em>vilja\u00a0<\/em>g\u00e5 i spetsen f\u00f6r den. F\u00f6r mig l\u00e5ter det d\u00e4r klart obehagligt. Det f\u00f6r tankarna till Kallocain och dagens Kina, l\u00e4nder och samh\u00e4llen d\u00e4r det politiska m\u00e5let \u00e4r f\u00e5 makten ocks\u00e5 \u00f6ver m\u00e4nniskors tankar.<\/p>\n\n\n\n<p>Varf\u00f6r skulle det inte r\u00e4cka med att&nbsp;<em>g\u00f6ra<\/em>&nbsp;r\u00e4tt, t\u00e4nker jag och ser framf\u00f6r mig partiledare, myndighetschefer och andra offentliga personer som v\u00e4ljer att g\u00e5 i t\u00e4ten f\u00f6r Prideparaden, inte av n\u00e5gon slags inre \u00f6vertygelse utan av solidaritet eller kanske helt enkelt f\u00f6r att undvika negativa reaktioner. \u00c4r dessa personers handlande f\u00f6rkastligt om de inte samtidigt av hj\u00e4rtat k\u00e4nner att de g\u00f6r r\u00e4tt? Nej, en s\u00e5dan dogmatism h\u00f6r inte hemma i v\u00e5rt land. S\u00e5 l\u00e4nge man uppf\u00f6r sig anst\u00e4ndigt ska man i en liberal demokrati vara fri att hysa vilka \u00e5sikter som helst. <\/p>\n\n\n\n<p><strong>Jag ger som sagt fasen<\/strong> i vem som eftertr\u00e4der Annie L\u00f6\u00f6f. Men hade Daniel B\u00e4ckstr\u00f6m visat lite st\u00f6rre politisk&nbsp;<em>smartness&nbsp;<\/em>kunde han ha sluppit kritikstorm och risken att kastas ut i kylan. Hurd\u00e5? Jo, p\u00e5 fr\u00e5gan om han som&nbsp;vigself\u00f6rr\u00e4ttare skulle ha vigt homosexuella par kunde han sanningsenligt ha svarat ett rungande JA.&nbsp;(Enligt <a href=\"https:\/\/www.svd.se\/a\/8JGE1w\/c-ledarkandidaten-daniel-backstrom-har-inga-exakta-svar\">SvD<\/a> tycks B\u00e4ckstr\u00f6m nu vara inne p\u00e5 det sp\u00e5ret).  <\/p>\n\n\n\n<p>Och t\u00e4nkt: Just d\u00e4rf\u00f6r vill&nbsp;jag f\u00f6r liv och pina inte&nbsp;<em>bli&nbsp;<\/em>vigself\u00f6rr\u00e4ttare.&nbsp;<\/p>\n\n\n\n<p><strong>Men kanske herr \u00e5siktspolis<\/strong> Gustav Hemming skulle ha genomsk\u00e5dat charaden? <\/p>\n\n\n\n<p><\/p>\n\n\n\n<p><\/p>\n\n\n\n<p>    <\/p>\n","protected":false},"excerpt":{"rendered":"<p>Det centerpartistiska regionr\u00e5det Gustav Hemming slog i veckan fast att &#8221;Man m\u00e5ste vilja g\u00e5 i Prideparaden&#8221; (Studio Ett, ca 25 min in i programmet). Uttalandet var avsett som kritik mot partibrodern Daniel B\u00e4ckstr\u00f6m, vilken som bekant vill eftertr\u00e4da Annie L\u00f6\u00f6f som ledare f\u00f6r partiet. Sj\u00e4lv bryr jag mig m\u00e5ttligt &#8211; l\u00e4s: inte ett dugg &#8211;&hellip;<\/p>\n<p class=\"more-link-p\"><a class=\"more-link\" href=\"https:\/\/www.mariaabrahamsson.nu\/index.php\/2022\/11\/27\/asiktspolisen-hemming-vill-ha-makt-over-backstroms-tankar\/\">Read more &rarr;<\/a><\/p>\n","protected":false},"author":2,"featured_media":0,"comment_status":"open","ping_status":"open","sticky":false,"template":"","format":"standard","meta":{"footnotes":""},"categories":[1],"tags":[374,372,375,373,376],"class_list":["post-14510","post","type-post","status-publish","format-standard","hentry","category-uncategorized","tag-backstrom","tag-centerledare","tag-hemming","tag-kallocain","tag-prideparaden"],"_links":{"self":[{"href":"https:\/\/www.mariaabrahamsson.nu\/index.php\/wp-json\/wp\/v2\/posts\/14510","targetHints":{"allow":["GET"]}}],"collection":[{"href":"https:\/\/www.mariaabrahamsson.nu\/index.php\/wp-json\/wp\/v2\/posts"}],"about":[{"href":"https:\/\/www.mariaabrahamsson.nu\/index.php\/wp-json\/wp\/v2\/types\/post"}],"author":[{"embeddable":true,"href":"https:\/\/www.mariaabrahamsson.nu\/index.php\/wp-json\/wp\/v2\/users\/2"}],"replies":[{"embeddable":true,"href":"https:\/\/www.mariaabrahamsson.nu\/index.php\/wp-json\/wp\/v2\/comments?post=14510"}],"version-history":[{"count":6,"href":"https:\/\/www.mariaabrahamsson.nu\/index.php\/wp-json\/wp\/v2\/posts\/14510\/revisions"}],"predecessor-version":[{"id":14516,"href":"https:\/\/www.mariaabrahamsson.nu\/index.php\/wp-json\/wp\/v2\/posts\/14510\/revisions\/14516"}],"wp:attachment":[{"href":"https:\/\/www.mariaabrahamsson.nu\/index.php\/wp-json\/wp\/v2\/media?parent=14510"}],"wp:term":[{"taxonomy":"category","embeddable":true,"href":"https:\/\/www.mariaabrahamsson.nu\/index.php\/wp-json\/wp\/v2\/categories?post=14510"},{"taxonomy":"post_tag","embeddable":true,"href":"https:\/\/www.mariaabrahamsson.nu\/index.php\/wp-json\/wp\/v2\/tags?post=14510"}],"curies":[{"name":"wp","href":"https:\/\/api.w.org\/{rel}","templated":true}]}}