{"id":14345,"date":"2022-07-25T10:22:19","date_gmt":"2022-07-25T08:22:19","guid":{"rendered":"https:\/\/www.mariaabrahamsson.nu\/?p=14345"},"modified":"2022-07-25T18:07:09","modified_gmt":"2022-07-25T16:07:09","slug":"kronoparksmodellen-forebild-mot-paludan","status":"publish","type":"post","link":"https:\/\/www.mariaabrahamsson.nu\/index.php\/2022\/07\/25\/kronoparksmodellen-forebild-mot-paludan\/","title":{"rendered":"Kronoparksmodellen f\u00f6rebild mot Paludan"},"content":{"rendered":"\n<p><strong>Hurra och grattis Karlstad som i helgen<\/strong> visade omv\u00e4rlden att den \u00f6k\u00e4nde h\u00f6gerextremisten <a href=\"https:\/\/sv.wikipedia.org\/wiki\/Rasmus_Paludan\">Rasmus Paludan <\/a>inte hade n\u00e5got f\u00f6r sin uppreklamerade f\u00f6rest\u00e4llning i V\u00e4rmlands <a href=\"https:\/\/visitvarmland.com\/karlstad\/\">residensstad<\/a>. Det var i fredags i muslimt\u00e4ta <a href=\"https:\/\/karlstad.se\/Bygga-och-bo\/Bygglov-tillstand-och-fastighetsfragor\/Kulturhistoriska-byggnader\/Omradesbeskrivningar\/kronoparken\/\">Kronoparken<\/a> som Paludan efter s\u00f6kt och beviljat tillst\u00e5nd fr\u00e5n polisen h\u00f6ll en av sina provokativa koranbr\u00e4nnardemonstrationer. I <a href=\"https:\/\/www.nwt.se\">NWT<\/a> (21\/7) gav en &#8221;Nathalie&#8221; r\u00f6st \u00e5t s\u00e4kert m\u00e5nga uppr\u00f6rda karlstadsbor n\u00e4r hon r\u00e5sk\u00e4llde p\u00e5 beslutet. Begrep man inte vilka risker inv\u00e5narna utsattes f\u00f6r? P\u00e5 tidningens debattsida samma dag klargjorde en student att \u00e4ven Paludan har grundlagsskyddad r\u00e4tt att yttra sig, ocks\u00e5 om budskapet riskerar att &#8221;splittra samh\u00e4llet&#8221;.\u00a0<\/p>\n\n\n\n<p>Eller f\u00f6r att travestera Voltaire: Jag avskyr vad Paludan s\u00e4ger men \u00e4r beredd att g\u00e5 i d\u00f6den f\u00f6r hans r\u00e4tt att s\u00e4ga det.<\/p>\n\n\n\n<p><strong>Paludan kunde genomf\u00f6ra <\/strong>sin sammankomst utan v\u00e5ldsamheter. Demonstrationen lockade f\u00e5 \u00e5h\u00f6rare och gick enligt polisen&nbsp;<a rel=\"noreferrer noopener\" href=\"https:\/\/www.svt.se\/nyheter\/lokalt\/varmland\/folkfest-blev-motvikten-mot-paludans-demonstration\" target=\"_blank\">lugnt till<\/a>. Nathalie \u00e4r knappast ensam om att dra en l\u00e4ttnadens suck. Det g\u00f6r ocks\u00e5 Karlstadspolisen, kan man utg\u00e5 ifr\u00e5n. Till skillnad fr\u00e5n <a href=\"https:\/\/sv.wikipedia.org\/wiki\/P\u00e5skkravallerna_i_Sverige_2022\">&#8221;P\u00e5skupploppen&#8221; <\/a>d\u00e4r Paludan och polisen m\u00f6ttes av fanatiska stenkastare och besinningsl\u00f6st v\u00e5ld som blev polisen \u00f6verm\u00e4ktigt, mobiliserade Karlstadspolisen i fredags p\u00e5 bred front f\u00f6r att s\u00e4kra b\u00e5de den allm\u00e4nna ordningen och Paludans yttrandefrihet. Ja, allt annat hade varit grovt tj\u00e4nstefel, om ni fr\u00e5gar mig. Mobiliserade mot Paludan gjorde ocks\u00e5 <a href=\"https:\/\/karlstadmoske.se\">Karlstads Mosk\u00e9 <\/a>genom att bjuda in alla, muslimer eller inte, barn och vuxna, till en heldag p\u00e5 <a href=\"https:\/\/karlstad.se\/Uppleva-och-gora\/Idrott-motion-och-friluftsliv\/Idrottsanlaggningar-och-hallar\/Fotbollsplaner-och-idrottsplatser\/Klasmossens-IP\/\">Klasmossens IP.<\/a> H\u00e4r bj\u00f6ds Karlstadsborna p\u00e5 lekar och sportaktiviteter, ansiktsm\u00e5lning, hoppborg, korv och godis &#8211; allt som h\u00f6r en folkfest till. Medan Paludan n\u00e5gra hundra meter bort agiterade i sin h\u00f6gtalare.&nbsp;<\/p>\n\n\n\n<p>V\u00e4rmlands landsh\u00f6vding <a href=\"https:\/\/www.lansstyrelsen.se\/varmland\/om-oss\/om-lansstyrelsen-varmland\/landshovding-och-lansledning.html?TSPD_101_R0=08054bd396ab2000a7e4cd6083dc7cd8fc4af018f0cab0a13f50c4be8f4bca851edd9ef9dfc6ea3f0818ac283714300098366f7f19bd62a01a1293bdbe923a68a7b3ca91660536dd135737642a714cac9d248a420819ba164a8a8fd77a22d1d1\">Georg Andr\u00e9<\/a> sammanfattade dagen i ett FB-inl\u00e4gg som jag g\u00e4rna citerar n\u00e5gra meningar fr\u00e5n:&nbsp;<br><em>&#8230; Kommunen och polisen samverkade f\u00f6r att s\u00e4kra trygghet. Samexistens, tolerans och k\u00e4rlek pr\u00e4glade f\u00f6rmiddagen. P\u00e5 annan plats i Kronoparken stod en man och utnyttjade sin r\u00e4tt att tala. Hans budskap var ett annat.<\/em> <\/p>\n\n\n\n<p><strong>Tack f\u00f6r v\u00e4l balanserade<\/strong> ord! Den l\u00e5ngtg\u00e5ende svenska yttrandefriheten b\u00f6r i alla l\u00e4gen uppr\u00e4tth\u00e5llas och f\u00f6rsvaras. Paludans propaganda bem\u00f6ts d\u00e4rf\u00f6r b\u00e4st med fredligt avst\u00e5ndstagande, precis som Andr\u00e9n och Karlstadsborna gjorde. De som i st\u00e4llet v\u00e4ljer att g\u00e5 till v\u00e5ldsamt motangrepp f\u00e5r finna sig i att r\u00e4ttssamh\u00e4llet reagerar i form av polisingripanden, r\u00e4tteg\u00e5ng, dom och straff. Det \u00e4r s\u00e5 det g\u00e5r till i en r\u00e4ttsstat. Provokationer mot den egna religionen, om \u00e4n aldrig s\u00e5 grova, \u00e4r ingen urs\u00e4kt f\u00f6r att gripa till v\u00e5ld. Det \u00e4r trist men n\u00f6dv\u00e4ndigt att i v\u00e5r tid beh\u00f6va upprepa det.<\/p>\n\n\n\n<p>Fast\u00e4n jag sj\u00e4lv inte var \u00e5syna vittne till vad som h\u00e4nde p\u00e5 Klasmossens IP och inte heller p\u00e5 Rasmus Paludans <a href=\"https:\/\/www.svt.se\/nyheter\/lokalt\/varmland\/paludan-beviljas-tillstand-pa-kronoparken\">m\u00f6te<\/a>, vill jag \u00e4nd\u00e5 summera att Karlstadsborna verkar ha funnit ett effektivt motgift som b\u00f6r kunna fungera varhelst Paludan g\u00f6r stopp p\u00e5 sin turn\u00e9. <\/p>\n\n\n\n<p><strong>F\u00f6r det f\u00f6rsta.<\/strong> Polisen f\u00e5r inte ta n\u00e5got f\u00f6r givet utan m\u00e5ste f\u00f6r s\u00e4kerhets skull kraftsamla p\u00e5 bred front f\u00f6r att uppr\u00e4tth\u00e5lla ordningen n\u00e4r denna s\u00e4tts under press och medborgarnas grundlagsskyddade fri- och r\u00e4ttigheter hotas.<\/p>\n\n\n\n<p>F\u00f6r det andra. Fr\u00e5n r\u00e4ttsmaskineriet har domar b\u00f6rjat  <a href=\"https:\/\/www.domstol.se\/nyheter\/2022\/06\/dom-i-mal-om-grovt-sabotage-mot-blaljusverksamhet3\/\">&#8221;ticka ut&#8221;<\/a> (senast <a href=\"https:\/\/www.dn.se\/sverige\/tre-man-doms-till-fangelse-efter-upploppen-i-linkoping\/\">h\u00e4r<\/a>) med k\u00e4nnbara straffp\u00e5f\u00f6ljder f\u00f6r v\u00e5ldsverkare som greps under p\u00e5skens kravaller. T\u00e4nk om alla yttrandefrihetsv\u00e4nner kunde hj\u00e4lpas \u00e5t att affischera hela internet med f\u00e4ngelsedomar post Paludan i avskr\u00e4ckande syfte. <\/p>\n\n\n\n<p><strong>F\u00f6r det tredje.<\/strong> Karlstads Mosk\u00e9 bj\u00f6d in till gemenskap och fest, ett initiativ som f\u00f6rde Karlstadborna \u00e4nnu n\u00e4rmare varandra, och Paludans provokationer f\u00f6ll platt till marken. <\/p>\n\n\n\n<p>L\u00e5t oss kalla denna solskenshistoria f\u00f6r Kronoparksmodellen, och g\u00f6ra den till f\u00f6rebild f\u00f6r hela landet.<\/p>\n\n\n\n<p><\/p>\n\n\n\n<p><\/p>\n\n\n\n<p><\/p>\n\n\n\n<p><\/p>\n\n\n\n<p><\/p>\n\n\n\n<p><\/p>\n\n\n\n<p><\/p>\n\n\n\n<p><\/p>\n\n\n\n<p><\/p>\n\n\n\n<p><\/p>\n\n\n\n<p><\/p>\n\n\n\n<p><\/p>\n\n\n\n<p><\/p>\n\n\n\n<p><\/p>\n\n\n\n<p><\/p>\n","protected":false},"excerpt":{"rendered":"<p>Hurra och grattis Karlstad som i helgen visade omv\u00e4rlden att den \u00f6k\u00e4nde h\u00f6gerextremisten Rasmus Paludan inte hade n\u00e5got f\u00f6r sin uppreklamerade f\u00f6rest\u00e4llning i V\u00e4rmlands residensstad. Det var i fredags i muslimt\u00e4ta Kronoparken som Paludan efter s\u00f6kt och beviljat tillst\u00e5nd fr\u00e5n polisen h\u00f6ll en av sina provokativa koranbr\u00e4nnardemonstrationer. I NWT (21\/7) gav en &#8221;Nathalie&#8221; r\u00f6st \u00e5t&hellip;<\/p>\n<p class=\"more-link-p\"><a class=\"more-link\" href=\"https:\/\/www.mariaabrahamsson.nu\/index.php\/2022\/07\/25\/kronoparksmodellen-forebild-mot-paludan\/\">Read more &rarr;<\/a><\/p>\n","protected":false},"author":2,"featured_media":0,"comment_status":"open","ping_status":"open","sticky":false,"template":"","format":"standard","meta":{"footnotes":""},"categories":[1],"tags":[359,360,361,247,358,251],"class_list":["post-14345","post","type-post","status-publish","format-standard","hentry","category-uncategorized","tag-karlstad","tag-kronoparken","tag-muslimer","tag-polisen","tag-rasmus-paludan","tag-yttrandefriheten"],"_links":{"self":[{"href":"https:\/\/www.mariaabrahamsson.nu\/index.php\/wp-json\/wp\/v2\/posts\/14345","targetHints":{"allow":["GET"]}}],"collection":[{"href":"https:\/\/www.mariaabrahamsson.nu\/index.php\/wp-json\/wp\/v2\/posts"}],"about":[{"href":"https:\/\/www.mariaabrahamsson.nu\/index.php\/wp-json\/wp\/v2\/types\/post"}],"author":[{"embeddable":true,"href":"https:\/\/www.mariaabrahamsson.nu\/index.php\/wp-json\/wp\/v2\/users\/2"}],"replies":[{"embeddable":true,"href":"https:\/\/www.mariaabrahamsson.nu\/index.php\/wp-json\/wp\/v2\/comments?post=14345"}],"version-history":[{"count":12,"href":"https:\/\/www.mariaabrahamsson.nu\/index.php\/wp-json\/wp\/v2\/posts\/14345\/revisions"}],"predecessor-version":[{"id":14359,"href":"https:\/\/www.mariaabrahamsson.nu\/index.php\/wp-json\/wp\/v2\/posts\/14345\/revisions\/14359"}],"wp:attachment":[{"href":"https:\/\/www.mariaabrahamsson.nu\/index.php\/wp-json\/wp\/v2\/media?parent=14345"}],"wp:term":[{"taxonomy":"category","embeddable":true,"href":"https:\/\/www.mariaabrahamsson.nu\/index.php\/wp-json\/wp\/v2\/categories?post=14345"},{"taxonomy":"post_tag","embeddable":true,"href":"https:\/\/www.mariaabrahamsson.nu\/index.php\/wp-json\/wp\/v2\/tags?post=14345"}],"curies":[{"name":"wp","href":"https:\/\/api.w.org\/{rel}","templated":true}]}}