{"id":14327,"date":"2022-05-25T09:55:17","date_gmt":"2022-05-25T07:55:17","guid":{"rendered":"https:\/\/www.mariaabrahamsson.nu\/?p=14327"},"modified":"2022-05-25T16:30:16","modified_gmt":"2022-05-25T14:30:16","slug":"utan-tryckta-bocker-ingen-stockholms-bokhelg","status":"publish","type":"post","link":"https:\/\/www.mariaabrahamsson.nu\/index.php\/2022\/05\/25\/utan-tryckta-bocker-ingen-stockholms-bokhelg\/","title":{"rendered":"Utan tryckta b\u00f6cker ingen Stockholms bokhelg"},"content":{"rendered":"\n<p><strong>I helgen inf\u00f6ll Stockholms <a href=\"https:\/\/www.stockholmsbokhelg.se\">bokhelg<\/a> <\/strong>och det var ett lyxigt n\u00f6je. T\u00e4nk att bara strosa omkring i solig huvudstad och slinka in hos bokhandlare, museer, bibliotek, kyrkor eller, som i mitt fall, mingla runt i &#8221;kreativa huset&#8221; <a href=\"https:\/\/www-thisisalma-com.translate.goog\/?_x_tr_sl=en&amp;_x_tr_tl=sv&amp;_x_tr_hl=sv&amp;_x_tr_pto=sc\">Alma<\/a>, bland dignande bokbord, f\u00f6rfattare, f\u00f6rl\u00e4ggare, journalister, forskare och annat klokt folk som p\u00e5 eller utanf\u00f6r scen diskuterade, munh\u00f6ggs och kom \u00f6verens om det angel\u00e4gna i att samtala om br\u00e4nnande och eviga fr\u00e5gor. F\u00f6rutom klimatkrisen, digitaliseringen, religionsfriheten, det fria ordet, konstens oberoende, litteraturen, stad och land, avhandlades f\u00f6rst\u00e5s Ryssland och Putin-regimen, Nato och Europa. Min ambition h\u00e4r \u00e4r inte att kommentera allt som sades, i st\u00e4llet h\u00e4nvisas till<a href=\"https:\/\/www.axess.se\/tv\/\"> Axess TV <\/a>och <a href=\"https:\/\/fritanke.se\">Fri Tanke<\/a> som spelade in (ni f\u00e5r leta p\u00e5 Youtube). <\/p>\n\n\n\n<p>En av alla programpunkter som bitit sig fast \u00e4r f\u00f6rfattarsamtalet mellan Lena Andersson och Johan Heltne p\u00e5 temat &#8221;Socialism fr\u00e5n satan&#8221;. Medan Heltne \u00e5ngrade att han idkat sj\u00e4lvcensur n\u00e4r han gick med p\u00e5 att l\u00e5ta f\u00f6rlaget <a href=\"https:\/\/www.dn.se\/kultur-noje\/jag-angrar-att-jag-lat-forlaget-stryka-i-min-bok-om-en-anmald-valdtakt\/\">stryka i romanen Emil<\/a>, resonerade Andersson p\u00e5 sitt karakteristiskt kompromissl\u00f6sa vis att litteratur \u00e4r inte vare sig god eller ond och f\u00f6rfattaren f\u00e5r lita p\u00e5 att l\u00e4saren har en egen moral och sj\u00e4lv kan bed\u00f6ma vad som \u00e4r r\u00e4tt eller fel. Tack!  <\/p>\n\n\n\n<p><a href=\"https:\/\/fof.se\"><strong>Forskning &amp; Framsteg<\/strong><\/a><strong> ordnade <\/strong>panelsamtal med bl a professor Nina Wormbs under rubriken &#8221;Digitalism &#8211; ett l\u00f6fte om en b\u00e4ttre framtid?&#8221; Teknikhistoria \u00e4r inte min b\u00e4sta gren, men vem minns inte st\u00e5hejet i \u00e4ven internationell press n\u00e4r d\u00e5varande statsminister Carl Bildt 1994 <a href=\"https:\/\/www.internetmuseum.se\/tidslinjen\/bildt-och-clinton-mejlar\/\">skrev historia<\/a> genom att som f\u00f6rste regeringschef i v\u00e4rlden skickade mejl till USA:s president Bill Clinton. S\u00e5 n\u00e4r professor Wormbs tillspetsat konstaterade att Sveriges h\u00e5llning till teknikutveckling framf\u00f6r allt har handlat om att vara snabbast och f\u00f6rst, var det inte utan igenk\u00e4nning jag nickade.<\/p>\n\n\n\n<p>Men digitaliseringen &#8211; \u00e4r den ett l\u00f6fte om en b\u00e4ttre framtiden? Jo, men inte enbart. Jag avst\u00e5r fr\u00e5n att trassla in mig i teknikaliteter men f\u00f6r mig blev det nyligen pl\u00e5gsamt uppenbart att digitaliseringen ocks\u00e5 inneb\u00e4r problem. Sist p\u00e5 bollen t\u00e4nker du, och det \u00e4r mycket m\u00f6jligt. Men h\u00e4rom s\u00f6ndagen bes\u00f6kte jag en <a href=\"https:\/\/hornstullsbokhandel.se\">ny\u00f6ppnad bokaff\u00e4r<\/a> p\u00e5 mitt k\u00e4ra S\u00f6dermalm. Titlarna i hyllorna hade tydlig slagsida \u00e5t v\u00e4nster men jag var p\u00e5 gott hum\u00f6r och k\u00e4nde en pil rakt i hj\u00e4rtat &#8211; kalla det sentimentalt eller vad ni vill &#8211; att jag ville v\u00e4lkomna &#8211; och st\u00f6dja &#8211; den entusiastiske bokhandlaren genom att k\u00f6pa en bok. Efter att ha swishat 229 kronor gick jag hem med Didier Eribons <a href=\"https:\/\/verbalforlag.se\/bocker\/tillbaka-till-reims\/\">&#8221;Tillbaka till Reims&#8221;<\/a> under armen. Eribon bjuder p\u00e5 utl\u00e4mnande l\u00e4sning om klassresen\u00e4rens v\u00e5ndor som varmt kan rekommenderas. (Nej, inte v\u00e5ndorna, l\u00e4sningen!) N\u00e5gra dagar senare bes\u00f6ker jag en av de st\u00f6rre bokhandlarkedjorna i city, vid utg\u00e5ngen tar jag artigt emot en folder fr\u00e5n ett s\u00e5 kallat streamingbolag som uppmanar mig att uppt\u00e4cka de digitala b\u00f6ckernas v\u00e4rld. Det erbjuds olika billiga abonnemang varav det gener\u00f6saste <strong>&#8221;Familj&#8221;<\/strong> lockar med att tre personer kan l\u00e4sa <em>obegr\u00e4nsat antal b\u00f6cker<\/em> digitalt f\u00f6r 229 kr\/m\u00e5nad. Ja, ni hajar, exakt samma belopp som jag gav f\u00f6r en enda tryckt bok i bokhandeln.  <\/p>\n\n\n\n<p><strong>Jag beh\u00f6ver knappast s\u00e4ga mer <\/strong>om vad digitaliseringen och streamingtj\u00e4nster ekonomiskt inneb\u00e4r f\u00f6r f\u00f6rfattare och bokhandlare utan litar p\u00e5 att ni sj\u00e4lva kan avg\u00f6ra vad som \u00e4r rimligt\/orimligt, r\u00e4tt\/ fel. Och p\u00e5 politiker i regering och riksdag v\u00e4ntar nu \u00e4nnu ett kapitel teknikhistoria att skriva: Hur Sverige blev landet som snabbast och f\u00f6rst \u00e5tg\u00e4rdade digitaliseringens negativa konsekvenser f\u00f6r F\u00f6rfattarsverige och bokbranschen och ytterst f\u00f6r l\u00e4sandet hos befolkningen i stort.   <\/p>\n\n\n\n<p>Om sedan probleml\u00f6sandet handlar om att anpassa upphovsr\u00e4tten till digitaliseringen,  eller att avtalsv\u00e4gen f\u00e5 till st\u00e5nd andra ers\u00e4ttnings- och betalningsmodeller s\u00e5 att f\u00f6rfattare kan f\u00e5 b\u00e4ttre l\u00f6nsamhet i sitt bokskrivande, det vet inte jag. D\u00e4remot vet jag att tills vidare forts\u00e4tter jag att k\u00f6pa tryckta b\u00f6cker.   <\/p>\n\n\n\n<p><\/p>\n","protected":false},"excerpt":{"rendered":"<p>I helgen inf\u00f6ll Stockholms bokhelg och det var ett lyxigt n\u00f6je. T\u00e4nk att bara strosa omkring i solig huvudstad och slinka in hos bokhandlare, museer, bibliotek, kyrkor eller, som i mitt fall, mingla runt i &#8221;kreativa huset&#8221; Alma, bland dignande bokbord, f\u00f6rfattare, f\u00f6rl\u00e4ggare, journalister, forskare och annat klokt folk som p\u00e5 eller utanf\u00f6r scen diskuterade,&hellip;<\/p>\n<p class=\"more-link-p\"><a class=\"more-link\" href=\"https:\/\/www.mariaabrahamsson.nu\/index.php\/2022\/05\/25\/utan-tryckta-bocker-ingen-stockholms-bokhelg\/\">Read more &rarr;<\/a><\/p>\n","protected":false},"author":2,"featured_media":0,"comment_status":"open","ping_status":"open","sticky":false,"template":"","format":"standard","meta":{"footnotes":""},"categories":[1],"tags":[354,355,357,353,356],"class_list":["post-14327","post","type-post","status-publish","format-standard","hentry","category-uncategorized","tag-bokhelg","tag-digitaliseringen","tag-lasandet","tag-stockholm","tag-streamingtjanster"],"_links":{"self":[{"href":"https:\/\/www.mariaabrahamsson.nu\/index.php\/wp-json\/wp\/v2\/posts\/14327","targetHints":{"allow":["GET"]}}],"collection":[{"href":"https:\/\/www.mariaabrahamsson.nu\/index.php\/wp-json\/wp\/v2\/posts"}],"about":[{"href":"https:\/\/www.mariaabrahamsson.nu\/index.php\/wp-json\/wp\/v2\/types\/post"}],"author":[{"embeddable":true,"href":"https:\/\/www.mariaabrahamsson.nu\/index.php\/wp-json\/wp\/v2\/users\/2"}],"replies":[{"embeddable":true,"href":"https:\/\/www.mariaabrahamsson.nu\/index.php\/wp-json\/wp\/v2\/comments?post=14327"}],"version-history":[{"count":5,"href":"https:\/\/www.mariaabrahamsson.nu\/index.php\/wp-json\/wp\/v2\/posts\/14327\/revisions"}],"predecessor-version":[{"id":14334,"href":"https:\/\/www.mariaabrahamsson.nu\/index.php\/wp-json\/wp\/v2\/posts\/14327\/revisions\/14334"}],"wp:attachment":[{"href":"https:\/\/www.mariaabrahamsson.nu\/index.php\/wp-json\/wp\/v2\/media?parent=14327"}],"wp:term":[{"taxonomy":"category","embeddable":true,"href":"https:\/\/www.mariaabrahamsson.nu\/index.php\/wp-json\/wp\/v2\/categories?post=14327"},{"taxonomy":"post_tag","embeddable":true,"href":"https:\/\/www.mariaabrahamsson.nu\/index.php\/wp-json\/wp\/v2\/tags?post=14327"}],"curies":[{"name":"wp","href":"https:\/\/api.w.org\/{rel}","templated":true}]}}