{"id":14310,"date":"2022-04-26T16:52:21","date_gmt":"2022-04-26T14:52:21","guid":{"rendered":"https:\/\/www.mariaabrahamsson.nu\/?p=14310"},"modified":"2022-04-26T17:21:10","modified_gmt":"2022-04-26T15:21:10","slug":"justitieministerns-sprakbruk-ar-pa-drangniva","status":"publish","type":"post","link":"https:\/\/www.mariaabrahamsson.nu\/index.php\/2022\/04\/26\/justitieministerns-sprakbruk-ar-pa-drangniva\/","title":{"rendered":"Justitieministerns spr\u00e5kbruk \u00e4r p\u00e5 dr\u00e4ngniv\u00e5"},"content":{"rendered":"\n<p><strong>&#8221;\u00c4r hon inte riktigt klok&#8221;?<\/strong> L\u00e5t orden och fr\u00e5gan sjunka in. Vem s\u00e4ger n\u00e5got s\u00e5 grovt? V\u00e4l knappast en ansvarstagande politiker, allraminst ett statsr\u00e5d om en svensk partiledare? <\/p>\n\n\n\n<p>Men ordvalet \u00e4r justitieminister <a href=\"https:\/\/sverigesradio.se\/artikel\/justitieministern-om-busch-ar-hon-inte-riktigt-klok\">Morgan Johanssons<\/a>. Efter l\u00e5ngfredagens v\u00e5ldskravaller kommenterade han Ebba Buschs fundering om varf\u00f6r polisen inte sk\u00f6t skarpt f\u00f6r att (underf\u00f6rst\u00e5tt) b\u00e4ttre f\u00f6rsvara sig och allm\u00e4nhet mot huliganerna och upprorsmakarna: <\/p>\n\n\n\n<p><em>&#8211; \u201dEbba Busch kritiserar allts\u00e5 polisen f\u00f6r att de inte st\u00e4llde till en massaker i helgen.&nbsp;\u00c4r hon inte riktigt klok?\u201d<\/em><\/p>\n\n\n\n<p><strong>Jag \u00e4r r\u00e4tt s\u00e4ker p\u00e5 att Talmannen<\/strong> skulle ha ingripit mot Johanssons spr\u00e5kbruk om han yttrat sig s\u00e5 respektl\u00f6st i riksdagens talarstol. D\u00e4r h\u00e5lls fortfarande tonl\u00e4get p\u00e5 en hyfsat artig niv\u00e5. Det gagnar det demokratiska samtalet mellan politiker och s\u00e4tter ett m\u00e4rke f\u00f6r umg\u00e4nget m\u00e4nniskor emellan i det svenska folkhemmet. <\/p>\n\n\n\n<p>S\u00e5 n\u00e4r justitieministern dundrar p\u00e5 om att en politisk motst\u00e5ndare inte \u00e4r &#8221;riktigt klok&#8221;, d\u00e5 har en s\u00e5 kallad r\u00f6d linje passerats om ni fr\u00e5gar mig. Som statsr\u00e5d i en regering som brukar varna f\u00f6r effekterna av hot och hat i sociala medier har Johansson gjort sig skyldig till ett klart \u00f6vertramp. Syftet han vill uppn\u00e5 \u00e4r rimligen att f\u00e5 tyst p\u00e5 en f\u00f6r honom besv\u00e4rande debatt om polisens f\u00f6rm\u00e5ga att uppr\u00e4tth\u00e5lla lag och ordning. <\/p>\n\n\n\n<p><strong>En annan sak \u00e4r <\/strong>att Ebba Busch redan och med r\u00e4tta har f\u00e5tt sina fiska varma efter utspelet om att polisen borde ha anv\u00e4nt h\u00e5rdare nypor. Vad polisens utv\u00e4rdering av p\u00e5skens polisinsatser kommer att landa i vet vi \u00e4nnu inte. Men d\u00e4r och d\u00e5 var det bara polisen och dess bef\u00e4l p\u00e5 plats som kunde avg\u00f6ra hur insatsen skulle ske. Inte n\u00e5gon utomst\u00e5ende bed\u00f6mare, inte ens om vederb\u00f6rande \u00e4r statsr\u00e5d eller partiledare.<\/p>\n","protected":false},"excerpt":{"rendered":"<p>&#8221;\u00c4r hon inte riktigt klok&#8221;? L\u00e5t orden och fr\u00e5gan sjunka in. Vem s\u00e4ger n\u00e5got s\u00e5 grovt? V\u00e4l knappast en ansvarstagande politiker, allraminst ett statsr\u00e5d om en svensk partiledare? Men ordvalet \u00e4r justitieminister Morgan Johanssons. Efter l\u00e5ngfredagens v\u00e5ldskravaller kommenterade han Ebba Buschs fundering om varf\u00f6r polisen inte sk\u00f6t skarpt f\u00f6r att (underf\u00f6rst\u00e5tt) b\u00e4ttre f\u00f6rsvara sig och&hellip;<\/p>\n<p class=\"more-link-p\"><a class=\"more-link\" href=\"https:\/\/www.mariaabrahamsson.nu\/index.php\/2022\/04\/26\/justitieministerns-sprakbruk-ar-pa-drangniva\/\">Read more &rarr;<\/a><\/p>\n","protected":false},"author":2,"featured_media":0,"comment_status":"open","ping_status":"open","sticky":false,"template":"","format":"standard","meta":{"footnotes":""},"categories":[1],"tags":[311,225,247,352,321],"class_list":["post-14310","post","type-post","status-publish","format-standard","hentry","category-uncategorized","tag-ebba-busch","tag-morgan","tag-polisen","tag-sprakbruk","tag-talmannen"],"_links":{"self":[{"href":"https:\/\/www.mariaabrahamsson.nu\/index.php\/wp-json\/wp\/v2\/posts\/14310","targetHints":{"allow":["GET"]}}],"collection":[{"href":"https:\/\/www.mariaabrahamsson.nu\/index.php\/wp-json\/wp\/v2\/posts"}],"about":[{"href":"https:\/\/www.mariaabrahamsson.nu\/index.php\/wp-json\/wp\/v2\/types\/post"}],"author":[{"embeddable":true,"href":"https:\/\/www.mariaabrahamsson.nu\/index.php\/wp-json\/wp\/v2\/users\/2"}],"replies":[{"embeddable":true,"href":"https:\/\/www.mariaabrahamsson.nu\/index.php\/wp-json\/wp\/v2\/comments?post=14310"}],"version-history":[{"count":6,"href":"https:\/\/www.mariaabrahamsson.nu\/index.php\/wp-json\/wp\/v2\/posts\/14310\/revisions"}],"predecessor-version":[{"id":14316,"href":"https:\/\/www.mariaabrahamsson.nu\/index.php\/wp-json\/wp\/v2\/posts\/14310\/revisions\/14316"}],"wp:attachment":[{"href":"https:\/\/www.mariaabrahamsson.nu\/index.php\/wp-json\/wp\/v2\/media?parent=14310"}],"wp:term":[{"taxonomy":"category","embeddable":true,"href":"https:\/\/www.mariaabrahamsson.nu\/index.php\/wp-json\/wp\/v2\/categories?post=14310"},{"taxonomy":"post_tag","embeddable":true,"href":"https:\/\/www.mariaabrahamsson.nu\/index.php\/wp-json\/wp\/v2\/tags?post=14310"}],"curies":[{"name":"wp","href":"https:\/\/api.w.org\/{rel}","templated":true}]}}