{"id":14274,"date":"2022-03-16T16:58:09","date_gmt":"2022-03-16T15:58:09","guid":{"rendered":"https:\/\/www.mariaabrahamsson.nu\/?p=14274"},"modified":"2022-03-16T17:17:05","modified_gmt":"2022-03-16T16:17:05","slug":"johansson-oppnar-ovetandes-for-mer-an-kronvittnen","status":"publish","type":"post","link":"https:\/\/www.mariaabrahamsson.nu\/index.php\/2022\/03\/16\/johansson-oppnar-ovetandes-for-mer-an-kronvittnen\/","title":{"rendered":"Johansson \u00f6ppnar ovetandes (?) f\u00f6r mer \u00e4n kronvittnen"},"content":{"rendered":"\n<p><strong>Om jag \u00e4r korrekt underr\u00e4ttad<\/strong> v\u00e4ntas regeringen i morgon &#8221;klubba&#8221; propositionen om <a href=\"https:\/\/www.regeringen.se\/pressmeddelanden\/2022\/01\/regeringen-vill-infora-ett-system-med-kronvittnen-och-starka-skyddet-for-vittnen\/\">Kronvittnen<\/a>. Lagr\u00e5det har visserligen avstyrkt f\u00f6rslaget p\u00e5 grund av s\u00e5v\u00e4l r\u00e4ttstill\u00e4mpningssv\u00e5righeter som de r\u00e4ttss\u00e4kerhetsproblem som blir f\u00f6ljden av ett system d\u00e4r brottsmisst\u00e4nkta grovt kriminella personer f\u00e5r lindrigare straff om de hj\u00e4lper \u00e5klagare att utreda andra grovt kriminella personers brott (l\u00e4s f\u00f6rr\u00e5der sina g\u00e4ngkriminella och d\u00f6dsskjutningsben\u00e4gna kamrater). De h\u00f6ga juristerna konstaterar avslutningsvis att &#8221;till syvende og sidst f\u00e5r emellertid fr\u00e5gan om ett kronvittnessystem ska inf\u00f6ras, avg\u00f6ras politiskt&#8221;. I min v\u00e4rld f\u00f6rtar denna uppgivna axelryckning n\u00e5got av allvaret i de r\u00e4ttsliga inv\u00e4ndningarna <a href=\"https:\/\/www.lagradet.se\/wp-content\/uploads\/2022\/02\/En-st\u00e4rkt-r\u00e4ttsprocess-och-en-\u00f6kad-lagf\u00f6ring.pdf\">i yttrandet<\/a> och kan uppfattas som en f\u00f6rt\u00e4ckt signal till regeringen att g\u00e5 p\u00e5 i ullstrumporna trots Lagr\u00e5dets tunga kritik i \u00f6vrigt. <\/p>\n\n\n\n<p>N\u00e5ja, att regeringar av olika kul\u00f6r k\u00f6r \u00f6ver Lagr\u00e5det \u00e4r ingen nyhet. F\u00f6r ett antal \u00e5r sedan skrev jag en hel <a href=\"https:\/\/www.mariaabrahamsson.nu\/index.php\/2018\/06\/18\/lagstiftaren-och-lagradet-avsnitt-6-skarpning-eller-gor-lagradets-yttranden-bindande\/\">f\u00f6ljetong<\/a> om el\u00e4ndet och landade i slutsatsen att om ingen b\u00e4ttring sker b\u00f6r \u00f6verv\u00e4gas att g\u00f6ra Lagr\u00e5dets yttranden bindande f\u00f6r regering och riksdag. Jag upprepar mig inte mer om den saken h\u00e4r utan vad som fick mig att hissa \u00f6gonbrynen den h\u00e4r g\u00e5ngen \u00e4r det st\u00f6dargument som justitieminister Morgan Johansson tillgriper f\u00f6r att strunta i Lagr\u00e5det:<\/p>\n\n\n\n<p><em>&#8211; Jag v\u00e4ljer att g\u00e5 p\u00e5 utredarens och de brottsbek\u00e4mpande myndigheternas bed\u00f6mningar, sa Johansson till <a href=\"https:\/\/sverigesradio.se\/artikel\/regeringen-gar-vidare-med-omstridda-forslaget-om-kronvittnen\">Ekot<\/a>. <\/em><\/p>\n\n\n\n<p><strong>Det kan f\u00f6refalla pikant men<\/strong> det vore \u00e4nd\u00e5 fel att \u00f6verdriva betydelsen av att <a href=\"https:\/\/www.domstol.se\/hogsta-domstolen\/justitierad\/stefan-johansson\/\">utredaren<\/a> vars bed\u00f6mning Morgan Johansson &#8221;v\u00e4ljer att g\u00e5 p\u00e5&#8221; heter Stefan Johansson och har varit s\u00e5v\u00e4l r\u00e4ttschef och expeditionschef i MJ:s departementet innan regeringen utn\u00e4mnde honom till justitier\u00e5d i H\u00f6gsta domstolen. (Nej, SJ tj\u00e4nstgjorde sj\u00e4lvklart inte i det lagr\u00e5d som &#8211; om \u00e4n med en i mina \u00f6gon inst\u00e4llsam blinkning &#8211; avstyrkte f\u00f6rslaget om kronvittnen). <\/p>\n\n\n\n<p>Rej\u00e4lt \u00f6verraskad blev jag d\u00e4remot av justitieministerns insiktsfulla kommentar <a href=\"https:\/\/sverigesradio.se\/artikel\/regeringen-gar-vidare-med-omstridda-forslaget-om-kronvittnen\">(1:12 in i inslaget)<\/a> aprop\u00e5 Lagr\u00e5dets kritik g\u00e4llande domstolarnas till\u00e4mpningssv\u00e5righeter och f\u00f6rslagets r\u00e4ttss\u00e4kerhetsbrister: <\/p>\n\n\n\n<p><em>&#8230; men det blir ju ocks\u00e5 en fr\u00e5ga f\u00f6r domstolarna fram\u00f6ver att se vilken vikt man ska l\u00e4gga vid den h\u00e4r bevisningen, och det \u00e4r klart att man kommer s\u00e4kert i de allra, allra flesta fallen ocks\u00e5 ha annan st\u00f6dbevisning till sitt f\u00f6rfogande n\u00e4r man d\u00f6mer p\u00e5 s\u00e5dana h\u00e4r uppgifter.<\/em><\/p>\n\n\n\n<p><strong>Utan krusiduller bekr\u00e4ftar h\u00e4r Johansson<\/strong> den fria bevispr\u00f6vningens princip i den svenska brottsprocessen, som inneb\u00e4r att i stort sett vilket relevant bevismaterial som helst kan f\u00e5 l\u00e4ggas fram av \u00e5klagar- respektive f\u00f6rsvarssidan. N\u00e4r den insikten nu har sjunkit in hos Johansson menar jag att debattf\u00f6nstret borde \u00f6ppnas f\u00f6r att pr\u00f6va fler f\u00f6rslag som skulle kunna anv\u00e4ndas som medel f\u00f6r att komma \u00e5t tystnadskulturer i g\u00e4ngkriminella kretsar som h\u00e4vdar sina knarkf\u00f6rs\u00e4ljningsrevir genom d\u00f6dsskjutningar och spr\u00e4ngningar. <\/p>\n\n\n\n<p>Ett s\u00e5dant f\u00f6rslag som jag skulle v\u00e4lkomna \u00e4r en m\u00f6jlighet f\u00f6r \u00e5klagare att kalla och f\u00f6rh\u00f6ra <a href=\"https:\/\/www.mariaabrahamsson.nu\/index.php\/2017\/10\/10\/anonyma-vittnen-rubbar-inte-vasentliga-rattsprinciper\/\">anonyma vittnen. <\/a>Detta eftersom anonyma vittnen skulle kunna var ett s\u00e4tt att komma runt problemet med vittnen som inte v\u00e5gar tr\u00e4da fram av ofta fullt ber\u00e4ttigad r\u00e4dsla f\u00f6r repressalier i form av d\u00f6d, stympning eller hot och v\u00e5ld mot n\u00e4ra och k\u00e4ra. Sj\u00e4lvklart blir bevisv\u00e4rdet i varierande grad l\u00e4gre n\u00e4r ett anonymt vittne uttalar sig, i vissa fall inget bevisv\u00e4rde alls. Men anonyma vittnen skulle inte rubba n\u00e5gra v\u00e4sentliga r\u00e4ttsprinciper, som ibland p\u00e5st\u00e5s i debatten. F\u00f6r h\u00e4r precis som i alla andra fall, t ex vad g\u00e4ller det snart sj\u00f6satta systemet med kronvittnen, \u00e4r det domstolens sak att v\u00e4rdera bevisningen och avg\u00f6ra om den h\u00e5ller f\u00f6r en f\u00e4llande dom. <\/p>\n\n\n\n<p><strong>Ett annat f\u00f6rslag som har mer b\u00e4ring <\/strong>p\u00e5 Johansson nymornade f\u00f6rtroende f\u00f6r domstolarna \u00e4n p\u00e5 den fria bevisv\u00e4rderingens princip, \u00e4r min gamla k\u00e4pph\u00e4st om tv-s\u00e4nda r\u00e4tteg\u00e5ngar. En viktig anledning till att jag i \u00f6ver ett decennium har argumenterat f\u00f6r en m\u00f6jlighet att tv-s\u00e4nda r\u00e4tteg\u00e5ngar i uppm\u00e4rksammade fall \u00e4r just att den stolta principen om \u00f6ppenhet i v\u00e5ra domstolar inte \u00e4r v\u00e4rd mycket n\u00e4r bara ett begr\u00e4nsat antal \u00e5h\u00f6rare f\u00e5r plats i r\u00e4ttssalen. Det finns inv\u00e4ndningar mot tv-s\u00e4nda r\u00e4tteg\u00e5ngar, den kanske vanligaste \u00e4r att brottsoffer och vittnen skulle bli h\u00e4mmade eller rentav v\u00e4gra att delta i r\u00e4tteg\u00e5ngen. Men den saken kan l\u00e4tt \u00e5tg\u00e4rdas av en omd\u00f6mesgill domstol som i s\u00e5dana fall ger order om att st\u00e4nga av kamerorna eller bara rikta dem mot den tilltalade, \u00e5klagaren, advokaterna och domarna sj\u00e4lva (inklusive n\u00e4mndem\u00e4n).&nbsp;Om man som Johansson nu g\u00f6r, det vill s\u00e4ga signalerar att domstolarna \u00e4r kapabla att bed\u00f6ma bevisv\u00e4rdet av kronvittnens ber\u00e4ttelser, s\u00e5 menar jag att Johansson ocks\u00e5 b\u00f6r lita p\u00e5 domstolarnas f\u00f6rm\u00e5ga att fr\u00e5n fall till fall avg\u00f6ra om och i s\u00e5 fall hur en tv-s\u00e4ndning negativt skulle p\u00e5verka vittnesm\u00e5lens och d\u00e4rmed bevisningens kvalitet. (Min sista riksdagsmotion i \u00e4mnet kan l\u00e4sas&nbsp;<a href=\"http:\/\/www.riksdagen.se\/sv\/dokument-lagar\/dokument\/motion\/forsoksverksamhet-med-tv-sanda-rattegangar_H5021758\">h\u00e4r<\/a>). <\/p>\n\n\n\n<p>Summa summarum: Morgan Johansson k\u00f6r \u00f6ver Lagr\u00e5det med motiveringen att han litar p\u00e5 att domstolarna \u00e4r kapabla att bed\u00f6ma v\u00e4rdet av kronvittnens bevisning. Men visst vore det m\u00e4rkligt om Johanssons f\u00f6rtroende f\u00f6r landets domstolar skulle g\u00f6ra halt just d\u00e4r?<\/p>\n\n\n\n<p><\/p>\n\n\n\n<p>   <\/p>\n","protected":false},"excerpt":{"rendered":"<p>Om jag \u00e4r korrekt underr\u00e4ttad v\u00e4ntas regeringen i morgon &#8221;klubba&#8221; propositionen om Kronvittnen. Lagr\u00e5det har visserligen avstyrkt f\u00f6rslaget p\u00e5 grund av s\u00e5v\u00e4l r\u00e4ttstill\u00e4mpningssv\u00e5righeter som de r\u00e4ttss\u00e4kerhetsproblem som blir f\u00f6ljden av ett system d\u00e4r brottsmisst\u00e4nkta grovt kriminella personer f\u00e5r lindrigare straff om de hj\u00e4lper \u00e5klagare att utreda andra grovt kriminella personers brott (l\u00e4s f\u00f6rr\u00e5der sina g\u00e4ngkriminella&hellip;<\/p>\n<p class=\"more-link-p\"><a class=\"more-link\" href=\"https:\/\/www.mariaabrahamsson.nu\/index.php\/2022\/03\/16\/johansson-oppnar-ovetandes-for-mer-an-kronvittnen\/\">Read more &rarr;<\/a><\/p>\n","protected":false},"author":2,"featured_media":0,"comment_status":"open","ping_status":"open","sticky":false,"template":"","format":"standard","meta":{"footnotes":""},"categories":[1],"tags":[224,350,220,225,213],"class_list":["post-14274","post","type-post","status-publish","format-standard","hentry","category-uncategorized","tag-anonyma-vittnen","tag-kronvittnen","tag-lagradet","tag-morgan","tag-tv-sanda-rattegangar"],"_links":{"self":[{"href":"https:\/\/www.mariaabrahamsson.nu\/index.php\/wp-json\/wp\/v2\/posts\/14274","targetHints":{"allow":["GET"]}}],"collection":[{"href":"https:\/\/www.mariaabrahamsson.nu\/index.php\/wp-json\/wp\/v2\/posts"}],"about":[{"href":"https:\/\/www.mariaabrahamsson.nu\/index.php\/wp-json\/wp\/v2\/types\/post"}],"author":[{"embeddable":true,"href":"https:\/\/www.mariaabrahamsson.nu\/index.php\/wp-json\/wp\/v2\/users\/2"}],"replies":[{"embeddable":true,"href":"https:\/\/www.mariaabrahamsson.nu\/index.php\/wp-json\/wp\/v2\/comments?post=14274"}],"version-history":[{"count":12,"href":"https:\/\/www.mariaabrahamsson.nu\/index.php\/wp-json\/wp\/v2\/posts\/14274\/revisions"}],"predecessor-version":[{"id":14287,"href":"https:\/\/www.mariaabrahamsson.nu\/index.php\/wp-json\/wp\/v2\/posts\/14274\/revisions\/14287"}],"wp:attachment":[{"href":"https:\/\/www.mariaabrahamsson.nu\/index.php\/wp-json\/wp\/v2\/media?parent=14274"}],"wp:term":[{"taxonomy":"category","embeddable":true,"href":"https:\/\/www.mariaabrahamsson.nu\/index.php\/wp-json\/wp\/v2\/categories?post=14274"},{"taxonomy":"post_tag","embeddable":true,"href":"https:\/\/www.mariaabrahamsson.nu\/index.php\/wp-json\/wp\/v2\/tags?post=14274"}],"curies":[{"name":"wp","href":"https:\/\/api.w.org\/{rel}","templated":true}]}}