{"id":14080,"date":"2021-08-31T13:22:42","date_gmt":"2021-08-31T11:22:42","guid":{"rendered":"https:\/\/www.mariaabrahamsson.nu\/?p=14080"},"modified":"2021-08-31T17:02:32","modified_gmt":"2021-08-31T15:02:32","slug":"sagan-om-andersson-johansson-och-talmannen","status":"publish","type":"post","link":"https:\/\/www.mariaabrahamsson.nu\/index.php\/2021\/08\/31\/sagan-om-andersson-johansson-och-talmannen\/","title":{"rendered":"Sagan om Andersson, Johansson och Talmannen"},"content":{"rendered":"\n<p><strong>I november n\u00e4r Stefan L\u00f6fven avg\u00e5r<\/strong> som partiordf\u00f6rande, avg\u00e5r han ocks\u00e5 som statsminister. Eller som Socialdemokraterna <a href=\"https:\/\/www.socialdemokraterna.se\/nyheter\/nyheter\/2021-08-23-stefan-lofven-avgar-som-partiordforande\">skriver<\/a>: &#8221;Efter att kongressen valt en ny partiordf\u00f6rande kommer Stefan L\u00f6fven att g\u00e5 till talmannen och beg\u00e4ra entledigande som statsminister. D\u00e4refter tar talmannen vid&#8221;.<\/p>\n\n\n\n<p>Och talman Andreas Norl\u00e9n kan f\u00f6rst\u00e5s sin <a href=\"https:\/\/www.riksdagen.se\/sv\/dokument-lagar\/dokument\/svensk-forfattningssamling\/kungorelse-1974152-om-beslutad-ny-regeringsform_sfs-1974-152\">regelbok<\/a> och kommer d\u00e4rf\u00f6r att entlediga inte bara statsministern utan \u00e4ven regeringens \u00f6vriga ministrar. Samtliga statsr\u00e5d f\u00e5r dock beh\u00e5lla sina befattningar till dess att en ny regering har tilltr\u00e4tt. Fram till dess \u00e4r regeringen L\u00f6fven en s\u00e5 kallad expeditionsminist\u00e4r med i praktiken begr\u00e4nsade befogenheter. S\u00e5 l\u00e5ngt \u00e4r allt klart. I teorin. <\/p>\n\n\n\n<p><strong>L\u00f6fvens besked att <\/strong>han i h\u00f6st l\u00e4mnar som partiordf\u00f6rande och statsminister rimmar ju inte alls med hans f\u00f6rs\u00e4kran r\u00e4tt nyligen att han brinner av lust att ge j\u00e4rnet i n\u00e4sta \u00e5rs valr\u00f6relse. Den pl\u00f6tsliga kov\u00e4ndningen har av statsvetare, politiska kommentatorer och andra tolkats som att L\u00f6fven &#8211; tilltufsad av misstroendef\u00f6rklaringen i somras &#8211; har f\u00e5tt nog och inte m\u00e4ktar med en valr\u00f6relsen som skulle bli tuff f\u00f6r Socialdemokraterna med honom som slitet vallokomotiv. Kan bara inst\u00e4mma i detta och plussar dessutom p\u00e5 med L\u00f6fvens otaliga andra bekymmer: misslyckandet att f\u00e5 stopp p\u00e5 d\u00f6dsskjutningar, den f\u00f6rv\u00e4ntade parlamentariska turbulensen kring regeringens h\u00f6stbudget, gr\u00e4melsen \u00f6ver v\u00e4nsterledarens svek, den svenska byggindustrins framtid, regeringens kritiserade senf\u00e4rdighet vad g\u00e4ller de afghanska tolkarna, med mera. I L\u00f6fvens kl\u00e4der hade \u00e4ven jag velat vara l\u00e5ngt h\u00e4rifr\u00e5n redan nu. <\/p>\n\n\n\n<p>S\u00e5 nej, jag tror inte att det blir L\u00f6fven som leder en expeditionsminist\u00e4r efter att talmannen f\u00f6rst befriat honom fr\u00e5n statsminister\u00e4mbetets bojor. Troligare \u00e4r att L\u00f6fven utser ett av sina statsr\u00e5d som st\u00e4llf\u00f6retr\u00e4dande statsminister i en \u00f6verg\u00e5ngsregering (en m\u00f6jlighet som mig veterligen hittills ingen statsminister har anv\u00e4nt). <\/p>\n\n\n\n<p><strong>F\u00f6r att etablera Magdalena Andersson <\/strong>som sin eftertr\u00e4dare p\u00e5 statsministerposten kan det tyckas rimligt att L\u00f6fven utser henne som st\u00e4llf\u00f6retr\u00e4dare att leda \u00f6verg\u00e5ngsregeringen. Fast d\u00e5 infinner sig fr\u00e5gan om Andersson samtidigt kan vara finansminister? Jo, det funkar nog om riksdagen redan i en f\u00f6rsta omr\u00f6stning godk\u00e4nner henne som statsminister. D\u00e4refter f\u00e5r eftertr\u00e4daren p\u00e5 finansministerposten trixa igenom en av Andersson framtagen budget vars inneh\u00e5ll beh\u00f6ver st\u00f6d av, f\u00f6rutom MP s\u00e5 klart, b\u00e5de C och V f\u00f6r att klubbas av riksdagen. <\/p>\n\n\n\n<p>Men om riksdagen inte godk\u00e4nner Andersson i en f\u00f6rsta statsministeromr\u00f6stning? Den knivigheten m\u00e5ste L\u00f6fven rimligen v\u00e4ga in, och vill han skona Andersson fr\u00e5n risken att f\u00e5 sina kort bortspelade i f\u00f6rtid, ja d\u00e5 uppdrar han det oglamor\u00f6sa jobbet att leda \u00f6verg\u00e5ngsregeringen till justitieminister Morgan Johansson, det statsr\u00e5d som har l\u00e4ngst regeringserfarenhet. <\/p>\n\n\n\n<p><strong>S\u00e5 l\u00e5ngt enligt det h\u00e4r<\/strong> scenariot har L\u00f6fven allts\u00e5 utsett Johansson att i h\u00f6st leda \u00f6verg\u00e5ngsregeringen medan Andersson stretar p\u00e5 som finansminister med fokus inst\u00e4llt p\u00e5 att en riksdagsmajoritet (175 ledam\u00f6ter) i en f\u00f6rsta, andra eller om n\u00f6dv\u00e4ndigt tredje omr\u00f6stning inte ska underk\u00e4nna henne som statsminister. Avg\u00f6rande f\u00f6r utg\u00e5ngen av omr\u00f6stningarna kan mycket v\u00e4l bli huruvida Andersson lyckas g\u00f6ra b\u00e5de C och V n\u00f6jda med h\u00f6stbudgeten. Med nejr\u00f6ster fr\u00e5n dessa partier st\u00e5r talmannen inf\u00f6r situationen att antingen f\u00f6resl\u00e5 riksdagen en fj\u00e4rde statsministeromr\u00f6stning, vilket \u00e4r en stor risktagning. F\u00f6r skulle riksdagen f\u00f6rkasta \u00e4ven det fj\u00e4rde f\u00f6rslaget, d\u00e5 ska talmannen utlysa extra val. Ja, om inte ordinarie val \u00e4nd\u00e5 ska h\u00e5llas inom tre m\u00e5nader, vilket inte \u00e4r aktuellt h\u00e4r. <\/p>\n\n\n\n<p>Vad g\u00f6r talmannen i det l\u00e4get? Utlyser extra val n\u00e5gon g\u00e5ng i februari\/mars &#8211; cirka ett halv\u00e5r f\u00f6re ordinarie riksdagsval den 19 september? Knappast. Det finns inget i grundlagen eller konstitutionell praxis som hindrar  talmannen fr\u00e5n att helt enkelt v\u00e4gra att utlysa extra val med \u00e5beropande av att ordinarie val ligger f\u00f6r n\u00e4ra, allt motiverat av h\u00e4nsyn till landets och medborgarnas b\u00e4sta. Ett innovativt grepp som skulle ge talmannen en framtr\u00e4dande plats i Sveriges konstitutionella historia. Sj\u00e4lvklart har talmannens beslut f\u00f6reg\u00e5tts av sonderingar med talmanspresidiet och samtliga riksdagspartier, men i sista ronden \u00e4r det talman Andreas Norl\u00e9n som allsm\u00e4ktigt best\u00e4mmer.  <\/p>\n\n\n\n<p><strong>Vintern \u00f6verg\u00e5r i v\u00e5r <\/strong>och snart \u00e4r det f\u00f6rsommar med en valr\u00f6relse runt h\u00f6rnet. Magdalena Andersson, som \u00e4r stukad b\u00e5de som finansminister och statsministerkandidat, blir allt djupare insyltad i Socialdemokraternas kampanjplanering inf\u00f6r valr\u00f6relsen. Som partiordf\u00f6rande deltar hon numera i dagliga m\u00f6ten p\u00e5 Sveav\u00e4gen 68. Gr\u00e4sr\u00f6tter, kampanjgeneraler, partistrateger tycker det \u00e4r okej att Andersson \u00e4r med via l\u00e4nk.<\/p>\n\n\n\n<p>Och Morgon Johansson regerar vidare med sin expeditionsminist\u00e4r. Storpolitiska h\u00e4ndelser i Europa och \u00f6vriga v\u00e4rlden pockar p\u00e5 regeringens medverkan i fredsseminarier, bist\u00e5ndskonferenser, hantering av milj\u00f6- och naturkatastrofer, med mera. Morgan Johansson inser att landets och regeringens anseende i FN och EU kr\u00e4ver att han som statsminister (n\u00e5ja) faktiskt b\u00f6rjar agera med pondus p\u00e5 den internationella arenan &#8211; allt f\u00f6r att uppr\u00e4tth\u00e5lla respekten f\u00f6r den svenska humanit\u00e4ra stormakten.<\/p>\n\n\n\n<p><strong>Om snart ett \u00e5r \u00e4r det val<\/strong>. D\u00e4refter inleds en ny fyra\u00e5rig mandatperiod &#8211; med eller utan kvinnlig statsminister. <\/p>\n\n\n\n<p><\/p>\n\n\n\n<p><\/p>\n\n\n\n<p><\/p>\n\n\n\n<p><\/p>\n\n\n\n<p>  <\/p>\n","protected":false},"excerpt":{"rendered":"<p>I november n\u00e4r Stefan L\u00f6fven avg\u00e5r som partiordf\u00f6rande, avg\u00e5r han ocks\u00e5 som statsminister. Eller som Socialdemokraterna skriver: &#8221;Efter att kongressen valt en ny partiordf\u00f6rande kommer Stefan L\u00f6fven att g\u00e5 till talmannen och beg\u00e4ra entledigande som statsminister. D\u00e4refter tar talmannen vid&#8221;. Och talman Andreas Norl\u00e9n kan f\u00f6rst\u00e5s sin regelbok och kommer d\u00e4rf\u00f6r att entlediga inte bara&hellip;<\/p>\n<p class=\"more-link-p\"><a class=\"more-link\" href=\"https:\/\/www.mariaabrahamsson.nu\/index.php\/2021\/08\/31\/sagan-om-andersson-johansson-och-talmannen\/\">Read more &rarr;<\/a><\/p>\n","protected":false},"author":2,"featured_media":0,"comment_status":"open","ping_status":"open","sticky":false,"template":"","format":"standard","meta":{"footnotes":""},"categories":[1],"tags":[228,323,225,322,321],"class_list":["post-14080","post","type-post","status-publish","format-standard","hentry","category-uncategorized","tag-lofven","tag-magdalena-andersson","tag-morgan","tag-statsminister","tag-talmannen"],"_links":{"self":[{"href":"https:\/\/www.mariaabrahamsson.nu\/index.php\/wp-json\/wp\/v2\/posts\/14080","targetHints":{"allow":["GET"]}}],"collection":[{"href":"https:\/\/www.mariaabrahamsson.nu\/index.php\/wp-json\/wp\/v2\/posts"}],"about":[{"href":"https:\/\/www.mariaabrahamsson.nu\/index.php\/wp-json\/wp\/v2\/types\/post"}],"author":[{"embeddable":true,"href":"https:\/\/www.mariaabrahamsson.nu\/index.php\/wp-json\/wp\/v2\/users\/2"}],"replies":[{"embeddable":true,"href":"https:\/\/www.mariaabrahamsson.nu\/index.php\/wp-json\/wp\/v2\/comments?post=14080"}],"version-history":[{"count":19,"href":"https:\/\/www.mariaabrahamsson.nu\/index.php\/wp-json\/wp\/v2\/posts\/14080\/revisions"}],"predecessor-version":[{"id":14103,"href":"https:\/\/www.mariaabrahamsson.nu\/index.php\/wp-json\/wp\/v2\/posts\/14080\/revisions\/14103"}],"wp:attachment":[{"href":"https:\/\/www.mariaabrahamsson.nu\/index.php\/wp-json\/wp\/v2\/media?parent=14080"}],"wp:term":[{"taxonomy":"category","embeddable":true,"href":"https:\/\/www.mariaabrahamsson.nu\/index.php\/wp-json\/wp\/v2\/categories?post=14080"},{"taxonomy":"post_tag","embeddable":true,"href":"https:\/\/www.mariaabrahamsson.nu\/index.php\/wp-json\/wp\/v2\/tags?post=14080"}],"curies":[{"name":"wp","href":"https:\/\/api.w.org\/{rel}","templated":true}]}}