{"id":14009,"date":"2021-05-02T15:42:54","date_gmt":"2021-05-02T13:42:54","guid":{"rendered":"https:\/\/www.mariaabrahamsson.nu\/?p=14009"},"modified":"2021-05-02T15:58:14","modified_gmt":"2021-05-02T13:58:14","slug":"lofven-menar-allvar-med-att-kriminalisera-tuggummispottare-och-fimpkastar","status":"publish","type":"post","link":"https:\/\/www.mariaabrahamsson.nu\/index.php\/2021\/05\/02\/lofven-menar-allvar-med-att-kriminalisera-tuggummispottare-och-fimpkastar\/","title":{"rendered":"L\u00f6fven menar allvar med att kriminalisera tuggummispottare och fimpkastare?"},"content":{"rendered":"\n<p><strong>I de symboliska straffsk\u00e4rpningarnas<\/strong> tidevarv har turen kommit till Milj\u00f6partiet att ropa efter h\u00e5rdare tag. Milj\u00f6- och klimatminister Per Bolund f\u00f6resl\u00e5r i en <a href=\"https:\/\/www.lagradet.se\/wp-content\/uploads\/2021\/04\/Lagr\u00e5dsremiss-Producentansvar-och-straffansvar-f\u00f6r-nedskr\u00e4pning.pdf\">lagr\u00e5dsremiss<\/a> att straffansvaret f\u00f6r nedskr\u00e4pning utvidgas till att omfatta \u00e4ven enstaka mindre f\u00f6rem\u00e5l som t ex en cigarettfimp, godis- eller glasspapper eller ett tuggummi. Nu dr\u00e4nktes Lagr\u00e5dets s\u00e5gning av mer rafflande saker som helgens firande av <a href=\"https:\/\/www.svt.se\/nyheter\/inrikes\/fran-arkivet-kungens-fodelsedagar-genom-aren\">Kungen<\/a>, <a href=\"https:\/\/www.lkss.se\/valborg\">hyllningar till v\u00e5ren<\/a> och Stefan L\u00f6fvens <a href=\"https:\/\/www.svt.se\/nyheter\/inrikes\/stefan-lofven-haller-forsta-maj-tal-1\">f\u00f6rstamajtal.<\/a> Men p\u00e5 Valborgsm\u00e4ssoafton <a href=\"https:\/\/www.lagradet.se\/wp-content\/uploads\/2021\/04\/Producentansvar-och-straffansvar-f\u00f6r-nedskr\u00e4pning.pdf\">underk\u00e4nde  <\/a>allts\u00e5 Lagr\u00e5det f\u00f6rslaget med en lika klok som f\u00f6rutsebar motivering: <\/p>\n\n\n\n<p><em>Lagr\u00e5det ifr\u00e5gas\u00e4tter inte att nedskr\u00e4pning av sm\u00e5 f\u00f6rem\u00e5l sammantaget ger upphov till stora effekter p\u00e5 milj\u00f6n och djurlivet. D\u00e4remot f\u00e5r det anses tveksamt om en ringa nedskr\u00e4pningsf\u00f6rseelse \u00e4r en s\u00e5 klanderv\u00e4rd handling att den f\u00f6rtj\u00e4nar att kriminaliseras. Vidare framst\u00e5r det som f\u00f6ga sannolikt att en s\u00e5dan kriminalisering kommer att utg\u00f6ra ett effektivt medel f\u00f6r att komma \u00e5t problemet. Remissen inneh\u00e5ller ingen redog\u00f6relse f\u00f6r varf\u00f6r det nu, till skillnad fr\u00e5n 2011, skulle finnas anledning att anta att en kriminalisering skulle \u00e5stadkomma den attitydf\u00f6r\u00e4ndring som kr\u00e4vs. Detta inte minst eftersom risken f\u00f6r att f\u00e4llas f\u00f6r nedskr\u00e4pning \u00e4r mycket liten. Det \u00e4r n\u00e4mligen ytterst f\u00e5 nedskr\u00e4pningsbrott som lagf\u00f6rs. Enligt vad som uppgavs vid f\u00f6redragningen har det under senare \u00e5r r\u00f6rt sig om cirka 100 lagf\u00f6ringar per \u00e5r. Det kan mot denna bakgrund starkt s\u00e4ttas i fr\u00e5ga om det \u00e4r befogat att kriminalisera nedskr\u00e4pningsf\u00f6rseelser som \u00e4r ringa. Lagr\u00e5det anser d\u00e4rf\u00f6r att fr\u00e5gan b\u00f6r bli f\u00f6rem\u00e5l f\u00f6r ytterligare \u00f6verv\u00e4ganden under den fortsatta beredningen.<\/em><\/p>\n\n\n\n<p><strong>Ett mindre inlindat avstyrkande hade<\/strong> varit \u00f6nskv\u00e4rt &#8211; varf\u00f6r behov av &#8221;ytterligare \u00f6verv\u00e4ganden&#8221; n\u00e4r Lagr\u00e5det \u00e4r s\u00e5 odelat negativt till regeringens f\u00f6rslag? Men l\u00e5t g\u00e5, Lagr\u00e5dets bistra kritik kan knappast missf\u00f6rst\u00e5s. Och som samh\u00e4llsintresserad allm\u00e4nhet, v\u00e4ljare och n\u00e5gorlunda r\u00e4ttsligt orienterad person, kan jag bara \u00e4n en g\u00e5ng beklaga politikers inte bara meningsl\u00f6sa utan rent skadliga ambitioner att kriminalisera beteenden och f\u00f6reteelser som polis och \u00f6vriga r\u00e4ttsv\u00e5rdande myndigheter inte har en sportslig chans att kunna ingripa mot. Eller avser regeringspartierna S och MP att tillf\u00f6ra polis och \u00e5klagare den gigantiska resursf\u00f6rst\u00e4rkning som skulle kr\u00e4vas f\u00f6r att de som spottar tuggummin eller kastar fimpar omkring sig ska uppleva straffhotet som verkligt och av det sk\u00e4let sluta upp med sitt ohyfsade beteende?  <\/p>\n\n\n\n<p><\/p>\n","protected":false},"excerpt":{"rendered":"<p>I de symboliska straffsk\u00e4rpningarnas tidevarv har turen kommit till Milj\u00f6partiet att ropa efter h\u00e5rdare tag. Milj\u00f6- och klimatminister Per Bolund f\u00f6resl\u00e5r i en lagr\u00e5dsremiss att straffansvaret f\u00f6r nedskr\u00e4pning utvidgas till att omfatta \u00e4ven enstaka mindre f\u00f6rem\u00e5l som t ex en cigarettfimp, godis- eller glasspapper eller ett tuggummi. Nu dr\u00e4nktes Lagr\u00e5dets s\u00e5gning av mer rafflande saker&hellip;<\/p>\n<p class=\"more-link-p\"><a class=\"more-link\" href=\"https:\/\/www.mariaabrahamsson.nu\/index.php\/2021\/05\/02\/lofven-menar-allvar-med-att-kriminalisera-tuggummispottare-och-fimpkastar\/\">Read more &rarr;<\/a><\/p>\n","protected":false},"author":2,"featured_media":0,"comment_status":"open","ping_status":"open","sticky":false,"template":"","format":"standard","meta":{"footnotes":""},"categories":[1],"tags":[309,220,228,259,247,310],"class_list":["post-14009","post","type-post","status-publish","format-standard","hentry","category-uncategorized","tag-fimpar","tag-lagradet","tag-lofven","tag-mp","tag-polisen","tag-tuggummi"],"_links":{"self":[{"href":"https:\/\/www.mariaabrahamsson.nu\/index.php\/wp-json\/wp\/v2\/posts\/14009","targetHints":{"allow":["GET"]}}],"collection":[{"href":"https:\/\/www.mariaabrahamsson.nu\/index.php\/wp-json\/wp\/v2\/posts"}],"about":[{"href":"https:\/\/www.mariaabrahamsson.nu\/index.php\/wp-json\/wp\/v2\/types\/post"}],"author":[{"embeddable":true,"href":"https:\/\/www.mariaabrahamsson.nu\/index.php\/wp-json\/wp\/v2\/users\/2"}],"replies":[{"embeddable":true,"href":"https:\/\/www.mariaabrahamsson.nu\/index.php\/wp-json\/wp\/v2\/comments?post=14009"}],"version-history":[{"count":5,"href":"https:\/\/www.mariaabrahamsson.nu\/index.php\/wp-json\/wp\/v2\/posts\/14009\/revisions"}],"predecessor-version":[{"id":14014,"href":"https:\/\/www.mariaabrahamsson.nu\/index.php\/wp-json\/wp\/v2\/posts\/14009\/revisions\/14014"}],"wp:attachment":[{"href":"https:\/\/www.mariaabrahamsson.nu\/index.php\/wp-json\/wp\/v2\/media?parent=14009"}],"wp:term":[{"taxonomy":"category","embeddable":true,"href":"https:\/\/www.mariaabrahamsson.nu\/index.php\/wp-json\/wp\/v2\/categories?post=14009"},{"taxonomy":"post_tag","embeddable":true,"href":"https:\/\/www.mariaabrahamsson.nu\/index.php\/wp-json\/wp\/v2\/tags?post=14009"}],"curies":[{"name":"wp","href":"https:\/\/api.w.org\/{rel}","templated":true}]}}