{"id":13899,"date":"2021-02-20T18:08:52","date_gmt":"2021-02-20T17:08:52","guid":{"rendered":"https:\/\/www.mariaabrahamsson.nu\/?p=13899"},"modified":"2021-02-21T10:31:29","modified_gmt":"2021-02-21T09:31:29","slug":"sank-rasismen-i-vita-havet","status":"publish","type":"post","link":"https:\/\/www.mariaabrahamsson.nu\/index.php\/2021\/02\/20\/sank-rasismen-i-vita-havet\/","title":{"rendered":"S\u00e4nk rasismen i Vita havet"},"content":{"rendered":"\n<div class=\"wp-block-group alignwide\"><div class=\"wp-block-group__inner-container is-layout-flow wp-block-group-is-layout-flow\">\n<div class=\"wp-block-group alignwide\"><div class=\"wp-block-group__inner-container is-layout-flow wp-block-group-is-layout-flow\">\n<div class=\"wp-block-columns is-layout-flex wp-container-core-columns-is-layout-9d6595d7 wp-block-columns-is-layout-flex\">\n<div class=\"wp-block-column is-layout-flow wp-block-column-is-layout-flow\" style=\"flex-basis:100%\">\n<p><strong>Man vill inget hellre<\/strong> \u00e4n att snacka om det angel\u00e4gna. \u00d6vertyga v\u00e4rlden om att ens argument \u00e4r b\u00e4st, de enda giltiga. \u00c4mnet kan g\u00e4lla allt fr\u00e5n skattetrycket till hur f\u00f6r\u00e4ldraf\u00f6rs\u00e4kringen ska f\u00f6rdelas, eller Konstfacks arbete mot strukturell rasism och social snedrekrytering. Men n\u00e5gonstans p\u00e5 v\u00e4gen &#8211; i en artikel eller intervju &#8211; smyger det sig in en luddig formulering, en fels\u00e4gning, som debattmotst\u00e5ndarna kvickt tar fasta p\u00e5. Vad menar du? Va? Va? Va? Med f\u00f6ljden att du m\u00e5ste l\u00e4gga all kraft p\u00e5 att f\u00f6rklara dig, f\u00f6rsvara dig och till sist &#8211; be om urs\u00e4kt. Det blir ingen debatt i sakfr\u00e5gan.<\/p>\n\n\n\n<p>Hemkommen fr\u00e5n shoppingturen funderar jag p\u00e5 var i tr\u00e4det vid sm\u00e5f\u00e5glarnas fr\u00f6automater jag ska h\u00e4nga upp det inhandlade paketet cocosfett. Vrider och v\u00e4nder p\u00e5 halvkilosklumpen och &#8230; j\u00e4klar anamma, h\u00e4r st\u00e5r jag och h\u00e5ller i en vit kub! F\u00f6r ett par veckor sedan hade jag inte \u00e4gnat den banaliteten en tanke. Nu associerar jag p\u00e5 en tiondels sekund bl\u00e5mesarna och talgoxarnas cocosfett till Konstfack och Vita havet-debaclet. <\/p>\n\n\n\n<p><strong>Parentes: Efter att ha <\/strong>konsulterat <a href=\"https:\/\/sv.wikipedia.org\/wiki\/Den_vita_kuben#Nackdelar\">Wikipedia<\/a> vet jag att den vita kuben har noll att g\u00f6ra med f\u00e5gelmat i vinterkylan utan \u00e4r ett &#8221;samtidskonstens utst\u00e4llningsformat&#8221; som fick sitt genombrott sent 60-tal. Kort sagt handlar det om gallerior och museer d\u00e4r konstverk st\u00e4lls ut i rum med vita v\u00e4ggar som inte konkurrerar med\/st\u00f6r de utst\u00e4llda verken. Fast det visste ni s\u00e4kert redan.<\/p>\n\n\n\n<p>F\u00f6r min del beh\u00f6vs inte fler inl\u00e4gg p\u00e5 kultursidor och annorst\u00e4des om det ol\u00e4mpliga\/tragiska i att Konstfack byter namn p\u00e5 utst\u00e4llningslokalen Vita havet, eller inte. \u00c4n mindre om den absurda motiveringen till det. Inte s\u00e5 att Brown Island anser att f\u00e4rgen vit i namnet Vita havet \u00e4r rasistisk. Men man har sj\u00e4lv medverkat till att ge det intrycket i debatten (se ovan stycke ett). Oklart dock vad Brown Island menar med att &#8221;&#8230; <em>Det \u00e4r viktigt att prata om att Vita havet, som exemplifierar den vita kuben<\/em>, <em>inte \u00e4r en neutral plats<\/em> (min kursivering). Det \u00e4r snarare en ideologiskt ritualiserad plats med r\u00f6tter i den v\u00e4sterl\u00e4ndska modernismen &#8211; en tradition som har f\u00f6respr\u00e5kat id\u00e9er om vithet, renhet och rasbiologi&#8221; (DN 6\/2).<\/p>\n\n\n\n<p><strong>Brown Islands fixering <\/strong>vid vitheten \u00e4r sorglig och \u00e4ven ett strategiskt misstag. I st\u00e4llet f\u00f6r att leda till en kritisk granskning av Konstfacks arbete mot rasism har svensk opinions- och kulturdebatt i flera veckor nu handlat om struntsaken huruvida Vita havet \u00e4r ett l\u00e4mpligt namn p\u00e5 en utst\u00e4llningslokal. Det var knappast Brown Islands avsikt att g\u00f6ra sig sj\u00e4lv till en karikatyr i den antirasistiska kampen. Men s\u00e5 blev det. <\/p>\n<\/div>\n<\/div>\n<\/div><\/div>\n<\/div><\/div>\n","protected":false},"excerpt":{"rendered":"<p>Man vill inget hellre \u00e4n att snacka om det angel\u00e4gna. \u00d6vertyga v\u00e4rlden om att ens argument \u00e4r b\u00e4st, de enda giltiga. \u00c4mnet kan g\u00e4lla allt fr\u00e5n skattetrycket till hur f\u00f6r\u00e4ldraf\u00f6rs\u00e4kringen ska f\u00f6rdelas, eller Konstfacks arbete mot strukturell rasism och social snedrekrytering. Men n\u00e5gonstans p\u00e5 v\u00e4gen &#8211; i en artikel eller intervju &#8211; smyger det sig&hellip;<\/p>\n<p class=\"more-link-p\"><a class=\"more-link\" href=\"https:\/\/www.mariaabrahamsson.nu\/index.php\/2021\/02\/20\/sank-rasismen-i-vita-havet\/\">Read more &rarr;<\/a><\/p>\n","protected":false},"author":2,"featured_media":0,"comment_status":"open","ping_status":"open","sticky":false,"template":"","format":"standard","meta":{"footnotes":""},"categories":[1],"tags":[303,304,231],"class_list":["post-13899","post","type-post","status-publish","format-standard","hentry","category-uncategorized","tag-brown-island","tag-konstfack","tag-vithet"],"_links":{"self":[{"href":"https:\/\/www.mariaabrahamsson.nu\/index.php\/wp-json\/wp\/v2\/posts\/13899","targetHints":{"allow":["GET"]}}],"collection":[{"href":"https:\/\/www.mariaabrahamsson.nu\/index.php\/wp-json\/wp\/v2\/posts"}],"about":[{"href":"https:\/\/www.mariaabrahamsson.nu\/index.php\/wp-json\/wp\/v2\/types\/post"}],"author":[{"embeddable":true,"href":"https:\/\/www.mariaabrahamsson.nu\/index.php\/wp-json\/wp\/v2\/users\/2"}],"replies":[{"embeddable":true,"href":"https:\/\/www.mariaabrahamsson.nu\/index.php\/wp-json\/wp\/v2\/comments?post=13899"}],"version-history":[{"count":24,"href":"https:\/\/www.mariaabrahamsson.nu\/index.php\/wp-json\/wp\/v2\/posts\/13899\/revisions"}],"predecessor-version":[{"id":13930,"href":"https:\/\/www.mariaabrahamsson.nu\/index.php\/wp-json\/wp\/v2\/posts\/13899\/revisions\/13930"}],"wp:attachment":[{"href":"https:\/\/www.mariaabrahamsson.nu\/index.php\/wp-json\/wp\/v2\/media?parent=13899"}],"wp:term":[{"taxonomy":"category","embeddable":true,"href":"https:\/\/www.mariaabrahamsson.nu\/index.php\/wp-json\/wp\/v2\/categories?post=13899"},{"taxonomy":"post_tag","embeddable":true,"href":"https:\/\/www.mariaabrahamsson.nu\/index.php\/wp-json\/wp\/v2\/tags?post=13899"}],"curies":[{"name":"wp","href":"https:\/\/api.w.org\/{rel}","templated":true}]}}