{"id":13842,"date":"2021-01-13T09:55:10","date_gmt":"2021-01-13T08:55:10","guid":{"rendered":"https:\/\/www.mariaabrahamsson.nu\/?p=13842"},"modified":"2021-01-13T10:38:01","modified_gmt":"2021-01-13T09:38:01","slug":"vad-forsiggar-i-varmlands-tingsratt","status":"publish","type":"post","link":"https:\/\/www.mariaabrahamsson.nu\/index.php\/2021\/01\/13\/vad-forsiggar-i-varmlands-tingsratt\/","title":{"rendered":"Vad f\u00f6rsigg\u00e5r i V\u00e4rmlands tingsr\u00e4tt?"},"content":{"rendered":"\n<p><strong>Som deltidsv\u00e4rml\u00e4nning sedan<\/strong> ett kvarts sekel l\u00e4ser jag f\u00f6rst\u00e5s&nbsp;<a href=\"https:\/\/www.nwt.se\">NWT<\/a>. Kanske inte till morgonkaffet men \u00e4nd\u00e5 tillr\u00e4ckligt f\u00f6r att k\u00e4nna mig n\u00e5gorlunda orienterad i&nbsp;bygdens g\u00f6randen och l\u00e5tanden lokalt och regionalt,&nbsp;oavsett om det g\u00e4ller sj\u00e4lva residensstaden Karlstad eller sm\u00e5metropolerna&nbsp;Arvika, Sunne och Torsby. Nu p\u00e5 senare tid har jag genom tidningens alerta rapportering alltmer fascinerad&nbsp;f\u00e5tt upp \u00f6gonen f\u00f6r vad som f\u00f6rsigg\u00e5r&nbsp;i&nbsp;V\u00e4rmlands tingsr\u00e4tt. Raden av skandaler och m\u00e4rkliga domslut d\u00e4rifr\u00e5n tycks inte ha n\u00e5gon \u00e4nde.  &nbsp;<\/p>\n\n\n\n<p>Ett stort ekobrottsm\u00e5l i V\u00e4rmlands tingsr\u00e4tt<strong> <\/strong>gick mot sitt slut. Bara tv\u00e5 &#8211; eller m\u00f6jligen tre &#8211; f\u00f6rhandlingsdagar \u00e5terstod n\u00e4r en av m\u00e5lets tv\u00e5 juristdomare p\u00e5 den 19:e dagen anm\u00e4lde j\u00e4v mot sig sj\u00e4lv. Meddelandet kom som en blixt fr\u00e5n klar himmel. Sedan en tid hade domaren funderat p\u00e5 att v\u00e4xla karri\u00e4rsp\u00e5r och under p\u00e5g\u00e5ende r\u00e4tteg\u00e5ng d\u00f6k tillf\u00e4llet upp. En advokatbyr\u00e5 s\u00f6kte jurister, domaren nappade och rekryteringssamtal inleddes. Kruxet var bara att en f\u00f6rsvarsadvokat i det aktuella m\u00e5let var knuten till samma byr\u00e5 som domaren s\u00f6kte jobb p\u00e5. I samma stund som domarens jobbans\u00f6kan blev k\u00e4nd avbr\u00f6ts r\u00e4tteg\u00e5ngen och det n\u00e4stan avslutade mammutm\u00e5let m\u00e5ste tas om med nya domare och nya n\u00e4mndem\u00e4n. R\u00e4tteg\u00e5ngen drog ut flera m\u00e5nader p\u00e5 tiden med allt vad det innebar i form av besv\u00e4r och lidande f\u00f6r parter, vittnen och andra inblandade. L\u00e4gg d\u00e4rtill r\u00e4ttss\u00e4kerhetsf\u00f6rlusterna n\u00e4r bevis kallnar och vittnen hinner gl\u00f6mma. <\/p>\n\n\n\n<p><strong>\u00c4ven rent ekonomiskt blev domarens<\/strong> jobbs\u00f6kande en dyr aff\u00e4r f\u00f6r domstolen. Ja, s\u00e5 kostsam (vi talar sexsiffrigt belopp) att tingsr\u00e4ttens chef, <a href=\"https:\/\/www.svt.se\/nyheter\/lokalt\/varmland\/lagman-prickas-efter-fel-fallde-istallet-for-att-friade\">lagman Lars Holmg\u00e5rd,<\/a> anm\u00e4lde domaren till <a href=\"http:\/\/statensansvarsnamnd.se\">Statens ansvarsn\u00e4mnd<\/a> efter att ha samr\u00e5tt med <a href=\"https:\/\/www.domstol.se\/domstolsverket\/\">Domstolsverket<\/a>. Att Holmg\u00e5rd inte tordes avg\u00f6ra den saken p\u00e5 egen hand \u00e4r kanske ett tecken p\u00e5 att en ny generations domare inte agerar med samma pondus och sj\u00e4lvs\u00e4kerhet som \u2013 p\u00e5 gott och ont &#8211; varit tradition inom domark\u00e5ren. En utveckling som f\u00f6rtj\u00e4nar att uppm\u00e4rksammas i s\u00e4rskild ordning.  <br><br>Vad Statens ansvarsn\u00e4mnd beslutade? \u00c4rendet avskrevs. Och n\u00e5got advokatjobb blev det inte f\u00f6r domaren som (om jag f\u00f6rst\u00e5tt turerna r\u00e4tt) jobbar kvar p\u00e5 V\u00e4rmlands tingsr\u00e4tt. Lagman Holmg\u00e5rd vill inte uttala sig mer om saken (NWT 3\/4-2019).<br><br><strong>Elina 21 \u00e5r\u00a0blev v\u00e5ldtagen<\/strong> utanf\u00f6r biblioteket i Karlstad efter en festkv\u00e4ll p\u00e5 stan. F\u00f6r\u00f6varen friades av V\u00e4rmlands tingsr\u00e4tt som inte trodde p\u00e5 Elinas ber\u00e4ttelse eftersom hon varit alkoholp\u00e5verkad. Bevisningen mot mannen ans\u00e5gs inte r\u00e4cka till, och \u00e5klagaren tyckte inte det var n\u00e5gon mening med att \u00f6verklaga. Det gjorde d\u00e4remot Elina. Och tur var v\u00e4l det. F\u00f6r till skillnad fr\u00e5n tingsr\u00e4tten bed\u00f6mde\u00a0hovr\u00e4tten Elinas uppgifter som trov\u00e4rdiga och d\u00f6mde mannen f\u00f6r v\u00e5ldt\u00e4kt till tv\u00e5 \u00e5rs f\u00e4ngelse och tio \u00e5rs utvisning plus skadest\u00e5nd p\u00e5 drygt 100 000 kronor till Elina (NWT 5\/2 -2020). H\u00f6gsta domstolen beviljade inte pr\u00f6vningstillst\u00e5nd.\u00a0<br><br>Det \u00e4r inte j\u00e4tteovanligt att tingsr\u00e4ttsdomar \u00e4ndras i h\u00f6gre instans. Ovanligt \u00e4r d\u00e4remot att brottsoffer utan \u00e5klagarhj\u00e4lp \u00f6verklagar en tingsr\u00e4ttsdom, med de ekonomiska risker som det inneb\u00e4r. Och extremt ovanligt \u00e4r att ett \u00f6verklagande av brottsoffret sj\u00e4lv kr\u00f6ns med framg\u00e5ng i den h\u00f6gre instansen. F\u00f6r det kr\u00e4vs i regel att underinstansen har gjort en grov felbed\u00f6mning av bevisl\u00e4get. I detta fall en felbed\u00f6mning av V\u00e4rmlands tingsr\u00e4tt.\u00a0<br><br><strong>Under h\u00f6sten 2020 gick &#8221;Domaren och juristen&#8221; <\/strong>som f\u00f6ljetong i NWT. B\u00e5da var verksamma vid V\u00e4rmlands tingsr\u00e4tt. Ja, domaren \u00e4r det fortfarande, om jag har f\u00f6rst\u00e5tt saken r\u00e4tt. F\u00f6r att g\u00f6ra en l\u00e5ng historia kort. Tidigare samma \u00e5r d\u00f6mde domaren i ett sexk\u00f6psm\u00e5l d\u00e4r tv\u00e5 ung kvinnor s\u00e5lt sex till en finansman fr\u00e5n huvudstaden. I maj \u00e4r domaren och hans kollega juristen, som man f\u00e5r anta var domstolshandl\u00e4ggare av n\u00e5got slag, ute och festar i Karlstadsnatten. De kommer i samspr\u00e5k med de unga kvinnorna, varav \u00e5tminstone en k\u00e4nner igen\u00a0domaren. Kv\u00e4llen slutar med att domaren och juristen sl\u00e4pper in kvinnorna i V\u00e4rmlands tingsr\u00e4tts lokaler d\u00e4r de f\u00e5r ihop det p\u00e5 n\u00e5got s\u00e4tt och sexuella handlingar utf\u00f6rs. Domaren och juristen polisanm\u00e4ls f\u00f6r sexk\u00f6p av en v\u00e4ninna till kvinnorna. Indignationens v\u00e5gor g\u00e5r h\u00f6ga i residensstaden, men det slutar med att \u00e5klagaren l\u00e4gger ner f\u00f6runders\u00f6kningen. Det g\u00e5r inte att bevisa att domaren och juristen har avtalat om betalning till\u00a0kvinnorna.\u00a0Eller som NWT (28\/11-20) refererar: &#8221;N\u00e4r kvinnorna kom hem senare p\u00e5 natten <em>hittade <\/em>(min kursivering) 19-\u00e5ringen tv\u00e5 femhundralappar instuckna i sin pl\u00e5nbok&#8221;.<br><br>Och domaren jobbar allts\u00e5 kvar p\u00e5 V\u00e4rmlands tingsr\u00e4tt. Domstolens chef, lagman Holmg\u00e5rd, har anm\u00e4lt honom till Statens ansvarsn\u00e4mnd men konstaterar samtidigt (NWT 22\/ 12-20):<br><br>&#8211;<strong> Det som h\u00e4nde var v\u00e4ldigt olyckligt<\/strong> och omd\u00f6mesl\u00f6st. Men det var\u00a0<em>en\u00a0<\/em>handling. \u00a0\u00a0\u00a0 \u00a0\u00a0<br><br>I Statens ansvarsn\u00e4mnd v\u00e4ntar \u00e4rendet p\u00e5 pr\u00f6vning. Enligt\u00a0n\u00e4mndens sekreterare Jens Wieslander kan handl\u00e4ggningen ber\u00e4knas ta uppemot tre m\u00e5nader (NWT 2\/12-20). D\u00e5 skriver vi februari.\u00a0Kan redan nu flagga f\u00f6r att jag \u00e5terkommer i \u00e4rendet.\u00a0\u00a0<br><br><strong>F\u00f6r som sagt, p\u00e5 senare tid <\/strong>har jag blivit alltmer f\u00f6rundrad\u00a0\u00f6ver vad som f\u00f6rsigg\u00e5r\u00a0i\u00a0V\u00e4rmlands tingsr\u00e4tt.<\/p>\n\n\n\n<p> <\/p>\n","protected":false},"excerpt":{"rendered":"<p>Som deltidsv\u00e4rml\u00e4nning sedan ett kvarts sekel l\u00e4ser jag f\u00f6rst\u00e5s&nbsp;NWT. Kanske inte till morgonkaffet men \u00e4nd\u00e5 tillr\u00e4ckligt f\u00f6r att k\u00e4nna mig n\u00e5gorlunda orienterad i&nbsp;bygdens g\u00f6randen och l\u00e5tanden lokalt och regionalt,&nbsp;oavsett om det g\u00e4ller sj\u00e4lva residensstaden Karlstad eller sm\u00e5metropolerna&nbsp;Arvika, Sunne och Torsby. Nu p\u00e5 senare tid har jag genom tidningens alerta rapportering alltmer fascinerad&nbsp;f\u00e5tt upp \u00f6gonen f\u00f6r&hellip;<\/p>\n<p class=\"more-link-p\"><a class=\"more-link\" href=\"https:\/\/www.mariaabrahamsson.nu\/index.php\/2021\/01\/13\/vad-forsiggar-i-varmlands-tingsratt\/\">Read more &rarr;<\/a><\/p>\n","protected":false},"author":2,"featured_media":0,"comment_status":"open","ping_status":"open","sticky":false,"template":"","format":"standard","meta":{"footnotes":""},"categories":[1],"tags":[256,298,226,297],"class_list":["post-13842","post","type-post","status-publish","format-standard","hentry","category-uncategorized","tag-domstolarna","tag-lagman-holmgard","tag-sexkop","tag-varmlands-tingsratt"],"_links":{"self":[{"href":"https:\/\/www.mariaabrahamsson.nu\/index.php\/wp-json\/wp\/v2\/posts\/13842","targetHints":{"allow":["GET"]}}],"collection":[{"href":"https:\/\/www.mariaabrahamsson.nu\/index.php\/wp-json\/wp\/v2\/posts"}],"about":[{"href":"https:\/\/www.mariaabrahamsson.nu\/index.php\/wp-json\/wp\/v2\/types\/post"}],"author":[{"embeddable":true,"href":"https:\/\/www.mariaabrahamsson.nu\/index.php\/wp-json\/wp\/v2\/users\/2"}],"replies":[{"embeddable":true,"href":"https:\/\/www.mariaabrahamsson.nu\/index.php\/wp-json\/wp\/v2\/comments?post=13842"}],"version-history":[{"count":7,"href":"https:\/\/www.mariaabrahamsson.nu\/index.php\/wp-json\/wp\/v2\/posts\/13842\/revisions"}],"predecessor-version":[{"id":13852,"href":"https:\/\/www.mariaabrahamsson.nu\/index.php\/wp-json\/wp\/v2\/posts\/13842\/revisions\/13852"}],"wp:attachment":[{"href":"https:\/\/www.mariaabrahamsson.nu\/index.php\/wp-json\/wp\/v2\/media?parent=13842"}],"wp:term":[{"taxonomy":"category","embeddable":true,"href":"https:\/\/www.mariaabrahamsson.nu\/index.php\/wp-json\/wp\/v2\/categories?post=13842"},{"taxonomy":"post_tag","embeddable":true,"href":"https:\/\/www.mariaabrahamsson.nu\/index.php\/wp-json\/wp\/v2\/tags?post=13842"}],"curies":[{"name":"wp","href":"https:\/\/api.w.org\/{rel}","templated":true}]}}