{"id":13831,"date":"2021-01-04T12:24:28","date_gmt":"2021-01-04T11:24:28","guid":{"rendered":"https:\/\/www.mariaabrahamsson.nu\/?p=13831"},"modified":"2021-01-04T12:51:52","modified_gmt":"2021-01-04T11:51:52","slug":"wilde-och-arnault-har-nagot-gemensamt","status":"publish","type":"post","link":"https:\/\/www.mariaabrahamsson.nu\/index.php\/2021\/01\/04\/wilde-och-arnault-har-nagot-gemensamt\/","title":{"rendered":"Wilde och Arnault har n\u00e5got gemensamt"},"content":{"rendered":"\n<p class=\"wp-block-paragraph\"><strong>Jull\u00e4sningen har inte fuskats \u00f6ver. <\/strong>Ett av det starkare intrycken bj\u00f6d Katarina Frostensons <a href=\"https:\/\/www.adlibris.com\/se\/bok\/f-en-fard-9789177954156\">&#8221;F&#8221;<\/a> p\u00e5.  Boken har redan flitigt recenserats &#8211; dissats (mest) och hyllats &#8211; av mer litteraturkunnigt folk \u00e4n jag. Frostensons skildring av bes\u00f6ken hos sin make v\u00e4cker minnen.  N\u00e5gra somrar p\u00e5 80-talet jobbade jag som vakt p\u00e5 Kronobergsh\u00e4ktet och hade f\u00f6rtr\u00e4ngt vilken mentalt p\u00e5frestande milj\u00f6 h\u00e4kten och f\u00e4ngelser \u00e4r \u00e4ven f\u00f6r de intagnas n\u00e4rst\u00e5ende. <\/p>\n\n\n\n<p class=\"wp-block-paragraph\">Gripen av Frostensons \u00e5ngestridna ber\u00e4ttande fortsatte min jull\u00e4sningen p\u00e5 samma sp\u00e5r: Oscar Wildes&nbsp;<em><a href=\"https:\/\/www.adlibris.com\/se\/bok\/de-profundis-9781535386883\">De profundis\/Brev fr\u00e5n f\u00e4ngelset.<\/a><\/em> Halvv\u00e4gs in i den konstaterar jag att <a href=\"https:\/\/sv.wikipedia.org\/wiki\/Jean-Claude_Arnault\">Jean-Claude Arnault<\/a> och <a href=\"https:\/\/sv.wikipedia.org\/wiki\/Oscar_Wilde\">Oscar Wilde<\/a> inte saknar gemensamma n\u00e4mnare. B\u00e5da var utlevande kulturprofiler. Dekadenta och vackra (n\u00e5ja) och utstuderat provocerande f\u00f6r sin samtid. S\u00e5v\u00e4l d\u00e5tidens som nutidens kulturaristokratiska etablissemang var \u00f6verseende, sl\u00e4tade \u00f6ver och l\u00e4t dem h\u00e5llas. <\/p>\n\n\n\n<p class=\"wp-block-paragraph\">D\u00e5tidens victorianska dubbelmoral uppr\u00f6rdes s\u00e5ledes inte n\u00e4mnv\u00e4rt av att Wilde utnyttjade prostituerade ynglingar, det var f\u00f6rst n\u00e4r han hade mage att ta med sina fattiga toyboys p\u00e5 lyxkrogar som han st\u00e4lldes inf\u00f6r skranket och d\u00f6mdes till tv\u00e5 \u00e5rs f\u00e4ngelse.<br><br><strong>P\u00e5 motsvarande s\u00e4tt<\/strong> fick Jean-Claude Arnault i decennier h\u00e5lla p\u00e5 med sitt kladdiga &#8221;viv\u00f6rskap&#8221; \u00e4nda tills det genom en artikel i Sveriges st\u00f6rsta dagstidning inte l\u00e4ngre gick att blunda f\u00f6r det. Med f\u00f6ljden att han h\u00e4ktades, \u00e5talades och d\u00f6mdes till ett ungef\u00e4r lika l\u00e5ngt f\u00e4ngelsestraff som p\u00e5 sin tid Wilde. Inte heller Arnault straffades f\u00f6r de f\u00f6rsyndelser som kulturjournalister och konstn\u00e4rer &#8211; av vilka m\u00e5nga ocks\u00e5 g\u00e4rna bes\u00f6kte <a href=\"https:\/\/sv.wikipedia.org\/wiki\/Forum_(Stockholm)\">Forum<\/a> &#8211; i likhet med tidningsredaktioner och \u00e4ven de utsatta kvinnorna hela tiden k\u00e4nt till. Utan Arnault straffades f\u00f6r en urartad sexuell relation  med en enda m\u00e5ls\u00e4gande som f\u00f6rst tio \u00e5r senare finner det v\u00e4rt att anm\u00e4la saken. (Tryck p\u00e5 Arnault i &#8221;Mest omskrivna \u00e4mnen&#8221; f\u00f6r att l\u00e4sa tidigare inl\u00e4gg om r\u00e4ttsprocessen mot JCA).<\/p>\n\n\n\n<p class=\"wp-block-paragraph\">P\u00e5 en viktig punkt (ja, s\u00e4kert flera) skiljer de sig dock. Arnault v\u00e4grar att \u00f6ver huvud taget erk\u00e4nna sig skyldig till brotten som han d\u00f6mdes f\u00f6r. Att han skulle ha gjort n\u00e5got brottsligt f\u00f6rnekas blankt \u00e4ven av Frostenson, och d\u00e4rmed g\u00f6r hon sig sj\u00e4lv till m\u00e5ltavla f\u00f6r kritik p\u00e5 ett on\u00f6digt och dumt s\u00e4tt, tycker jag.&nbsp;Wilde d\u00e4remot, medgav att vissa (inte alla) \u00e5talspunkter mot honom var i sin ordning, han hade beg\u00e5tt sedlighetsbrott, och homosexualitet &#8211; eller sodomi, som man sade p\u00e5 den tiden &#8211; var straffbart.<\/p>\n\n\n\n<p class=\"wp-block-paragraph\"><strong>Oscar Wilde lyckades aldrig <\/strong>f\u00e5 ordning p\u00e5 sitt liv efter f\u00e4ngelsevistelsen. I fallet Jean-Claude Arnault f\u00e5r man i &#8221;F&#8221; intrycket att Frostenson tror p\u00e5 ett fortsatt gemensamt liv. Frostenson konstaterar visserligen att arbete, m\u00e4nniskor, sammanhang \u00e4r borta, men att livet, v\u00e4nskapen, k\u00e4rleken \u00e4r kvar, och att &#8221;poesin kanske kommer tillbaka&#8221; (sid  240). Rent krasst kan man v\u00e4l ocks\u00e5 s\u00e4ga att Oscar Wildes tv\u00e5 \u00e5r i &#8221;tukthus&#8221; var en fysiskt och psykiskt mer nedbrytande upplevelse \u00e4n den \u00e4nd\u00e5 ganska humana behandling Arnault fick utst\u00e5 p\u00e5 Skogomeanstalten.<\/p>\n\n\n\n<p class=\"wp-block-paragraph\">Efter att Arnault suttit av sitt straff kan man av ren medm\u00e4nsklighet bara \u00f6nska paret<strong> <\/strong>Frostenson\/Arnault lycka till i framtiden med sina fria liv. Men onekligen \u00e4r det en \u00f6dets ironi att i samma veva som JCA muckade fr\u00e5n sitt f\u00e4ngelsestraff l\u00e5ste Coronapandemin in v\u00e4rlden.  <\/p>\n","protected":false},"excerpt":{"rendered":"<p>Jull\u00e4sningen har inte fuskats \u00f6ver. Ett av det starkare intrycken bj\u00f6d Katarina Frostensons &#8221;F&#8221; p\u00e5. Boken har redan flitigt recenserats &#8211; dissats (mest) och hyllats &#8211; av mer litteraturkunnigt folk \u00e4n jag. Frostensons skildring av bes\u00f6ken hos sin make v\u00e4cker minnen. N\u00e5gra somrar p\u00e5 80-talet jobbade jag som vakt p\u00e5 Kronobergsh\u00e4ktet och hade f\u00f6rtr\u00e4ngt vilken&hellip;<\/p>\n<p class=\"more-link-p\"><a class=\"more-link\" href=\"https:\/\/www.mariaabrahamsson.nu\/index.php\/2021\/01\/04\/wilde-och-arnault-har-nagot-gemensamt\/\">Read more &rarr;<\/a><\/p>\n","protected":false},"author":2,"featured_media":0,"comment_status":"open","ping_status":"open","sticky":false,"template":"","format":"standard","meta":{"footnotes":""},"categories":[1],"tags":[218,216,296],"class_list":["post-13831","post","type-post","status-publish","format-standard","hentry","category-uncategorized","tag-arnault","tag-coronan","tag-wilde"],"_links":{"self":[{"href":"https:\/\/www.mariaabrahamsson.nu\/index.php\/wp-json\/wp\/v2\/posts\/13831","targetHints":{"allow":["GET"]}}],"collection":[{"href":"https:\/\/www.mariaabrahamsson.nu\/index.php\/wp-json\/wp\/v2\/posts"}],"about":[{"href":"https:\/\/www.mariaabrahamsson.nu\/index.php\/wp-json\/wp\/v2\/types\/post"}],"author":[{"embeddable":true,"href":"https:\/\/www.mariaabrahamsson.nu\/index.php\/wp-json\/wp\/v2\/users\/2"}],"replies":[{"embeddable":true,"href":"https:\/\/www.mariaabrahamsson.nu\/index.php\/wp-json\/wp\/v2\/comments?post=13831"}],"version-history":[{"count":10,"href":"https:\/\/www.mariaabrahamsson.nu\/index.php\/wp-json\/wp\/v2\/posts\/13831\/revisions"}],"predecessor-version":[{"id":13841,"href":"https:\/\/www.mariaabrahamsson.nu\/index.php\/wp-json\/wp\/v2\/posts\/13831\/revisions\/13841"}],"wp:attachment":[{"href":"https:\/\/www.mariaabrahamsson.nu\/index.php\/wp-json\/wp\/v2\/media?parent=13831"}],"wp:term":[{"taxonomy":"category","embeddable":true,"href":"https:\/\/www.mariaabrahamsson.nu\/index.php\/wp-json\/wp\/v2\/categories?post=13831"},{"taxonomy":"post_tag","embeddable":true,"href":"https:\/\/www.mariaabrahamsson.nu\/index.php\/wp-json\/wp\/v2\/tags?post=13831"}],"curies":[{"name":"wp","href":"https:\/\/api.w.org\/{rel}","templated":true}]}}