{"id":13750,"date":"2020-12-08T12:39:34","date_gmt":"2020-12-08T11:39:34","guid":{"rendered":"https:\/\/www.mariaabrahamsson.nu\/?p=13750"},"modified":"2020-12-08T14:04:28","modified_gmt":"2020-12-08T13:04:28","slug":"anna-serner-graver-sin-egen-grav","status":"publish","type":"post","link":"https:\/\/www.mariaabrahamsson.nu\/index.php\/2020\/12\/08\/anna-serner-graver-sin-egen-grav\/","title":{"rendered":"Anna Serner gr\u00e4ver sin egen grav"},"content":{"rendered":"\n<p><strong>I h\u00f6st har kvinnor i filmbranschen<\/strong> riktat avg\u00e5ngskrav mot <a href=\"https:\/\/www.filminstitutet.se\">Svenska Filminstitutets<\/a> vd Anna Serner. Filmproducenten <a href=\"https:\/\/sverigesradio.se\/artikel\/7601779\">Lena Rehnberg<\/a> menar att Serner har &#8221;anammat ett aktivistspr\u00e5k&#8221;. DN:s filmkritiker <a href=\"https:\/\/www.dn.se\/kultur\/helena-lindblad-dags-att-lamna-vd-stolen-anna-serner\/\">Helena Lindblad <\/a>liknar Filminstitutet under Serners ledning med ett &#8221;enfr\u00e5geparti f\u00f6r j\u00e4mst\u00e4lldhet&#8221;. Film &amp; TV-producenternas ordf\u00f6rande&nbsp;<a href=\"https:\/\/sverigesradio.se\/artikel\/7604738\">Eva Hamilton<\/a> konstaterar att svensk film befinner sig i kris och anser, som jag f\u00f6rst\u00e5r det, att Filminstitutets fokus har varit p\u00e5 genus i st\u00e4llet f\u00f6r p\u00e5 &#8221;de  livsomv\u00e4lvande fr\u00e5gorna&#8221; f\u00f6r svensk film. <\/p>\n\n\n\n<p>Ligger det n\u00e5got i kritiken? Har Serner ensidigt fokuserat p\u00e5 genusfr\u00e5gorna och f\u00f6rsummat visionerna om hur svensk film ska r\u00e4ddas i tider av sjunkande publiksiffror och kr\u00e4ftg\u00e5ng p\u00e5 biograferna? <\/p>\n\n\n\n<p><strong>Man kan tycka att Serner <\/strong>l\u00e4tt borde ha kunnat ge tydliga svar p\u00e5 b\u00e5da fr\u00e5gorna. Typ: &#8221;Jo, det st\u00e4mmer att jag sedan mitt tilltr\u00e4de som vd f\u00f6r Filminstitutet h\u00e5rt har drivit genusfr\u00e5gan (som jag f\u00f6r \u00f6vrigt har stridit f\u00f6r hela mitt yrkesliv). P\u00e5 Filminstitutet fortsatte jag egentligen bara det arbete som inleddes under mina f\u00f6retr\u00e4dare <a href=\"https:\/\/sverigesradio.se\/artikel\/524419\">\u00c5se Klevelands<\/a> och <a href=\"https:\/\/www.allehanda.se\/artikel\/farre-kvinnliga-regissorer-i-var\">Cissi Elwins <\/a>ledning. J\u00e4mst\u00e4lldhet och m\u00e5ngfald h\u00f6r dessutom till de filmpolitiska m\u00e5l som riksdagen har slagit fast. Men naturligtvis har jag inte f\u00f6rsummat de \u00f6vriga m\u00e5l och visioner som g\u00e4ller f\u00f6r verksamheten&#8221;.<\/p>\n\n\n\n<p>Men s\u00e5 svarar inte Anna Serner. N\u00e4r hon f\u00e5r chansen att bem\u00f6ta sina belackare i en replik i den stora tidningen g\u00f6r hon det genom att i ett r\u00e4tt spretigt inl\u00e4gg attackera med <a href=\"https:\/\/www.dn.se\/kultur\/det-ar-latt-att-peka-finger-men-vilka-filmvisioner-har-ni-sjalva\/\">motfr\u00e5gor<\/a>. Hon tiger med sina egna visioner, i den m\u00e5n de inte avser just j\u00e4mst\u00e4lldhet och m\u00e5ngfald, och st\u00e4ller sina kritiker mot v\u00e4ggen med fr\u00e5gan: Vilka filmvisioner har ni sj\u00e4lva? Allt enligt devisen &#8221;anfall \u00e4r b\u00e4sta f\u00f6rsvar&#8221;. <\/p>\n\n\n\n<p><strong>Jag \u00e4r ingen cineast och \u00f6verl\u00e5ter <\/strong>\u00e5t andra att debattera framtidens visioner f\u00f6r svensk film. Men s\u00e5 mycket begriper jag att filmvisioner inte enbart handlar om genus.  <\/p>\n\n\n\n<p>F\u00f6r Filminstitutet i allm\u00e4nhet och Anna Serner i synnerhet \u00e4r 2016 ett m\u00e4rkes\u00e5r. D\u00e5 v\u00e4ckte Serner och d\u00e5varande kulturministern Alice Bah Kuhnke uppm\u00e4rksammat p\u00e5 filmfestivalen i Cannes genom lanseringen av <a href=\"https:\/\/www.svt.se\/kultur\/film\/filmchefens-nya-paroll-50-50-till-2020\">&#8221;50\/50 by 2020&#8221;<\/a>. Sifferkombination symboliserade j\u00e4mst\u00e4lldhetsm\u00e5let f\u00f6r svensk filmpolitik. Sedan \u00e5kte Anna Serner hem till Filminstitutet och b\u00f6rjade skriva j\u00e4mst\u00e4lldhetsrapporter f\u00f6r glatta livet. <\/p>\n\n\n\n<p><strong>Den f\u00f6rsta rapporten<\/strong> &#8211; <a href=\"https:\/\/www.filminstitutet.se\/globalassets\/_dokument\/rapporter\/hit-och-annu-langre_jamstalldhetsrapport-2017.pdf\">Hit och \u00e4nnu l\u00e4ngre<\/a> &#8211; kom 2017 och \u00e4r n\u00e4rmast en expos\u00e9 \u00f6ver hur j\u00e4mst\u00e4lldhetsarbetet i filmbranschen har sett ut historiskt. 2018 \u00e5rs j\u00e4mst\u00e4lldhetsrapport <a href=\"https:\/\/www.filminstitutet.se\/globalassets\/_dokument\/rapporter\/jamstalldhetsrapporten-2018.pdf\">Han, hon och pengarna<\/a> bygger p\u00e5 statistik fr\u00e5n bl a Filminstitutets databaser om filmst\u00f6dets f\u00f6rdelning mellan k\u00f6nen. Or\u00e4ttvist f\u00f6rst\u00e5s.  <\/p>\n\n\n\n<p>Filminstitutets tredje j\u00e4mst\u00e4lldhetsrapport <a href=\"https:\/\/www.filminstitutet.se\/globalassets\/_dokument\/rapporter\/vilka_kvinnor_jamstalldhetsrapport-2019-2020.pdf\">&#8221;Vilka kvinnor?&#8221;<\/a> presenterades h\u00e4romveckan. Den bygger p\u00e5 19 anonymiserade intervjuer d\u00e4r 11 av de anonyma kvinnorna uppges ha erfarenhet av att vara &#8221;rasifierade&#8221; som svarta\/bruna, medan de \u00f6vriga \u00e5tta s\u00e4gs falla inom &#8221;vithetsnormen&#8221;. Samtliga uppges vara v\u00e4letablerade i branschen, alla 19 \u00e4r svenskar och &#8221;identifierar sig&#8221; som kvinnor. &#8221;Drygt h\u00e4lften&#8221; \u00e4r \u00f6ver 40 \u00e5r. <\/p>\n\n\n\n<p><strong>19 anonymiserade intervjuer?<\/strong> Med undantag f\u00f6r n\u00e5gra universitetskurser p\u00e5 senare \u00e5r, \u00e4r det ett bra tag sedan jag pluggade humaniora i Lund och sedan tog min jur kand i Stockholm. Men jag minns v\u00e5ndan och de stenh\u00e5rda kraven p\u00e5 akribi (vetenskaplig noggrannhet) varje g\u00e5ng man skulle skriva en uppsats. Inte ens p\u00e5 denna blygsamma niv\u00e5 skulle ett s\u00e5dan l\u00e4roprov ha f\u00e5tt godk\u00e4nt om det hade varit baserat p\u00e5 19 anonymiserade intervjuer. Sanningshalten i intervjusvaren hade ju inte kunnat kontrolleras och det hade varit om\u00f6jligt att dra n\u00e5gra som helst vederh\u00e4ftiga slutsatser utifr\u00e5n ett s\u00e5 litet intervjuunderlag. <\/p>\n\n\n\n<p>\u00d6verf\u00f6rt till Filminstitutets senaste j\u00e4mst\u00e4lldhetsrapport: Visst kan det vara s\u00e5 illa att v\u00e4letablerade kvinnor i filmbranschen generellt uts\u00e4tts f\u00f6r k\u00f6nsf\u00f6rtryck, rasism och \u00e5ldersdiskriminering. Men de 19 anonyma intervjuerna utg\u00f6r inte det trov\u00e4rdiga underlag som skulle beh\u00f6vts f\u00f6r att regeringen och riksdagen eller privata filmfinansi\u00e4rer ska kunna dra s\u00e5dana slutsatser. \u00c4nd\u00e5 s\u00e4tter Svenska Filminstitutets vd sitt namn i pant och skriver under. Det st\u00e4rker misstankarna som m\u00e5nga redan har om Serners aktivism &#8211; och ger hennes kritiker vatten p\u00e5 sin kvarn. Serners syften m\u00e5 vara goda, hennes metoder \u00e4r det inte.<\/p>\n","protected":false},"excerpt":{"rendered":"<p>I h\u00f6st har kvinnor i filmbranschen riktat avg\u00e5ngskrav mot Svenska Filminstitutets vd Anna Serner. Filmproducenten Lena Rehnberg menar att Serner har &#8221;anammat ett aktivistspr\u00e5k&#8221;. DN:s filmkritiker Helena Lindblad liknar Filminstitutet under Serners ledning med ett &#8221;enfr\u00e5geparti f\u00f6r j\u00e4mst\u00e4lldhet&#8221;. Film &amp; TV-producenternas ordf\u00f6rande&nbsp;Eva Hamilton konstaterar att svensk film befinner sig i kris och anser, som jag&hellip;<\/p>\n<p class=\"more-link-p\"><a class=\"more-link\" href=\"https:\/\/www.mariaabrahamsson.nu\/index.php\/2020\/12\/08\/anna-serner-graver-sin-egen-grav\/\">Read more &rarr;<\/a><\/p>\n","protected":false},"author":2,"featured_media":0,"comment_status":"open","ping_status":"open","sticky":false,"template":"","format":"standard","meta":{"footnotes":""},"categories":[1],"tags":[290,289,291],"class_list":["post-13750","post","type-post","status-publish","format-standard","hentry","category-uncategorized","tag-filminstitutet","tag-genus","tag-serner"],"_links":{"self":[{"href":"https:\/\/www.mariaabrahamsson.nu\/index.php\/wp-json\/wp\/v2\/posts\/13750","targetHints":{"allow":["GET"]}}],"collection":[{"href":"https:\/\/www.mariaabrahamsson.nu\/index.php\/wp-json\/wp\/v2\/posts"}],"about":[{"href":"https:\/\/www.mariaabrahamsson.nu\/index.php\/wp-json\/wp\/v2\/types\/post"}],"author":[{"embeddable":true,"href":"https:\/\/www.mariaabrahamsson.nu\/index.php\/wp-json\/wp\/v2\/users\/2"}],"replies":[{"embeddable":true,"href":"https:\/\/www.mariaabrahamsson.nu\/index.php\/wp-json\/wp\/v2\/comments?post=13750"}],"version-history":[{"count":26,"href":"https:\/\/www.mariaabrahamsson.nu\/index.php\/wp-json\/wp\/v2\/posts\/13750\/revisions"}],"predecessor-version":[{"id":13776,"href":"https:\/\/www.mariaabrahamsson.nu\/index.php\/wp-json\/wp\/v2\/posts\/13750\/revisions\/13776"}],"wp:attachment":[{"href":"https:\/\/www.mariaabrahamsson.nu\/index.php\/wp-json\/wp\/v2\/media?parent=13750"}],"wp:term":[{"taxonomy":"category","embeddable":true,"href":"https:\/\/www.mariaabrahamsson.nu\/index.php\/wp-json\/wp\/v2\/categories?post=13750"},{"taxonomy":"post_tag","embeddable":true,"href":"https:\/\/www.mariaabrahamsson.nu\/index.php\/wp-json\/wp\/v2\/tags?post=13750"}],"curies":[{"name":"wp","href":"https:\/\/api.w.org\/{rel}","templated":true}]}}