{"id":13717,"date":"2020-11-17T15:08:24","date_gmt":"2020-11-17T14:08:24","guid":{"rendered":"https:\/\/www.mariaabrahamsson.nu\/?p=13717"},"modified":"2020-11-17T15:20:56","modified_gmt":"2020-11-17T14:20:56","slug":"riksdagen-signalerar-att-eu-galler-inte-oss","status":"publish","type":"post","link":"https:\/\/www.mariaabrahamsson.nu\/index.php\/2020\/11\/17\/riksdagen-signalerar-att-eu-galler-inte-oss\/","title":{"rendered":"Riksdagen signalerar att EU g\u00e4ller inte oss"},"content":{"rendered":"\n<p id=\"block-5d977294-10d9-478f-8809-52b81e1147f2\"><em>\u2013 Jag vill med det h\u00e4r beslutet s\u00e4nda signalen till svenska folket att l\u00e4get \u00e4r mycket allvarligt och att \u00e4ven riksdagen beh\u00f6ver ompr\u00f6va verksamhet som inte \u00e4r absolut n\u00f6dv\u00e4ndig. Det \u00e4r fortsatt viktigt att riksdagen fungerar \u00e4ven under coronapandemin. Partiledardebatten har dock ingen koppling till n\u00e5got besluts\u00e4rende och kan d\u00e4rf\u00f6r st\u00e4llas in utan att det p\u00e5verkar riksdagens konstitutionella funktioner negativt,\u00a0<a rel=\"noreferrer noopener\" href=\"https:\/\/www.riksdagen.se\/sv\/press\/pressmeddelanden\/2020\/nov\/17\/riksdagens-eu-debatt-pa-onsdag-stalls-in\/\" target=\"_blank\">s\u00e4ger\u00a0<\/a>talman Andreas Norl\u00e9n.<\/em><\/p>\n\n\n\n<p id=\"block-840d6b34-6cc9-45d0-8aeb-98b169b25651\"><strong>Urs\u00e4kta spr\u00e5ket men <\/strong>har samtliga partiledare, inklusive talmannen, f\u00e5tt hj\u00e4rnsl\u00e4pp? Onsdagens riksdagsdebatt skulle handla om\u00a0EU som befinner sig\u00a0<a rel=\"noreferrer noopener\" href=\"https:\/\/sverigesradio.se\/sida\/artikel.aspx?programid=83&amp;artikel=7601000\" target=\"_blank\">mitt i den brinnande hanteringen<\/a>\u00a0av unionens l\u00e5ngtidsbudget mot vilken EU:s mest r\u00e4ttsstatsproblematiska\u00a0medlemmar, Polen och Ungern, hotar med veto. Detta med f\u00f6ljden att<strong>\u00a0<\/strong>EU:s coronast\u00f6dspengar inte som avsett kan komma att betalas ut i b\u00f6rjan av n\u00e4sta \u00e5r\u00a0med allt vad det inneb\u00e4r av m\u00e4nskligt\u00a0och ekonomiskt lidande.<\/p>\n\n\n\n<p id=\"block-840d6b34-6cc9-45d0-8aeb-98b169b25651\"> Just med tanke p\u00e5 det allvarliga smittl\u00e4get i Sverige och \u00f6vriga Europa r\u00e4knade jag kallt med att landets ledande politiker i morgon fr\u00e5n talarstolen i Sveriges riksdag skulle ta tillf\u00e4llet i akt och insk\u00e4rpa betydelsen av att \u00e4ven Polen och Ungerns politiska ledningar tar sitt ansvar f\u00f6r att kompensera och st\u00f6tta EU:s medborgare i denna mycket sv\u00e5ra situation. Och hur med plan B om dessa l\u00e4nders auktorit\u00e4ra statsledningar framh\u00e4rdar i att inte g\u00e5 med p\u00e5 de r\u00e4ttsstatliga villkor som knutits till coronast\u00f6det?<\/p>\n\n\n\n<p id=\"block-d40ae824-29dc-4b7d-b0f1-27f7ced0f4d5\"><strong>Men nej d\u00e5, det \u00e4r viktigare,<\/strong> resonerar Sveriges riksdag, att st\u00e4lla in partiledardebatten f\u00f6r att p\u00e5 det s\u00e4ttet skicka &#8221;signalen&#8221;\u00a0att l\u00e4get \u00e4r mycket allvarligt. Samtidigt som riksdagen signalerar att\u00a0EU:s corona\u00e5tg\u00e4rder\u00a0inte ber\u00f6r oss mer \u00e4n att vi l\u00e4tt kan hoppa \u00f6ver en planerad partiledardebatt. Vi sitter lugnt i v\u00e5r svenska bubbla, signalerar hit och dit,\u00a0och trivs r\u00e4tt bra med det. Eller?\u00a0\u00a0<\/p>\n","protected":false},"excerpt":{"rendered":"<p>\u2013 Jag vill med det h\u00e4r beslutet s\u00e4nda signalen till svenska folket att l\u00e4get \u00e4r mycket allvarligt och att \u00e4ven riksdagen beh\u00f6ver ompr\u00f6va verksamhet som inte \u00e4r absolut n\u00f6dv\u00e4ndig. Det \u00e4r fortsatt viktigt att riksdagen fungerar \u00e4ven under coronapandemin. Partiledardebatten har dock ingen koppling till n\u00e5got besluts\u00e4rende och kan d\u00e4rf\u00f6r st\u00e4llas in utan att det&hellip;<\/p>\n<p class=\"more-link-p\"><a class=\"more-link\" href=\"https:\/\/www.mariaabrahamsson.nu\/index.php\/2020\/11\/17\/riksdagen-signalerar-att-eu-galler-inte-oss\/\">Read more &rarr;<\/a><\/p>\n","protected":false},"author":2,"featured_media":0,"comment_status":"open","ping_status":"open","sticky":false,"template":"","format":"standard","meta":{"footnotes":""},"categories":[1],"tags":[216,266,285],"class_list":["post-13717","post","type-post","status-publish","format-standard","hentry","category-uncategorized","tag-coronan","tag-eu","tag-riksdagen"],"_links":{"self":[{"href":"https:\/\/www.mariaabrahamsson.nu\/index.php\/wp-json\/wp\/v2\/posts\/13717","targetHints":{"allow":["GET"]}}],"collection":[{"href":"https:\/\/www.mariaabrahamsson.nu\/index.php\/wp-json\/wp\/v2\/posts"}],"about":[{"href":"https:\/\/www.mariaabrahamsson.nu\/index.php\/wp-json\/wp\/v2\/types\/post"}],"author":[{"embeddable":true,"href":"https:\/\/www.mariaabrahamsson.nu\/index.php\/wp-json\/wp\/v2\/users\/2"}],"replies":[{"embeddable":true,"href":"https:\/\/www.mariaabrahamsson.nu\/index.php\/wp-json\/wp\/v2\/comments?post=13717"}],"version-history":[{"count":4,"href":"https:\/\/www.mariaabrahamsson.nu\/index.php\/wp-json\/wp\/v2\/posts\/13717\/revisions"}],"predecessor-version":[{"id":13721,"href":"https:\/\/www.mariaabrahamsson.nu\/index.php\/wp-json\/wp\/v2\/posts\/13717\/revisions\/13721"}],"wp:attachment":[{"href":"https:\/\/www.mariaabrahamsson.nu\/index.php\/wp-json\/wp\/v2\/media?parent=13717"}],"wp:term":[{"taxonomy":"category","embeddable":true,"href":"https:\/\/www.mariaabrahamsson.nu\/index.php\/wp-json\/wp\/v2\/categories?post=13717"},{"taxonomy":"post_tag","embeddable":true,"href":"https:\/\/www.mariaabrahamsson.nu\/index.php\/wp-json\/wp\/v2\/tags?post=13717"}],"curies":[{"name":"wp","href":"https:\/\/api.w.org\/{rel}","templated":true}]}}