{"id":1363,"date":"2010-02-16T19:34:19","date_gmt":"2010-02-16T19:34:19","guid":{"rendered":"http:\/\/www.mariaabrahamsson.nu\/?p=1363"},"modified":"2010-02-16T20:13:52","modified_gmt":"2010-02-16T20:13:52","slug":"jo-melin-har-lika-ratt-som-justitieminister-ask","status":"publish","type":"post","link":"https:\/\/www.mariaabrahamsson.nu\/index.php\/2010\/02\/16\/jo-melin-har-lika-ratt-som-justitieminister-ask\/","title":{"rendered":"JO talar- lyssnar justitieministern?"},"content":{"rendered":"<p><strong>En l\u00f6rdag <\/strong>p\u00e5 justitiedepartementet f\u00f6r hundra \u00e5r sedan satt jag och filade p\u00e5 brevsvaren \u00e5t d\u00e5varande <a href=\"http:\/\/hallbergeek.com\/images\/hellsvik.jpg\">justitieminister Gun Hellsvik<\/a>.\u00a0Jag irriterades av ett litet barns gr\u00e5t utanf\u00f6r mitt rum p\u00e5 sj\u00e4tte planet i Rosenbad, d\u00e4r justitiedepartementet och dess\u00a0politiska ledningen h\u00e4rskade. D\u00e5 i b\u00f6rjan av 1990-talet gick chefsavdelningens v\u00e5ning under namnet &#8221;Mjuka mattan&#8221;. Hur det \u00e4r i dag l\u00e5ter jag vara osagt.<\/p>\n<p>Hur som helst, pappan till det gr\u00e5tande barnet var Mats Melin, d\u00e5 l\u00e5gavl\u00f6nad handl\u00e4ggare p\u00e5 grundlagsenheten men expert p\u00e5 just grundlagsfr\u00e5gor. Framf\u00f6r allt med tanke p\u00e5 min egen arbetsro ville jag f\u00e5 tyst p\u00e5 den lipande ungen s\u00e5 snabbt som m\u00f6jligt. Melin satt i rummet intill, b\u00f6r till\u00e4ggas.<\/p>\n<p><strong>Min blick fastnade<\/strong> p\u00e5 bokhyllan d\u00e4r en vit nallebj\u00f6rn satt, ikl\u00e4dd m\u00f6rkbl\u00e5 filtv\u00e4st med bokst\u00e4verna POLIS p\u00e5 ryggen. Jag hade f\u00e5tt den i samband med n\u00e5got av ministerns m\u00e5nga polisbes\u00f6k. Sagt och gjort. N\u00e4sta g\u00e5ng lipsillen till unge tultade f\u00f6rbi mitt rum lockade jag till mig den lille och tryckte polisnallen i famnen p\u00e5 gossen, eller om det nu var ett flickebarn. Pappa Mats kom ut och tackade mycket hj\u00e4rtligt f\u00f6r nallen, och arbetsfriden l\u00e4grade sig \u00e5ter \u00f6ver v\u00e5rt h\u00f6rn av Mjuka mattan.<\/p>\n<p>Jag fick den h\u00e4r polisnallen i tankarna n\u00e4r jag h\u00f6rde Chefs-JO Mats Melin ondg\u00f6ra sig i <a href=\"http:\/\/www.sr.se\/cgi-bin\/ekot\/artikel.asp?Artikel=3447750\">Ekot<\/a> \u00f6ver att Stockholmspolisen prioriterar att vara synliga p\u00e5 gator och torg i st\u00e4llet f\u00f6r att utreda anm\u00e4lda bedr\u00e4geribrott. (Kritik som JO <a href=\"http:\/\/svt.se\/2.33538\/1.1891180\/kraftig_jo-kritik_mot_polisen\">upprepar<\/a> i Rapport i kv\u00e4ll).\u00a0Sj\u00e4lvklart har JO r\u00e4tt n\u00e4r han br\u00e4nnm\u00e4rker polisens senf\u00e4rdighet. Det \u00e4r ju helt upp\u00e5t v\u00e4ggarna att anm\u00e4lda bedr\u00e4gerier i 9 fall av 10 ligger outredda \u00e4nnu efter 12 m\u00e5nader.<\/p>\n<p><strong>\u00c5 andra sidan har<\/strong> justitieminister Beatrice Ask lika &#8211; om inte mer &#8211; r\u00e4tt i att prioriteringen fler synliga poliser p\u00e5 f\u00e4ltet inte f\u00e5r betyda l\u00e4ngre utredningstider. Kruxet \u00e4r bara hur det ska g\u00e5 till. Fr\u00e5gar ni mig \u00e4r svaret en effektivare polisorganisation, den saken \u00e4r \u00e4nnu viktigare \u00e4n mer resurser till polisen.<\/p>\n<p>Senast i g\u00e5r var jag uppkallad till <a href=\"http:\/\/www.riksrevisionen.se\/templib\/pages\/StartPage____536.aspx\">Riksrevisionen<\/a> f\u00f6r intervju. Man ville veta vilka trygg- och s\u00e4kerhetsomr\u00e5den som jag som opinionsbildare tycker att Riksrevisionen b\u00f6r granska fram\u00f6ver. F\u00f6rutom att jag ryktade min k\u00e4pph\u00e4st, att verksamheten vid <a href=\"http:\/\/www.svd.se\/opinion\/ledarsidan\/borja-skissa-pa-vad-som-ska-komma-efter-bra_2389899.svd\">Brottsf\u00f6rebyggande r\u00e5det<\/a> borde ha granskats f\u00f6r l\u00e4nge sedan, framh\u00f6ll jag det helt centrala f\u00f6r medborgarnas tilltro till r\u00e4ttssystemet, n\u00e4mligen att\u00a0brottsoffer i st\u00f6rre utstr\u00e4ckning \u00e4n i dag m\u00e5ste kunna r\u00e4kna med att brott faktiskt klaras upp och att g\u00e4rningsm\u00e4n grips och lagf\u00f6rs.\u00a0Detta g\u00e4ller inte minst den s k vardagsbrottsligheten som bilst\u00f6lder, inbrott i villor och l\u00e4genheter, med mera.<\/p>\n<p><strong>Sammanfattningsvis<\/strong>: <a href=\"http:\/\/books.google.com\/books?id=sC4HZFc58IsC&amp;pg=PA365&amp;lpg=PA365&amp;dq=uppklaringsprocenten+och+Persson&amp;source=bl&amp;ots=Bnh5awHinB&amp;sig=foAoAzVxfoCRPmsNmVI0unazSFs&amp;hl=sv&amp;ei=4el6S7egBJzB-QaU4PGuCA&amp;sa=X&amp;oi=book_result&amp;ct=result&amp;resnum=9&amp;ved=0CB8Q6AEwCA#v=onepage&amp;q=&amp;f=false\">Uppklaringsprocenten<\/a> m\u00e5ste \u00f6ka.\u00a0P\u00e5 den punkten \u00e4r Chefs-JO och jag helt \u00f6verens.<\/p>\n","protected":false},"excerpt":{"rendered":"<p>En l\u00f6rdag p\u00e5 justitiedepartementet f\u00f6r hundra \u00e5r sedan satt jag och filade p\u00e5 brevsvaren \u00e5t d\u00e5varande justitieminister Gun Hellsvik.\u00a0Jag irriterades av ett litet barns gr\u00e5t utanf\u00f6r mitt rum p\u00e5 sj\u00e4tte planet i Rosenbad, d\u00e4r justitiedepartementet och dess\u00a0politiska ledningen h\u00e4rskade. D\u00e5 i b\u00f6rjan av 1990-talet gick chefsavdelningens v\u00e5ning under namnet &#8221;Mjuka mattan&#8221;. Hur det \u00e4r i&hellip;<\/p>\n<p class=\"more-link-p\"><a class=\"more-link\" href=\"https:\/\/www.mariaabrahamsson.nu\/index.php\/2010\/02\/16\/jo-melin-har-lika-ratt-som-justitieminister-ask\/\">Read more &rarr;<\/a><\/p>\n","protected":false},"author":2,"featured_media":0,"comment_status":"open","ping_status":"open","sticky":false,"template":"","format":"standard","meta":{"footnotes":""},"categories":[1],"tags":[],"class_list":["post-1363","post","type-post","status-publish","format-standard","hentry","category-uncategorized"],"_links":{"self":[{"href":"https:\/\/www.mariaabrahamsson.nu\/index.php\/wp-json\/wp\/v2\/posts\/1363","targetHints":{"allow":["GET"]}}],"collection":[{"href":"https:\/\/www.mariaabrahamsson.nu\/index.php\/wp-json\/wp\/v2\/posts"}],"about":[{"href":"https:\/\/www.mariaabrahamsson.nu\/index.php\/wp-json\/wp\/v2\/types\/post"}],"author":[{"embeddable":true,"href":"https:\/\/www.mariaabrahamsson.nu\/index.php\/wp-json\/wp\/v2\/users\/2"}],"replies":[{"embeddable":true,"href":"https:\/\/www.mariaabrahamsson.nu\/index.php\/wp-json\/wp\/v2\/comments?post=1363"}],"version-history":[{"count":0,"href":"https:\/\/www.mariaabrahamsson.nu\/index.php\/wp-json\/wp\/v2\/posts\/1363\/revisions"}],"wp:attachment":[{"href":"https:\/\/www.mariaabrahamsson.nu\/index.php\/wp-json\/wp\/v2\/media?parent=1363"}],"wp:term":[{"taxonomy":"category","embeddable":true,"href":"https:\/\/www.mariaabrahamsson.nu\/index.php\/wp-json\/wp\/v2\/categories?post=1363"},{"taxonomy":"post_tag","embeddable":true,"href":"https:\/\/www.mariaabrahamsson.nu\/index.php\/wp-json\/wp\/v2\/tags?post=1363"}],"curies":[{"name":"wp","href":"https:\/\/api.w.org\/{rel}","templated":true}]}}