{"id":13275,"date":"2020-06-30T14:42:13","date_gmt":"2020-06-30T12:42:13","guid":{"rendered":"http:\/\/www.mariaabrahamsson.nu\/?p=13275"},"modified":"2020-10-30T16:00:31","modified_gmt":"2020-10-30T15:00:31","slug":"efter-tillfalliga-krislagen-kommer","status":"publish","type":"post","link":"https:\/\/www.mariaabrahamsson.nu\/index.php\/2020\/06\/30\/efter-tillfalliga-krislagen-kommer\/","title":{"rendered":"Efter tillf\u00e4lliga krislagen kommer?"},"content":{"rendered":"\n<p><strong>I dag vid midnatt <\/strong>den 30 juni upph\u00f6r den <a href=\"https:\/\/www.regeringen.se\/496479\/contentassets\/4b020c16016443f7a50ad11770bd6064\/192015500-webb.pdf\">tillf\u00e4lliga krislagen<\/a> som sedan den 18 april har gett regeringen ut\u00f6kade maktbefogenhet att snabbt kunna st\u00e4nga gym, caf\u00e9er och andra platser och verksamheter f\u00f6r att stoppa Coronasmittan. Denna vid inf\u00f6randet omdebatterade m\u00f6jlighet f\u00f6r regeringen att fr\u00e5n den ena timmen till den andra kunna s\u00e4tta in extraordin\u00e4ra insatser mot den p\u00e5g\u00e5ende pandemin och f\u00f6rst i efterhand inh\u00e4mta riksdagens godk\u00e4nnande, har dock regeringen inte vid n\u00e5got enda tillf\u00e4lle ansett sig beh\u00f6va anv\u00e4nda. Om det var klokt eller inte av regeringen att avst\u00e5 fr\u00e5n den m\u00f6jligheten l\u00e4r bli en av de saker som kommer nagelfaras av den nu av alla partier sanktionerade Coronakommissionen. <\/p>\n\n\n\n<p>\u00c4n \u00e5terst\u00e5r n\u00e5gra timmar tills regeringen ska <a href=\"https:\/\/www.regeringen.se\/pressmeddelanden\/2020\/06\/presstraff-med-statsministern-30-juni-2020\/\">presentera <\/a>kommissionen. Utan politiker, regeringen har i det avseendet vikt sig f\u00f6r oppositionen. Vem som blir ordf\u00f6rande? En h\u00f6g domare med ett stj\u00e4rnsp\u00e4ckat CV har lanserats <a href=\"https:\/\/www.expressen.se\/ledare\/gunnar-wetterberg\/stotande-att-satta-politiker-i-coronakommissionen\/\">i spalterna<\/a> &#8211; den f\u00f6rre hovr\u00e4ttspresidenten Johan Hirschfeldt.<\/p>\n\n\n\n<p><strong>Redan 2008 f\u00f6reslog Hirschfeldt <\/strong>i en <a href=\"https:\/\/www.regeringen.se\/49bb8d\/contentassets\/0d28b02e5ee046a8b4549ac4eb9874af\/krisberedskapen-i-grundlagen-sou-200861\">expertrapport<\/a> till den d\u00e5 sittande Grundlagsutredningen att det i regeringsformen borde inf\u00f6ras en regel som ger regeringen ut\u00f6kade maktbefogenheter i n\u00f6dsituationer. Hirschfeldt konstaterade: &#8221;Sveriges grundlag \u00e4r ocks\u00e5 relativt ovanlig i det att best\u00e4mmelserna om n\u00f6dl\u00e4gen inte speglar vare sig den g\u00e4ngse analysen av dagens hotsituation eller landets historiska erfarenheter. Detta \u00e4r annars vanligt i de europeiska konstitutioner som innefattar en definition av n\u00f6dl\u00e4gen. En blandning av historiska erfarenheter (av statskupper, inre oroligheter osv.) och nutida hot (storolyckor, epidemier, naturkatastrofer eller hot mot statsskickets fortbest\u00e5nd) \u00e4r i dessa fall vanligt f\u00f6rekommande.&#8221; <\/p>\n\n\n\n<p><a href=\"https:\/\/www.regeringen.se\/49bb8c\/contentassets\/08a9477bc90648bfbd2614cbabf4d0bc\/en-reformerad-grundlag-del-1-av-2-sammanfattning-och-kapitel-1-38-sou-2008125\">Grundlagsutredningen<\/a> gick p\u00e5 Hirschfeldts linje och och f\u00f6reslog att det borde inf\u00f6ras s\u00e4rskilda best\u00e4mmelser i regeringsformen s\u00e5 att regeringen i n\u00f6dsituationer f\u00e5r meddela f\u00f6reskrifter som annars enligt grundlag ska meddelas av riksdagen: &#8221;Denna utvidgning av regeringens normgivningsmakt kan aktualiseras vid n\u00f6dsituationer som inneb\u00e4r omfattande skador eller en \u00f6verh\u00e4ngande risk f\u00f6r omfattande skador p\u00e5 m\u00e4nniskor, egendom eller milj\u00f6 eller en allvarlig st\u00f6rning eller en \u00f6verh\u00e4ngande risk f\u00f6r en allvarlig st\u00f6rning i centrala samh\u00e4llsfunktioner.&#8221;<\/p>\n\n\n\n<p><strong>Regeringen avstod fr\u00e5n <\/strong>att f\u00f6lja Hirschfeldt och Grundlagsutredningen p\u00e5 den punkten. Det var kanske inte s\u00e5 klokt. F\u00f6r vi vet ju hur det gick.<\/p>\n\n\n\n<p>Johan Hirschfeldt \u00e4r f\u00f6r all del lite till \u00e5ren, pension\u00e4r sedan ett drygt decennium. Men \u00e5ldersdiskriminering ska vi v\u00e4l inte \u00e4gna oss \u00e5t i v\u00e5rt land (?) och samme Hirschfeldt \u00e4r redan minst sagt insatt i problematiken med undantagslagstiftning som skulle kunna ge regeringen ut\u00f6kade befogenheter i n\u00f6dsituationer. <\/p>\n","protected":false},"excerpt":{"rendered":"<p>I dag vid midnatt den 30 juni upph\u00f6r den tillf\u00e4lliga krislagen som sedan den 18 april har gett regeringen ut\u00f6kade maktbefogenhet att snabbt kunna st\u00e4nga gym, caf\u00e9er och andra platser och verksamheter f\u00f6r att stoppa Coronasmittan. Denna vid inf\u00f6randet omdebatterade m\u00f6jlighet f\u00f6r regeringen att fr\u00e5n den ena timmen till den andra kunna s\u00e4tta in extraordin\u00e4ra&hellip;<\/p>\n<p class=\"more-link-p\"><a class=\"more-link\" href=\"https:\/\/www.mariaabrahamsson.nu\/index.php\/2020\/06\/30\/efter-tillfalliga-krislagen-kommer\/\">Read more &rarr;<\/a><\/p>\n","protected":false},"author":2,"featured_media":0,"comment_status":"open","ping_status":"open","sticky":false,"template":"","format":"standard","meta":{"footnotes":""},"categories":[1],"tags":[216],"class_list":["post-13275","post","type-post","status-publish","format-standard","hentry","category-uncategorized","tag-coronan"],"_links":{"self":[{"href":"https:\/\/www.mariaabrahamsson.nu\/index.php\/wp-json\/wp\/v2\/posts\/13275","targetHints":{"allow":["GET"]}}],"collection":[{"href":"https:\/\/www.mariaabrahamsson.nu\/index.php\/wp-json\/wp\/v2\/posts"}],"about":[{"href":"https:\/\/www.mariaabrahamsson.nu\/index.php\/wp-json\/wp\/v2\/types\/post"}],"author":[{"embeddable":true,"href":"https:\/\/www.mariaabrahamsson.nu\/index.php\/wp-json\/wp\/v2\/users\/2"}],"replies":[{"embeddable":true,"href":"https:\/\/www.mariaabrahamsson.nu\/index.php\/wp-json\/wp\/v2\/comments?post=13275"}],"version-history":[{"count":5,"href":"https:\/\/www.mariaabrahamsson.nu\/index.php\/wp-json\/wp\/v2\/posts\/13275\/revisions"}],"predecessor-version":[{"id":13280,"href":"https:\/\/www.mariaabrahamsson.nu\/index.php\/wp-json\/wp\/v2\/posts\/13275\/revisions\/13280"}],"wp:attachment":[{"href":"https:\/\/www.mariaabrahamsson.nu\/index.php\/wp-json\/wp\/v2\/media?parent=13275"}],"wp:term":[{"taxonomy":"category","embeddable":true,"href":"https:\/\/www.mariaabrahamsson.nu\/index.php\/wp-json\/wp\/v2\/categories?post=13275"},{"taxonomy":"post_tag","embeddable":true,"href":"https:\/\/www.mariaabrahamsson.nu\/index.php\/wp-json\/wp\/v2\/tags?post=13275"}],"curies":[{"name":"wp","href":"https:\/\/api.w.org\/{rel}","templated":true}]}}