{"id":132,"date":"2009-10-06T20:41:46","date_gmt":"2009-10-06T18:41:46","guid":{"rendered":"http:\/\/www.mariaabrahamsson.nu\/?p=132"},"modified":"2020-11-01T18:28:45","modified_gmt":"2020-11-01T17:28:45","slug":"samre-kvallar-har-jag-haft","status":"publish","type":"post","link":"https:\/\/www.mariaabrahamsson.nu\/index.php\/2009\/10\/06\/samre-kvallar-har-jag-haft\/","title":{"rendered":"S\u00e4mre kv\u00e4llar har jag haft"},"content":{"rendered":"<p><strong>Sammantaget har <\/strong>kv\u00e4llen nog mest varit framg\u00e5ngsrik. Inte s\u00e5 att jag slog huvudet p\u00e5 spiken p\u00e5 <a href=\"http:\/\/magnus.ljungkvist.nu\/blogg\/\">Magnus Ljungkvists<\/a> alla kniviga fr\u00e5gor p\u00e5 <a href=\"http:\/\/www.makthavare.se\/\">makthavare.se:s tisdags\u00f6l<\/a>. Men s\u00e5 mycket fick jag i alla fall sagt att om\u00a0Maria Abrahamsson kommer in i riksdagen\u00a0(hj\u00e4lp, nu talar jag om mig sj\u00e4lv i tredje person!) \u00a0d\u00e5 l\u00e4r hon inte till\u00e5ta sig att bli nermald av partiapparaten. \u00a0Maken som var med i kv\u00e4ll lovade att p\u00e5minna mig om det.<\/p>\n<p>Konfliktr\u00e4dsla \u00e4r inte min tekopp. Och om den medietunga publiken p\u00e5 pressklubben i afton ocks\u00e5 uppfattade det som mitt k\u00e4rnbudskap, d\u00e5 \u00e4r jag mer \u00e4n n\u00f6jd.<\/p>\n<p><strong>Sedan bar det av <\/strong>till S\u00f6dermalm och krogbes\u00f6k med den f\u00f6r mig hittills ok\u00e4nda styrelsen f\u00f6r <a href=\"http:\/\/www.geocities.com\/moderathogalid\/index.html\">H\u00f6galidsmoderaterna<\/a>. Oj s\u00e5 trevligt man kan ha med m\u00e4nniskor som man tidigare inte har tr\u00e4ffat! P\u00e5 v\u00e4gen hem gratulerade jag mig sj\u00e4lv till att ha f\u00e5tt 9 (!) nya, och som det k\u00e4nns, uppriktiga, toleranta och, ja faktiskt, st\u00f6djande v\u00e4nner.<\/p>\n","protected":false},"excerpt":{"rendered":"<p>Sammantaget har kv\u00e4llen nog mest varit framg\u00e5ngsrik. Inte s\u00e5 att jag slog huvudet p\u00e5 spiken p\u00e5 Magnus Ljungkvists alla kniviga fr\u00e5gor p\u00e5 makthavare.se:s tisdags\u00f6l. Men s\u00e5 mycket fick jag i alla fall sagt att om\u00a0Maria Abrahamsson kommer in i riksdagen\u00a0(hj\u00e4lp, nu talar jag om mig sj\u00e4lv i tredje person!) \u00a0d\u00e5 l\u00e4r hon inte till\u00e5ta sig&hellip;<\/p>\n<p class=\"more-link-p\"><a class=\"more-link\" href=\"https:\/\/www.mariaabrahamsson.nu\/index.php\/2009\/10\/06\/samre-kvallar-har-jag-haft\/\">Read more &rarr;<\/a><\/p>\n","protected":false},"author":2,"featured_media":0,"comment_status":"closed","ping_status":"open","sticky":false,"template":"","format":"standard","meta":{"footnotes":""},"categories":[1],"tags":[264],"class_list":["post-132","post","type-post","status-publish","format-standard","hentry","category-uncategorized","tag-politikerlivet"],"_links":{"self":[{"href":"https:\/\/www.mariaabrahamsson.nu\/index.php\/wp-json\/wp\/v2\/posts\/132","targetHints":{"allow":["GET"]}}],"collection":[{"href":"https:\/\/www.mariaabrahamsson.nu\/index.php\/wp-json\/wp\/v2\/posts"}],"about":[{"href":"https:\/\/www.mariaabrahamsson.nu\/index.php\/wp-json\/wp\/v2\/types\/post"}],"author":[{"embeddable":true,"href":"https:\/\/www.mariaabrahamsson.nu\/index.php\/wp-json\/wp\/v2\/users\/2"}],"replies":[{"embeddable":true,"href":"https:\/\/www.mariaabrahamsson.nu\/index.php\/wp-json\/wp\/v2\/comments?post=132"}],"version-history":[{"count":1,"href":"https:\/\/www.mariaabrahamsson.nu\/index.php\/wp-json\/wp\/v2\/posts\/132\/revisions"}],"predecessor-version":[{"id":13528,"href":"https:\/\/www.mariaabrahamsson.nu\/index.php\/wp-json\/wp\/v2\/posts\/132\/revisions\/13528"}],"wp:attachment":[{"href":"https:\/\/www.mariaabrahamsson.nu\/index.php\/wp-json\/wp\/v2\/media?parent=132"}],"wp:term":[{"taxonomy":"category","embeddable":true,"href":"https:\/\/www.mariaabrahamsson.nu\/index.php\/wp-json\/wp\/v2\/categories?post=132"},{"taxonomy":"post_tag","embeddable":true,"href":"https:\/\/www.mariaabrahamsson.nu\/index.php\/wp-json\/wp\/v2\/tags?post=132"}],"curies":[{"name":"wp","href":"https:\/\/api.w.org\/{rel}","templated":true}]}}