{"id":12893,"date":"2019-12-09T13:20:52","date_gmt":"2019-12-09T12:20:52","guid":{"rendered":"http:\/\/www.mariaabrahamsson.nu\/?p=12893"},"modified":"2020-10-30T16:02:52","modified_gmt":"2020-10-30T15:02:52","slug":"dn-ar-en-riktigt-otack-tidning","status":"publish","type":"post","link":"https:\/\/www.mariaabrahamsson.nu\/index.php\/2019\/12\/09\/dn-ar-en-riktigt-otack-tidning\/","title":{"rendered":"&#8221;DN \u00e4r en riktigt ot\u00e4ck tidning&#8221;"},"content":{"rendered":"\n<p><strong>Andra advent 2019<\/strong> l\u00e4ser jag DN, noga som alltid. Den h\u00e4r dagen f\u00e4ster jag mig s\u00e4rskilt vid att tidningen bjuder sina l\u00e4sare p\u00e5 tre gallspr\u00e4ngda utbrott. <\/p>\n\n\n\n<p>P\u00e5 ledarplats utm\u00e5las moderatledaren Ulf Kristersson som kryptonazist efter att i f\u00f6rra veckan under ordnade former ha spr\u00e5kat med SD-ledaren Jimmie \u00c5kesson. Tidningens s\u00f6ndagskr\u00f6nik\u00f6r och tillika chefredakt\u00f6r Peter Wolodarski <a href=\"https:\/\/www.dn.se\/ledare\/peter-wolodarski-kara-kristersson-kanns-det-verkligen-bra-med-sd\/\">ser ett samband<\/a> mellan Kristerssons samtal med \u00c5kesson och ett anonymt fr\u00e4mlingsfientligt sms som landat i f\u00f6rintelse\u00f6verlevaren H\u00e9di Frieds telefon. Wolodarski l\u00e5ter l\u00e4sarna f\u00f6rst\u00e5 att Fried efter omst\u00e4ndigheterna m\u00e5r bra, trots moderatledarens svek fr\u00e5n tidigare l\u00f6fte att han &#8221;aldrig, aldrig kommer att g\u00e5 med p\u00e5 n\u00e5got samr\u00f6re med SD&#8221;. <\/p>\n\n\n\n<p><strong>Har Ulf Kristerssons sagt <\/strong>just s\u00e5 kan det f\u00f6rst\u00e5s uppfattas som ett l\u00f6ftesbrott att han om \u00e4n l\u00e5ngt senare bjuder SD-ledaren p\u00e5 kaffe. Men det kan knappast vara en sensation f\u00f6r vare sig Peter Wolodarski eller H\u00e9di Frid, som trots sina 95 \u00e5r verkar vara en p\u00e5 alla s\u00e4tt politiskt medveten person, att partiledare kan beh\u00f6va \u00e4ndra sig n\u00e4r det sker dramatiska f\u00f6r\u00e4ndringar i ett lands politiska situation. Som till exempel n\u00e4r Socialdemokraterna i den parlamentariska turbulensen i Sveriges riksdag f\u00f6rra h\u00f6sten \u00f6vergav sitt vall\u00f6fte om att f\u00f6rbjuda vinster i skolan, ett l\u00f6ftesbrott som utbildningsminister Anna Ekstr\u00f6m beklagade men framf\u00f6r allt f\u00f6rsvarade s\u00e5 sent som den 7 december i Ekots l\u00f6rdagsintervju <a href=\"https:\/\/sverigesradio.se\/sida\/avsnitt\/1404777?programid=3071\">(ca 28:35 in i intervjun).<\/a> <\/p>\n\n\n\n<p>Med all respekt f\u00f6r H\u00e9di Fried &#8211; inte ens som f\u00f6rintelse\u00f6verlevare har man monopol p\u00e5 att analysera det parlamentariska l\u00e4get i Sveriges riksdag eller ensamr\u00e4tt att best\u00e4mma vilka politiska partier som f\u00e5r tala med varandra. <\/p>\n\n\n\n<p><strong>Jag l\u00e4ser vidare i DN och<\/strong> ser p\u00e5 <a href=\"https:\/\/www.dn.se\/debatt\/goteborgs-universitet-ar-inte-skyldigt-bjuda-in-sd-att-forelasa\/\">debattsidan <\/a>att professorer vid G\u00f6teborgs universitet som tr\u00e4ngda djur i bur ursinnigt f\u00f6rsvarar det kritiserade beslutet att utest\u00e4nga Sverigedemokraterna som enda riksdagsparti fr\u00e5n universitets f\u00f6rel\u00e4sningsserie om politisk kommunikation. Ett antiliberalt beslut som inte bara f\u00f6r skolade akademiker utan ocks\u00e5 f\u00f6r var och en som hyllar den fria \u00e5siktsbildningen borde framst\u00e5 som inskr\u00e4nkt, olyckligt och rent av bef\u00e4ngt.  <\/p>\n\n\n\n<p>I samma s\u00f6ndags DN Kultur ger sig tidningens kulturchef Bj\u00f6rn Wiman \u00e4n en g\u00e5ng p\u00e5 Svenska Akademien. Nej, det \u00e4r f\u00f6rvisso ingen nyhet att Wiman avskyr De aderton, men <a href=\"https:\/\/www.dn.se\/kultur-noje\/bjorn-wiman-det-ar-inte-peter-handke-som-ska-skammas-for-nobelpriset\/\">det nya denna g\u00e5ng<\/a> \u00e4r att Wiman s\u00e4ger sig vilja befria Peter Handke fr\u00e5n skammen att ta emot Nobelpriset. Denna skam l\u00e4gger han i st\u00e4llet p\u00e5 Svenska Akademien vars pris till Handke \u00e4r ett &#8221;haveri fr\u00e5n b\u00f6rjan till slut&#8221;. Prisbeslutet visar enligt DN:s kulturchef &#8221;hur lite som har f\u00f6r\u00e4ndrats i Svenska Akademien efter krisen, trots nya ledam\u00f6ter och utf\u00e4stelse om f\u00f6r\u00e4ndring&#8221;. <\/p>\n\n\n\n<p><strong>Vad Wiman inte redovisar<\/strong> \u00e4r att Svenska Akademien i \u00e5r \u00e4r avl\u00f6vad makten att utse nobelpristagare i litteratur. Nobelstiftelsen har r\u00e4tt eller fel tvingat SA till ett arrangemang som inneburit att <a href=\"https:\/\/www.svd.se\/kraftig-foryngring-de-har-valt-arets-nobelpristagare\">fem litteraturm\u00e4nniskor<\/a> med noll koppling till SA haft majoritet i Nobelkommitt\u00e9n och d\u00e4rmed kunnat best\u00e4mma pristagare f\u00f6r s\u00e5v\u00e4l 2018 som 2019. Ingen n\u00e5gorlunda litter\u00e4rt intresserad person kan ha missat att kommitt\u00e9ns beslut att tilldela Peter Handke detta \u00e5rs pris har orsakat en sm\u00e4rre jordb\u00e4vning i Kultursverige. Att tv\u00e5 av kommitt\u00e9ns helt fr\u00e5n Svenska Akademien frist\u00e5ende ledam\u00f6ter d\u00e4refter har <a href=\"https:\/\/www.svd.se\/kristoffer-leandoer-lamnar-nobelkommitten\">hoppat av<\/a> \u00e4r mot den bakgrunden mindre besynnerligt \u00e4n att Wiman nu skyller Handkebeslutet p\u00e5 Horace Engdahl, som \u00f6ver huvud taget inte har deltagit i Nobelkommitt\u00e9ns arbete. <\/p>\n\n\n\n<p>DN \u00e4r en riktigt ot\u00e4ck tidning, undslapp sig en g\u00e5ng d\u00e5varande statsminister G\u00f6ran Persson <a href=\"https:\/\/www.dn.se\/nyheter\/politik\/dn-ar-en-riktigt-otack-tidning\/\">i en intervju<\/a>. En adventss\u00f6ndag \u00e4r jag beredd att h\u00e5lla med. <\/p>\n","protected":false},"excerpt":{"rendered":"<p>Andra advent 2019 l\u00e4ser jag DN, noga som alltid. Den h\u00e4r dagen f\u00e4ster jag mig s\u00e4rskilt vid att tidningen bjuder sina l\u00e4sare p\u00e5 tre gallspr\u00e4ngda utbrott. P\u00e5 ledarplats utm\u00e5las moderatledaren Ulf Kristersson som kryptonazist efter att i f\u00f6rra veckan under ordnade former ha spr\u00e5kat med SD-ledaren Jimmie \u00c5kesson. Tidningens s\u00f6ndagskr\u00f6nik\u00f6r och tillika chefredakt\u00f6r Peter Wolodarski&hellip;<\/p>\n<p class=\"more-link-p\"><a class=\"more-link\" href=\"https:\/\/www.mariaabrahamsson.nu\/index.php\/2019\/12\/09\/dn-ar-en-riktigt-otack-tidning\/\">Read more &rarr;<\/a><\/p>\n","protected":false},"author":2,"featured_media":0,"comment_status":"open","ping_status":"open","sticky":false,"template":"","format":"standard","meta":{"footnotes":""},"categories":[1],"tags":[227,221],"class_list":["post-12893","post","type-post","status-publish","format-standard","hentry","category-uncategorized","tag-kristersson","tag-sd"],"_links":{"self":[{"href":"https:\/\/www.mariaabrahamsson.nu\/index.php\/wp-json\/wp\/v2\/posts\/12893","targetHints":{"allow":["GET"]}}],"collection":[{"href":"https:\/\/www.mariaabrahamsson.nu\/index.php\/wp-json\/wp\/v2\/posts"}],"about":[{"href":"https:\/\/www.mariaabrahamsson.nu\/index.php\/wp-json\/wp\/v2\/types\/post"}],"author":[{"embeddable":true,"href":"https:\/\/www.mariaabrahamsson.nu\/index.php\/wp-json\/wp\/v2\/users\/2"}],"replies":[{"embeddable":true,"href":"https:\/\/www.mariaabrahamsson.nu\/index.php\/wp-json\/wp\/v2\/comments?post=12893"}],"version-history":[{"count":10,"href":"https:\/\/www.mariaabrahamsson.nu\/index.php\/wp-json\/wp\/v2\/posts\/12893\/revisions"}],"predecessor-version":[{"id":12903,"href":"https:\/\/www.mariaabrahamsson.nu\/index.php\/wp-json\/wp\/v2\/posts\/12893\/revisions\/12903"}],"wp:attachment":[{"href":"https:\/\/www.mariaabrahamsson.nu\/index.php\/wp-json\/wp\/v2\/media?parent=12893"}],"wp:term":[{"taxonomy":"category","embeddable":true,"href":"https:\/\/www.mariaabrahamsson.nu\/index.php\/wp-json\/wp\/v2\/categories?post=12893"},{"taxonomy":"post_tag","embeddable":true,"href":"https:\/\/www.mariaabrahamsson.nu\/index.php\/wp-json\/wp\/v2\/tags?post=12893"}],"curies":[{"name":"wp","href":"https:\/\/api.w.org\/{rel}","templated":true}]}}