{"id":12854,"date":"2019-06-05T10:03:31","date_gmt":"2019-06-05T08:03:31","guid":{"rendered":"http:\/\/www.mariaabrahamsson.nu\/?p=12854"},"modified":"2020-10-30T15:44:44","modified_gmt":"2020-10-30T14:44:44","slug":"nu-glommer-vi-arnault-och-tander-grillen","status":"publish","type":"post","link":"https:\/\/www.mariaabrahamsson.nu\/index.php\/2019\/06\/05\/nu-glommer-vi-arnault-och-tander-grillen\/","title":{"rendered":"Nu gl\u00f6mmer vi Arnault och t\u00e4nder grillen &#8230;"},"content":{"rendered":"\n<p class=\"wp-block-paragraph\"><strong>Medan den forna Akademiledamoten<\/strong> Fru Frostensons ursinniga partsinlaga \u201dK\u201d respektfullt avhandlas i radions och teves kulturprogram, p\u00e5 tidningarnas kultursidor och dito poddar, har hennes v\u00e5ldt\u00e4ktsd\u00f6mde make Jean-Claude \u201dKulturprofilen\u201d Arnault installerats i sin cell p\u00e5 Skogomeanstalten, landets st\u00f6rsta f\u00e4ngelse f\u00f6r sexualbrottslingar modell gr\u00f6vre. &nbsp;<\/p>\n\n\n\n<p class=\"wp-block-paragraph\">Svenska Akademien drogs med &#8211; och ned &#8211; av Metoos virvelstr\u00f6mmar men genom modernisering av stadgar, utv\u00e4dring av f\u00f6rlegade strukturer och fram\u00e5tsyftande inval av nya ledam\u00f6ter har SA g\u00e5tt st\u00e4rkt ur krisen. \u00c4n en g\u00e5ng bekr\u00e4ftas Nietzsches maxim att det som inte d\u00f6dar h\u00e4rdar. <\/p>\n\n\n\n<p class=\"wp-block-paragraph\"><strong>I maj meddelade H\u00f6gsta domstolen<\/strong> att den \u201dinte funnit n\u00e5got sk\u00e4l\u201d att bevilja Arnault pr\u00f6vningstillst\u00e5nd med f\u00f6ljden att Svea hovr\u00e4tts dom fr\u00e5n tidigare i v\u00e5ras p\u00e5 tv\u00e5 och ett halvt \u00e5rs f\u00e4ngelse stod fast.&nbsp;Jag har aldrig haft n\u00e5got med Jean-Claude Arnault att g\u00f6ra. Inte med hans hustru Katarina Frostenson heller. <\/p>\n\n\n<p><!--more--><\/p>\n\n\n<p class=\"wp-block-paragraph\">D\u00e4remot har jag med jurist\u00f6gon n\u00e4rl\u00e4st tingsr\u00e4tts- och hovr\u00e4ttsdomarna och funnit att domstolarna gjorde r\u00e4tt n\u00e4r de trodde p\u00e5 kvinnans ber\u00e4ttelse om vad som h\u00e4nde n\u00e4r hon h\u00f6sten\/vintern 2011 frivilligt f\u00f6ljde med Arnault till hans l\u00e4genhet f\u00f6r att d\u00e4r ha sex med honom. Men vad jag inte begriper \u00e4r hur domstolarna kunde komma fram till att ett l\u00e5ngt f\u00e4ngelsestraff var den enda m\u00f6jliga p\u00e5f\u00f6ljden. I domarna spanar jag f\u00f6rg\u00e4ves efter en f\u00f6rklaring till varf\u00f6r det inte kunde r\u00e4cka med en kortare strafftid. Brottsbalken har f\u00f6r v\u00e5ldt\u00e4kt en mycket vid straffskala, fr\u00e5n 14 dagars f\u00e4ngelse upp till f\u00e4ngelse i tio \u00e5r. <\/p>\n\n\n\n<p class=\"wp-block-paragraph\"><strong>Efter att ha l\u00e4st<\/strong> m\u00e5ls\u00e4gandens redog\u00f6relse f\u00f6r h\u00e4ndelsef\u00f6rloppet kan jag se starka sk\u00e4l f\u00f6r att Arnaults brott borde ha bed\u00f6mts som mindre grovt och hamnat l\u00e5ngt ner p\u00e5 f\u00e4ngelseskalan.Jag p\u00e5st\u00e5r inte att domstolarna l\u00e4t sig styras av den uppskruvade metoodebatten. Men v\u00e4rt att notera \u00e4r att vid den h\u00e4ndelse som domstolarna bed\u00f6mde som mest allvarlig tog kvinnan sj\u00e4lv initiativ till samlaget, och det straffbara momentet i sexakten (30-60 sekunders ofrivilligt oralsex) f\u00f6ljdes direkt av sex utan v\u00e5ldsinslag. \u00c4nd\u00e5 menade domstolarna att Arnault f\u00f6rtj\u00e4nade ett fler\u00e5rigt f\u00e4ngelsestraff. Varf\u00f6r anser man det?<\/p>\n\n\n\n<p class=\"wp-block-paragraph\">Om m\u00e5ls\u00e4ganden&nbsp;<em>inte<\/em>&nbsp;hade varit p\u00e5drivande och om det efterf\u00f6ljande sexet&nbsp;<em>inte&nbsp;<\/em>hade varit frivilligt, d\u00e5 m\u00e5ste v\u00e4l straffv\u00e4rdet av Arnaults beteende ha varit v\u00e4sentligt mycket h\u00f6gre? Ja, sj\u00e4lvklart, och d\u00e5 hade jag g\u00e4rna g\u00e5tt med p\u00e5 att ett par \u00e5r bakom galler hade varit en r\u00e4ttvis p\u00e5f\u00f6ljd. Men h\u00e4pnadsv\u00e4ckande nog f\u00f6rs varken i tingsr\u00e4tten eller i hovr\u00e4tten n\u00e5got resonemang om straffv\u00e4rdet av Arnaults brott i f\u00f6rh\u00e5llande till andra, mer typiska eller traditionella fall av v\u00e5ldt\u00e4kt.&nbsp;<\/p>\n\n\n\n<p class=\"wp-block-paragraph\"><strong>L\u00e5t mig ge ett exempel<\/strong> p\u00e5 ett s\u00e5dant fall. En natt f\u00f6rra \u00e5ret blev en kvinna f\u00f6rf\u00f6ljd, \u00f6verfallen och v\u00e5ldtagen mot ett elsk\u00e5p av en f\u00f6r henne ok\u00e4nd man p\u00e5 M\u00f6llev\u00e5ngstorget i Malm\u00f6. Tingsr\u00e4tten d\u00f6mde mannen till tv\u00e5 och ett halvt \u00e5rs f\u00e4ngelse, och tio \u00e5rs utvisning.<\/p>\n\n\n\n<p class=\"wp-block-paragraph\">&nbsp;\u2013 Det som sk\u00e4rpt straffet \u00e4r att det skedde utomhus och p\u00e5 en offentlig plats. Men vi har ocks\u00e5 v\u00e4gt in att det inte har varit fr\u00e5gan om allvarligt v\u00e5ld och att h\u00e4ndelsef\u00f6rloppet har varit f\u00f6rh\u00e5llandevis kort, <a href=\"https:\/\/www.sydsvenskan.se\/2019-04-01\/fangelse-for-valdtakten-vid-mollevangstorget\">f\u00f6rklarar <\/a>juristdomaren i m\u00e5let, r\u00e5dman Sofia Olsson. <\/p>\n\n\n\n<p class=\"wp-block-paragraph\"><strong>En god domare k\u00e4nnetecknas av<\/strong> att han eller hon har sinne f\u00f6r proportioner. R\u00e4ttsskandal \u00e4r ett slitet uttryck men n\u00e4r domstolar bed\u00f6mer Jean-Claude Arnaults brott lika str\u00e4ngt som en ren \u00f6verfallsv\u00e5ldt\u00e4kt, d\u00e5 har juristerna i v\u00e5ra domstolar f\u00f6rlorat den egenskapen. <\/p>\n","protected":false},"excerpt":{"rendered":"<p>Medan den forna Akademiledamoten Fru Frostensons ursinniga partsinlaga \u201dK\u201d respektfullt avhandlas i radions och teves kulturprogram, p\u00e5 tidningarnas kultursidor och dito poddar, har hennes v\u00e5ldt\u00e4ktsd\u00f6mde make Jean-Claude \u201dKulturprofilen\u201d Arnault installerats i sin cell p\u00e5 Skogomeanstalten, landets st\u00f6rsta f\u00e4ngelse f\u00f6r sexualbrottslingar modell gr\u00f6vre. &nbsp; Svenska Akademien drogs med &#8211; och ned &#8211; av Metoos virvelstr\u00f6mmar men&hellip;<\/p>\n<p class=\"more-link-p\"><a class=\"more-link\" href=\"https:\/\/www.mariaabrahamsson.nu\/index.php\/2019\/06\/05\/nu-glommer-vi-arnault-och-tander-grillen\/\">Read more &rarr;<\/a><\/p>\n","protected":false},"author":2,"featured_media":0,"comment_status":"open","ping_status":"open","sticky":false,"template":"","format":"standard","meta":{"footnotes":""},"categories":[1],"tags":[218],"class_list":["post-12854","post","type-post","status-publish","format-standard","hentry","category-uncategorized","tag-arnault"],"_links":{"self":[{"href":"https:\/\/www.mariaabrahamsson.nu\/index.php\/wp-json\/wp\/v2\/posts\/12854","targetHints":{"allow":["GET"]}}],"collection":[{"href":"https:\/\/www.mariaabrahamsson.nu\/index.php\/wp-json\/wp\/v2\/posts"}],"about":[{"href":"https:\/\/www.mariaabrahamsson.nu\/index.php\/wp-json\/wp\/v2\/types\/post"}],"author":[{"embeddable":true,"href":"https:\/\/www.mariaabrahamsson.nu\/index.php\/wp-json\/wp\/v2\/users\/2"}],"replies":[{"embeddable":true,"href":"https:\/\/www.mariaabrahamsson.nu\/index.php\/wp-json\/wp\/v2\/comments?post=12854"}],"version-history":[{"count":3,"href":"https:\/\/www.mariaabrahamsson.nu\/index.php\/wp-json\/wp\/v2\/posts\/12854\/revisions"}],"predecessor-version":[{"id":12857,"href":"https:\/\/www.mariaabrahamsson.nu\/index.php\/wp-json\/wp\/v2\/posts\/12854\/revisions\/12857"}],"wp:attachment":[{"href":"https:\/\/www.mariaabrahamsson.nu\/index.php\/wp-json\/wp\/v2\/media?parent=12854"}],"wp:term":[{"taxonomy":"category","embeddable":true,"href":"https:\/\/www.mariaabrahamsson.nu\/index.php\/wp-json\/wp\/v2\/categories?post=12854"},{"taxonomy":"post_tag","embeddable":true,"href":"https:\/\/www.mariaabrahamsson.nu\/index.php\/wp-json\/wp\/v2\/tags?post=12854"}],"curies":[{"name":"wp","href":"https:\/\/api.w.org\/{rel}","templated":true}]}}