{"id":12689,"date":"2018-12-20T18:33:22","date_gmt":"2018-12-20T17:33:22","guid":{"rendered":"http:\/\/www.mariaabrahamsson.nu\/?p=12689"},"modified":"2020-10-30T15:54:21","modified_gmt":"2020-10-30T14:54:21","slug":"lagradet-glomt-men-svenska-akademien-ar-annu-snackis","status":"publish","type":"post","link":"https:\/\/www.mariaabrahamsson.nu\/index.php\/2018\/12\/20\/lagradet-glomt-men-svenska-akademien-ar-annu-snackis\/","title":{"rendered":"Lagr\u00e5det gl\u00f6mt men Svenska Akademien \u00e4r \u00e4nnu en snackis"},"content":{"rendered":"\n<p><strong>Sverige \u00e4r i akut behov<\/strong> av genomgripande reformer p\u00e5 snart sagt varje samh\u00e4llsomr\u00e5de och det samtidigt som lagstiftarna trampar vatten. H\u00e4rom veckan hade de folkvalda chansen att b\u00e4ttra sitt skamfilade rykte. P\u00e5 bordet l\u00e5g det av Lagr\u00e5det kritiserade f\u00f6rslaget om utvidgat r\u00f6kf\u00f6rbud, som bland annat \u00e5l\u00e4gger krog\u00e4gare att uppr\u00e4tth\u00e5lla r\u00f6kf\u00f6rbudet \u00e4ven p\u00e5 gatumark som polisen enligt lag har ordningsansvar f\u00f6r. Till det r\u00e4ttsos\u00e4kra f\u00f6rslaget r\u00f6stade riksdagen ja, hurra! Vad Lagr\u00e5det varnade f\u00f6r och sa? L\u00e4s <a href=\"http:\/\/www.mariaabrahamsson.nu\/index.php\/2018\/04\/24\/lagstiftaren-och-lagradet-avsnitt-2-utvidgat-rokforbud\/\">h\u00e4r<\/a>.<\/p>\n\n\n\n<p><strong>Men i afton, p\u00e5 dagen \u00e5tta m\u00e5nader efter min bloggpost i april,<\/strong> kan jag konstatera att Svenska Akademien forts\u00e4tter att vara en snackis p\u00e5 stan inf\u00f6r &#8221;hennes&#8221; traditionstunga h\u00f6gtidssammankomst. Det \u00e4r f\u00f6rvisso en av kriser, skandaler och skadegl\u00e4dje m\u00e4rkt institution men hon \u00e4r \u00e4nd\u00e5 inte v\u00e4rre d\u00e4ran \u00e4n att tre nya och till synes h\u00f6gt kvalificerade ledam\u00f6ter har tackat ja till att ta sitt intr\u00e4de i Akademien. Allt med &#8221;dess h\u00f6ge beskyddares medgivande&#8221; och s\u00e4kert till appl\u00e5der av en flerhundrah\u00f6vdad ordensprydd, h\u00f6gtidskl\u00e4dd samh\u00e4llselit. Sj\u00e4lv n\u00f6jer jag mig med myskl\u00e4derna och sl\u00e5r p\u00e5 <a href=\"https:\/\/sverigesradio.se\/sida\/avsnitt\/1212333?programid=5053\">P1 klockan 20.03<\/a>.<\/p>\n","protected":false},"excerpt":{"rendered":"<p>Sverige \u00e4r i akut behov av genomgripande reformer p\u00e5 snart sagt varje samh\u00e4llsomr\u00e5de och det samtidigt som lagstiftarna trampar vatten. H\u00e4rom veckan hade de folkvalda chansen att b\u00e4ttra sitt skamfilade rykte. P\u00e5 bordet l\u00e5g det av Lagr\u00e5det kritiserade f\u00f6rslaget om utvidgat r\u00f6kf\u00f6rbud, som bland annat \u00e5l\u00e4gger krog\u00e4gare att uppr\u00e4tth\u00e5lla r\u00f6kf\u00f6rbudet \u00e4ven p\u00e5 gatumark som polisen&hellip;<\/p>\n<p class=\"more-link-p\"><a class=\"more-link\" href=\"https:\/\/www.mariaabrahamsson.nu\/index.php\/2018\/12\/20\/lagradet-glomt-men-svenska-akademien-ar-annu-snackis\/\">Read more &rarr;<\/a><\/p>\n","protected":false},"author":2,"featured_media":0,"comment_status":"open","ping_status":"open","sticky":false,"template":"","format":"standard","meta":{"footnotes":""},"categories":[1],"tags":[220,219],"class_list":["post-12689","post","type-post","status-publish","format-standard","hentry","category-uncategorized","tag-lagradet","tag-svenska-akademien"],"_links":{"self":[{"href":"https:\/\/www.mariaabrahamsson.nu\/index.php\/wp-json\/wp\/v2\/posts\/12689","targetHints":{"allow":["GET"]}}],"collection":[{"href":"https:\/\/www.mariaabrahamsson.nu\/index.php\/wp-json\/wp\/v2\/posts"}],"about":[{"href":"https:\/\/www.mariaabrahamsson.nu\/index.php\/wp-json\/wp\/v2\/types\/post"}],"author":[{"embeddable":true,"href":"https:\/\/www.mariaabrahamsson.nu\/index.php\/wp-json\/wp\/v2\/users\/2"}],"replies":[{"embeddable":true,"href":"https:\/\/www.mariaabrahamsson.nu\/index.php\/wp-json\/wp\/v2\/comments?post=12689"}],"version-history":[{"count":16,"href":"https:\/\/www.mariaabrahamsson.nu\/index.php\/wp-json\/wp\/v2\/posts\/12689\/revisions"}],"predecessor-version":[{"id":12730,"href":"https:\/\/www.mariaabrahamsson.nu\/index.php\/wp-json\/wp\/v2\/posts\/12689\/revisions\/12730"}],"wp:attachment":[{"href":"https:\/\/www.mariaabrahamsson.nu\/index.php\/wp-json\/wp\/v2\/media?parent=12689"}],"wp:term":[{"taxonomy":"category","embeddable":true,"href":"https:\/\/www.mariaabrahamsson.nu\/index.php\/wp-json\/wp\/v2\/categories?post=12689"},{"taxonomy":"post_tag","embeddable":true,"href":"https:\/\/www.mariaabrahamsson.nu\/index.php\/wp-json\/wp\/v2\/tags?post=12689"}],"curies":[{"name":"wp","href":"https:\/\/api.w.org\/{rel}","templated":true}]}}