{"id":12660,"date":"2018-12-04T19:30:44","date_gmt":"2018-12-04T18:30:44","guid":{"rendered":"http:\/\/www.mariaabrahamsson.nu\/?p=12660"},"modified":"2020-10-30T20:28:07","modified_gmt":"2020-10-30T19:28:07","slug":"scbs-daliga-siffror-for-alliansens-mest-hogsvansade-partier-ar-en-rattvis-dom","status":"publish","type":"post","link":"https:\/\/www.mariaabrahamsson.nu\/index.php\/2018\/12\/04\/scbs-daliga-siffror-for-alliansens-mest-hogsvansade-partier-ar-en-rattvis-dom\/","title":{"rendered":"SCB:s d\u00e5liga siffror f\u00f6r Alliansens mest h\u00f6gsvansade partier \u00e4r en r\u00e4ttvis dom"},"content":{"rendered":"<p><strong>S\u00e5 typiskt. H\u00e4r l\u00e4mnar man riksdagen<\/strong>\u00a0f\u00f6r att med l\u00f6sgjorda bojor f\u00e5 b\u00f6rja t\u00e4nka stora tankar om annat \u00e4n politik. Men s\u00e5 l\u00e4tt gick det inte att klippa navelstr\u00e4ngen. F\u00f6r det har inte g\u00e5tt att koppla bort det rafflande spelet om regeringsmakten. Just nu <a href=\"https:\/\/www.riksdagen.se\/sv\/press\/pressmeddelanden\/2018\/dec\/4\/pressmeddelande-nasta-steg-i-regeringsbildningen\/\">meddelas<\/a> att Stefan L\u00f6fven f\u00e5r \u00e4nnu mer tid av talmannen att f\u00f6resl\u00e5 en l\u00f6sning p\u00e5 regeringsfr\u00e5gan som riksdagen f\u00e5r ta st\u00e4llning till.<\/p>\n<p>&#8211; Det \u00e4r ett v\u00e4l avv\u00e4gt datum (10\/12) som talmannen har satt, <a href=\"https:\/\/www.expressen.se\/nyheter\/val-2018\/talmannen-ger-mer-tid-till-stefan-lofven\/\">smickrar<\/a>\u00a0 L\u00f6fven och till\u00e4gger att &#8221;det \u00e4r bra att vi har en tidspress p\u00e5 oss&#8221;.<\/p>\n<p><strong>Trots att v\u00e4ljarna<\/strong> f\u00f6r snart tre m\u00e5nader sedan r\u00f6stade fram en icke-socialistisk majoritet i Sveriges riksdag styrs landet fortfarande av en regering ledd av Socialdemokraterna, som enligt dagens<a href=\"https:\/\/www.scb.se\/hitta-statistik\/statistik-efter-amne\/demokrati\/partisympatier\/partisympatiundersokningen-psu\/pong\/statistiknyhet\/partisympatiundersokningen-psu-i-november-2018---val-idag\/\"> SCB<\/a> dessutom f\u00e5r \u00f6kat st\u00f6d\u00a0av v\u00e4ljarna. Stefan L\u00f6fven m\u00e5ste ha sv\u00e5rt att h\u00e5lla sig f\u00f6r gapflabb. Socialdemokraterna v\u00e4xer med mer \u00e4n tv\u00e5 procentenheter till 30,5 samtidigt som hans \u00f6verg\u00e5ngsregering varken f\u00e5r eller beh\u00f6ver g\u00f6ra ett smack mer \u00e4n att delta i EU-m\u00f6ten och i \u00f6vrigt h\u00e5lla ig\u00e5ng den administrativa ruljansen i Rosenbad.<\/p>\n<p>Medan Centern och Annie L\u00f6\u00f6f st\u00e5r och stampar p\u00e5 valresultatet (8,6) efter att ha satsat j\u00e4rnet p\u00e5 att kryptonazistf\u00f6rklara mig och andra borgerliga v\u00e4ljare som ser en po\u00e4ng med att riksdagens partier samtalar med riksdagens tredje st\u00f6rsta parti. \u00c4n v\u00e4rre \u00e4r det f\u00f6r Jan Bj\u00f6rklund och Liberalerna som backar med hela 1,2 procentenheter (fr\u00e5n 5,5 till 4,3). Det \u00e4r ett tapp som f\u00f6rmodligen har sin f\u00f6rklaring i betydligt allvarligare saker \u00e4n Bj\u00f6rklunds vall\u00f6fte till sina barn om att han inte ska f\u00f6rhandla eller samtala med riksdagens tredje st\u00f6rsta parti.<\/p>\n<p><strong>SCB:s d\u00e5liga opinionssiffror<\/strong> f\u00f6r Alliansens mest h\u00f6gsvansade partier \u00e4r en r\u00e4ttvis dom. De b\u00e5da har med en papegojas envishet valr\u00f6relsen igenom upprepat att moderaternas Ulf Kristersson \u00e4r Alliansens statsministerkandidat. Allts\u00e5 samme Kristersson som C och L r\u00f6stade bort s\u00e5 fort de fick chansen att utse honom som regeringsbildare och statsminister.<!--more--><\/p>\n<p>Stefan L\u00f6fven har all anledning att v\u00e4lkomna att den redan utdragna regeringsbildningsprocessen segar p\u00e5 ett tag till. Varje dag som L\u00f6fvens regering sitter kvar vid makten etsar sig bilden fast hos v\u00e4ljarna att en S-ledd regering \u00e4r det mest naturliga, ja n\u00e4stan oundvikliga, regeringsalternativet. L\u00e4gg d\u00e4rtill de f\u00f6r S allt gynnsammare opinionssiffrorna som g\u00f6r att hotet om ett nyval inte l\u00e4ngre biter p\u00e5 L\u00f6fven. Snarast ser han ett hopp t\u00e4ndas om att vinna fler mandat och m\u00e5nga sk\u00f6na miljoner i h\u00f6jt partist\u00f6d.<\/p>\n<p><strong>Opinionssiffrorna i SCB:s novemberm\u00e4tning<\/strong> \u00e4r en kalldusch f\u00f6r Annie L\u00f6\u00f6f och Jan Bj\u00f6rklund som tyder p\u00e5 att de b\u00e5da inte lyckats \u00f6vertyga borgerliga v\u00e4ljare om att Sverige beh\u00f6ver en block\u00f6verskridande regering. Samtidigt har Stefan L\u00f6fven sk\u00f6tt fotarbetet v\u00e4l och vunnit v\u00e4ljarsympatier f\u00f6r sitt parti p\u00e5 Alliansens splittring.<\/p>\n<p>Man kan s\u00e4ga mycket om vad som h\u00e4nder och inte h\u00e4nder i regeringsbildningsprocessen. F\u00f6r en m\u00e5naden sedan utvecklade jag min syn p\u00e5 saken <a href=\"http:\/\/www.mariaabrahamsson.nu\/index.php\/2018\/11\/04\/lat-inte-striden-om-sd-kosta-kristersson-statsministerposten\/\">h\u00e4r<\/a> &#8211; jag har inte \u00e4ndrat uppfattning:<\/p>\n<p><em><strong>En fr\u00e5ga som ofta har st\u00e4llts<\/strong> efter valet \u00e4r om Centerpartiet har nyckeln till regeringen? P\u00e5 ett s\u00e4tt \u00e4r det f\u00f6rst\u00e5s s\u00e5. F\u00f6r b\u00e5de C och L har till leda upprepat att de vill h\u00e5lla ihop Alliansen och ha moderatledaren som statsminister. Men \u00e5 andra sidan verkar de ha kastat bort nyckeln eftersom de, ocks\u00e5 till leda, upprepat att en s\u00e5dan minoritetsregering ska f\u00f6rlita sig p\u00e5 st\u00f6d inte fr\u00e5n SD utan fr\u00e5n maktpartiet S. Det sistn\u00e4mnda kommer naturligtvis inte att h\u00e4nda. \u00c5terst\u00e5r allts\u00e5 f\u00f6r Annie L\u00f6\u00f6f och Jan Bj\u00f6rklund att sl\u00e4ppa igenom Ulf Kristersson i den statsministeromr\u00f6stning som med st\u00f6d av KD och SD framst\u00e5r som den enda m\u00f6jliga ifall man menar allvar med att M-ledaren ska bli statsminister.\u00a0<\/em><\/p>\n","protected":false},"excerpt":{"rendered":"<p>S\u00e5 typiskt. H\u00e4r l\u00e4mnar man riksdagen\u00a0f\u00f6r att med l\u00f6sgjorda bojor f\u00e5 b\u00f6rja t\u00e4nka stora tankar om annat \u00e4n politik. Men s\u00e5 l\u00e4tt gick det inte att klippa navelstr\u00e4ngen. F\u00f6r det har inte g\u00e5tt att koppla bort det rafflande spelet om regeringsmakten. Just nu meddelas att Stefan L\u00f6fven f\u00e5r \u00e4nnu mer tid av talmannen att f\u00f6resl\u00e5&hellip;<\/p>\n<p class=\"more-link-p\"><a class=\"more-link\" href=\"https:\/\/www.mariaabrahamsson.nu\/index.php\/2018\/12\/04\/scbs-daliga-siffror-for-alliansens-mest-hogsvansade-partier-ar-en-rattvis-dom\/\">Read more &rarr;<\/a><\/p>\n","protected":false},"author":2,"featured_media":0,"comment_status":"open","ping_status":"open","sticky":false,"template":"","format":"standard","meta":{"footnotes":""},"categories":[1],"tags":[234],"class_list":["post-12660","post","type-post","status-publish","format-standard","hentry","category-uncategorized","tag-regeringsbildningen"],"_links":{"self":[{"href":"https:\/\/www.mariaabrahamsson.nu\/index.php\/wp-json\/wp\/v2\/posts\/12660","targetHints":{"allow":["GET"]}}],"collection":[{"href":"https:\/\/www.mariaabrahamsson.nu\/index.php\/wp-json\/wp\/v2\/posts"}],"about":[{"href":"https:\/\/www.mariaabrahamsson.nu\/index.php\/wp-json\/wp\/v2\/types\/post"}],"author":[{"embeddable":true,"href":"https:\/\/www.mariaabrahamsson.nu\/index.php\/wp-json\/wp\/v2\/users\/2"}],"replies":[{"embeddable":true,"href":"https:\/\/www.mariaabrahamsson.nu\/index.php\/wp-json\/wp\/v2\/comments?post=12660"}],"version-history":[{"count":14,"href":"https:\/\/www.mariaabrahamsson.nu\/index.php\/wp-json\/wp\/v2\/posts\/12660\/revisions"}],"predecessor-version":[{"id":12676,"href":"https:\/\/www.mariaabrahamsson.nu\/index.php\/wp-json\/wp\/v2\/posts\/12660\/revisions\/12676"}],"wp:attachment":[{"href":"https:\/\/www.mariaabrahamsson.nu\/index.php\/wp-json\/wp\/v2\/media?parent=12660"}],"wp:term":[{"taxonomy":"category","embeddable":true,"href":"https:\/\/www.mariaabrahamsson.nu\/index.php\/wp-json\/wp\/v2\/categories?post=12660"},{"taxonomy":"post_tag","embeddable":true,"href":"https:\/\/www.mariaabrahamsson.nu\/index.php\/wp-json\/wp\/v2\/tags?post=12660"}],"curies":[{"name":"wp","href":"https:\/\/api.w.org\/{rel}","templated":true}]}}