{"id":12654,"date":"2018-12-03T20:02:53","date_gmt":"2018-12-03T19:02:53","guid":{"rendered":"http:\/\/www.mariaabrahamsson.nu\/?p=12654"},"modified":"2020-10-30T15:47:29","modified_gmt":"2020-10-30T14:47:29","slug":"hovrattsdomen-mot-arnault-ar-ett-uttryck-for-hyperkorrektion","status":"publish","type":"post","link":"https:\/\/www.mariaabrahamsson.nu\/index.php\/2018\/12\/03\/hovrattsdomen-mot-arnault-ar-ett-uttryck-for-hyperkorrektion\/","title":{"rendered":"Hovr\u00e4ttsdomen mot Arnault \u00e4r ett uttryck f\u00f6r hyperkorrektion"},"content":{"rendered":"<p><strong>Efter 19 dagars bet\u00e4nketid<\/strong> f\u00f6rklarar Svea hovr\u00e4tt att Jean-Claude &#8221;Kulturprofilen&#8221; Arnault \u00e4r skyldig till tv\u00e5 v\u00e5ldt\u00e4kter av normalgraden mot en och samma m\u00e5ls\u00e4gande. Straffet p\u00e5 tv\u00e5 och ett halvt \u00e5rs f\u00e4ngelse \u00e4r mot den bakgrunden helt rimligt eftersom minimistraffet f\u00f6r v\u00e5ldt\u00e4kt av normalgraden \u00e4r f\u00e4ngelse i tv\u00e5 \u00e5r. M\u00e5ls\u00e4gandens ber\u00e4ttelse om hur det hela har g\u00e5tt till har b\u00e5de tingsr\u00e4tten och hovr\u00e4tten bed\u00f6mt som trov\u00e4rdig. Det saknas allts\u00e5 anledning att tro att m\u00e5ls\u00e4ganden ljuger. Ocks\u00e5 det verkar fullt rimligt, men s\u00e4kra kan vi f\u00f6rst\u00e5s inte vara eftersom f\u00f6rhandlingarna i s\u00e5v\u00e4l tingsr\u00e4tten som hovr\u00e4tten har skett bakom st\u00e4ngda d\u00f6rrar.<\/p>\n<p><!--more-->Hovr\u00e4ttsdomen \u00e4r \u00e4nd\u00e5 en besvikelse. Svea hovr\u00e4tt har f\u00f6rt ett alldeles f\u00f6r summariskt resonemang om varf\u00f6r v\u00e5ldt\u00e4kt nummer 2 (penetration av m\u00e5ls\u00e4ganden medan hon l\u00e5g och sov) m\u00e5ste bed\u00f6mas som en &#8221;normal&#8221; v\u00e5ldt\u00e4kt och inte som en &#8221;mindre grov&#8221; s\u00e5dan. Hovr\u00e4tten n\u00f6jer sig med att konstatera att m\u00e5ls\u00e4ganden tidigare p\u00e5 kv\u00e4llen sagt att de inte skulle ha sex. Men i domen ber\u00f6rs inte med ett ord vad som sedan h\u00e4nde mellan parterna fram till det som trots allt var ett \u00f6vergrepp, det ursprungliga nejet tycks enligt hovr\u00e4tten g\u00f6ra all vidare diskussion \u00f6verfl\u00f6dig.<\/p>\n<p><strong>N\u00e4r det g\u00e4ller v\u00e5ldt\u00e4kten<\/strong> enligt \u00e5talspunkt nummer 1 (oralsexet) saknar hovr\u00e4ttens dom varje tillstymmelse till resonemang om brottets sv\u00e5righetsgrad. Precis som jag bloggade om efter tingsr\u00e4ttsdomen (<a href=\"http:\/\/www.mariaabrahamsson.nu\/index.php\/2018\/10\/06\/irrbloss-eller-inte-paverkade-metoo-arnaultdomen\/\">h\u00e4r)<\/a> tycker jag att det finns en hel del i m\u00e5ls\u00e4gandens ber\u00e4ttelse som talar f\u00f6r att oralsexet borde ha bed\u00f6mts som en mindre grov v\u00e5ldt\u00e4kt och lett till ett l\u00e4gre f\u00e4ngelsestraff \u00e4n tv\u00e5 \u00e5r. Ja, eftersom m\u00e5ls\u00e4ganden sj\u00e4lv tog initiativet och att det tv\u00e5ng som Arnault sedan anv\u00e4nde var f\u00f6rh\u00e5llandevis kortvarigt (30-60 sekunder, enligt m\u00e5ls\u00e4ganden) liksom att oralsexet \u00f6vergick till ett vaginalt samlag som enligt domstolarna inte hade inslag av tv\u00e5ng. S\u00e5 ja, jag hoppades att hovr\u00e4tten \u00e5tminstone skulle ha f\u00f6rt ett resonemang om betydelsen av dessa omst\u00e4ndigheter som i n\u00e5gon m\u00e5n borde ha talat till Arnaults f\u00f6rdel. Men s\u00e5 inte.<\/p>\n<p>Min teori om varf\u00f6r domstolarna \u00e4r oben\u00e4gna att problematisera straffv\u00e4rdet av sexuella \u00f6vergrepp som har f\u00f6reg\u00e5tts av och kanske ocks\u00e5 efterf\u00f6ljts av frivilligt sex, kan beskrivas med ett ord h\u00e4mtat fr\u00e5n spr\u00e5kvetenskapen: <a href=\"https:\/\/etikbloggen.crb.uu.se\/2017\/02\/08\/inte-bara-fakta-ideer-behovs-ocksa\/\">Hyperkorrektion<\/a>.<\/p>\n<p><strong>Domstolarna tycks ha blivit s\u00e5 \u00e4ngsliga<\/strong> f\u00f6r att bli beskyllda f\u00f6r att ha en gammal unken kvinnosyn (typ att det spelar roll hur ett v\u00e5ldt\u00e4ktsoffer var kl\u00e4dd eller om hon frivilligt f\u00f6ljde med g\u00e4rningsmannen hem) att de har g\u00e5tt f\u00f6r l\u00e5ngt \u00e5t andra h\u00e5llet. F\u00f6r visst m\u00e5ste en \u00f6verfallsv\u00e5ldt\u00e4kt p\u00e5 ett ok\u00e4nt offer i joggingsp\u00e5ret ha ett h\u00f6gre straffv\u00e4rde \u00e4n sex som inte omedelbart avbryts n\u00e4r ena parten som var med p\u00e5 noterna fr\u00e5n b\u00f6rjan pl\u00f6tsligt s\u00e4ger stopp?<\/p>\n<p>Metoo var en n\u00f6dv\u00e4ndig renings- och uppvaknandeprocess som har gett uppr\u00e4ttelse \u00e5t miljoner kvinnor planeten runt. Men om domstolarna av ett slags politisk korrekthet, kanske f\u00f6rst\u00e4rkt av Metoo, v\u00e4grar att ta h\u00e4nsyn \u00e4ven till helt relevanta omst\u00e4ndigheter \u00e4r det illa st\u00e4llt med r\u00e4ttss\u00e4kerheten i v\u00e5rt land. Blotta misstanken att Metoor\u00f6relsen har f\u00e5tt ett s\u00e5dant inflytande \u00f6ver det svenska r\u00e4ttsv\u00e4sendet att v\u00e5ldt\u00e4ktsanklagade personer inte f\u00e5r en r\u00e4ttvis behandling i v\u00e5ra domstolar, \u00e4r outh\u00e4rdlig.<\/p>\n<p><strong>Och s\u00e5 till fr\u00e5gan som dominerar i Kultursverige:<\/strong> Dras krisande Svenska Akademien djupare ner i tr\u00e4sket genom Svea hovr\u00e4tts straffsk\u00e4rpande dom mot akademiledamoten Katarina Frostenssons make Jean-Claude Arnault?<\/p>\n<p>Svenska Akademiens st\u00e4ndige sekreterare Anders Olsson svarar:<\/p>\n<p>\u2013 Vi har ingenting att s\u00e4ga eftersom det h\u00e4r inte \u00e4r kopplat till Akademien. Men r\u00e4ttvisan m\u00e5ste ha sin g\u00e5ng, vi har respekt f\u00f6r det (l\u00e4nk\u00a0<a href=\"https:\/\/www.svd.se\/kulturprofilen-far-sin-dom#sida-3\">h\u00e4r<\/a>).<\/p>\n<p><strong>Olssons svar \u00e4r naturligtvis korrekt<\/strong> men m\u00e5h\u00e4nda sv\u00e5rsm\u00e4lt och detta nog inte bara f\u00f6r Akademiens belackare. Frostensson infann sig i hovr\u00e4tten f\u00f6r att vittna till sin makes f\u00f6rdel, vilket hon sj\u00e4lvklart hade all r\u00e4tt att g\u00f6ra. Men &#8211; och nu handlar det inte l\u00e4ngre om juridik &#8211; akademiledamoten Frostenssons medverkan i r\u00e4ttsprocessen inneb\u00e4r att hon lojalt f\u00f6rsvarar sin brottsd\u00f6mde make och det \u00e4r ett finfint argument f\u00f6r alla som inget hellre \u00f6nskar \u00e4n att Gustav III:s skapelse med dess urgamla privilegier ska f\u00f6rsvinna fr\u00e5n jordens yta. Inte r\u00e4ttvist, men s\u00e5 kommer det att l\u00e5ta s\u00e5 l\u00e4nge Frostensson inte v\u00e4ljer att l\u00e4mna Akademien.<\/p>\n<p>Det inser till och med jag.<\/p>\n","protected":false},"excerpt":{"rendered":"<p>Efter 19 dagars bet\u00e4nketid f\u00f6rklarar Svea hovr\u00e4tt att Jean-Claude &#8221;Kulturprofilen&#8221; Arnault \u00e4r skyldig till tv\u00e5 v\u00e5ldt\u00e4kter av normalgraden mot en och samma m\u00e5ls\u00e4gande. Straffet p\u00e5 tv\u00e5 och ett halvt \u00e5rs f\u00e4ngelse \u00e4r mot den bakgrunden helt rimligt eftersom minimistraffet f\u00f6r v\u00e5ldt\u00e4kt av normalgraden \u00e4r f\u00e4ngelse i tv\u00e5 \u00e5r. M\u00e5ls\u00e4gandens ber\u00e4ttelse om hur det hela har&hellip;<\/p>\n<p class=\"more-link-p\"><a class=\"more-link\" href=\"https:\/\/www.mariaabrahamsson.nu\/index.php\/2018\/12\/03\/hovrattsdomen-mot-arnault-ar-ett-uttryck-for-hyperkorrektion\/\">Read more &rarr;<\/a><\/p>\n","protected":false},"author":2,"featured_media":0,"comment_status":"open","ping_status":"open","sticky":false,"template":"","format":"standard","meta":{"footnotes":""},"categories":[1],"tags":[218],"class_list":["post-12654","post","type-post","status-publish","format-standard","hentry","category-uncategorized","tag-arnault"],"_links":{"self":[{"href":"https:\/\/www.mariaabrahamsson.nu\/index.php\/wp-json\/wp\/v2\/posts\/12654","targetHints":{"allow":["GET"]}}],"collection":[{"href":"https:\/\/www.mariaabrahamsson.nu\/index.php\/wp-json\/wp\/v2\/posts"}],"about":[{"href":"https:\/\/www.mariaabrahamsson.nu\/index.php\/wp-json\/wp\/v2\/types\/post"}],"author":[{"embeddable":true,"href":"https:\/\/www.mariaabrahamsson.nu\/index.php\/wp-json\/wp\/v2\/users\/2"}],"replies":[{"embeddable":true,"href":"https:\/\/www.mariaabrahamsson.nu\/index.php\/wp-json\/wp\/v2\/comments?post=12654"}],"version-history":[{"count":7,"href":"https:\/\/www.mariaabrahamsson.nu\/index.php\/wp-json\/wp\/v2\/posts\/12654\/revisions"}],"predecessor-version":[{"id":12675,"href":"https:\/\/www.mariaabrahamsson.nu\/index.php\/wp-json\/wp\/v2\/posts\/12654\/revisions\/12675"}],"wp:attachment":[{"href":"https:\/\/www.mariaabrahamsson.nu\/index.php\/wp-json\/wp\/v2\/media?parent=12654"}],"wp:term":[{"taxonomy":"category","embeddable":true,"href":"https:\/\/www.mariaabrahamsson.nu\/index.php\/wp-json\/wp\/v2\/categories?post=12654"},{"taxonomy":"post_tag","embeddable":true,"href":"https:\/\/www.mariaabrahamsson.nu\/index.php\/wp-json\/wp\/v2\/tags?post=12654"}],"curies":[{"name":"wp","href":"https:\/\/api.w.org\/{rel}","templated":true}]}}