{"id":12594,"date":"2018-10-29T10:10:24","date_gmt":"2018-10-29T09:10:24","guid":{"rendered":"http:\/\/www.mariaabrahamsson.nu\/?p=12594"},"modified":"2018-11-02T08:52:32","modified_gmt":"2018-11-02T07:52:32","slug":"skoljde-du-reformen-ut-barnet-med-badvattnet","status":"publish","type":"post","link":"https:\/\/www.mariaabrahamsson.nu\/index.php\/2018\/10\/29\/skoljde-du-reformen-ut-barnet-med-badvattnet\/","title":{"rendered":"Sk\u00f6ljde du-reformen ut barnet med badvattnet?"},"content":{"rendered":"<p><strong>Hej och v\u00e4lkomna till<\/strong>\u00a0min nya blogg! Jag rivstartar och bjuder in till folkstorm genom att ifr\u00e5gas\u00e4tta om den s\u00e5 hyllade du-reformen <em>\u00e4ve<\/em>n kan ha bidragit till ett osunt normf\u00f6rakt?<\/p>\n<p>Drygt femtio \u00e5r har g\u00e5tt sedan Medicinalstyrelsens d\u00e5varande chef Bror Rexed b\u00f6rjade <a href=\"https:\/\/sv.wikipedia.org\/wiki\/Du-reformen\">&#8221;dua&#8221;\u00a0<\/a>sina medarbetare oavsett var i myndighetshierarkin de befann sig. N\u00e4r reformen i fjol firade 50 \u00e5r <a href=\"https:\/\/www.svd.se\/du-reformen-fick-en-problematisk-bieffekt\">kommenterades<\/a>\u00a0den av historieprofessor Dick Harrison p\u00e5 f\u00f6ljande s\u00e4tt:<\/p>\n<p><strong>&#8221;Rexed var bara en av m\u00e5nga<\/strong> kuggar i hjulet. Likv\u00e4l var det han som gav duandet ett ansikte och fick symbolisera demokratiseringens spr\u00e5kliga generalreform och den lingvistiska j\u00e4mlikhetens seger. Avskaffandet av titlarna var ett faktum och blev symbolen f\u00f6r den sociala utj\u00e4mningen i det socialdemokratiska v\u00e4lf\u00e4rdssamh\u00e4llets Sverige, \u00e5tminstone p\u00e5 ytan.&#8221;<\/p>\n<p>Ingen vettig m\u00e4nniska \u00f6nskar sig tillbaka till gamla tiders titelsjuka och \u00f6verdrivna respekt f\u00f6r \u00f6verheten. \u00c4n mindre till ett l\u00f6jev\u00e4ckande undvikande av direkt tilltal, typ \u201dHur m\u00e5s det i dag?\u201d eller \u201dJas\u00e5, det \u00e4r till att vara ute och promenera med barnen\u201d. F\u00f6r att inte tala om hur stolligt det ter sig f\u00f6r v\u00e5r tid att ett inbjudningskort till en middag kunde vara adresserat till \u201dHerr och fru Erik Karlsson&#8221;.\u00a0<!--more--><\/p>\n<p><strong>Du-reformen har f\u00e5tt<\/strong> ett n\u00e4rmast totalt genomslag i det svenska samh\u00e4llet, men med n\u00e5gra specifika undantag. Det anses till exempel inte tillh\u00f6ra god ton att dua kungen och \u00f6vriga medlemmar av kungafamiljen. Ers majest\u00e4t, kronprinsessan, drottningen etc. ska det heta, och det av respekt f\u00f6r den folkligt f\u00f6rankrade monarkin och funktionen som Sveriges statschef. Det vill s\u00e4ga &#8211; inte av respekt f\u00f6r den person som f\u00f6r tillf\u00e4llet r\u00e5kar vara kung eller regerande drottning.<\/p>\n<p>Det andra undantaget g\u00e4ller talm\u00e4nnen i Sveriges riksdag. De duas inte n\u00e4r de ut\u00f6var sitt \u00e4mbete utan tituleras d\u00e5 Herr\/Fru talman. Ocks\u00e5 detta av respekt f\u00f6r \u00e4mbetet och ytterst f\u00f6r den svenska demokratin. Den som s\u00e4tter sitt eget jag h\u00f6gre och v\u00e4grar att acceptera dessa spelregler riskerar f\u00f6rvisso inget straff men st\u00e4ller sig \u00e4nd\u00e5 utanf\u00f6r den folkvalda gemenskapen. Precis det gjorde v\u00e4nsterpartiets tidigare riksdagsledamot Rosanna Dinamarca n\u00e4r hon i kammaren avf\u00e4rdade d\u00e5varande andre vice talman Bj\u00f6rn S\u00f6der (SD) med <a style=\"letter-spacing: 0.05em;\" href=\"https:\/\/www.youtube.com\/watch?v=e1PsOboBZLc\">&#8221;Du \u00e4r inte min talman&#8221;<\/a><span style=\"letter-spacing: 0.05em;\">.<\/span><\/p>\n<p><strong>Heja Rosanna, det var frejdigt, fr\u00e4ckt och respektl\u00f6st,\u00a0<\/strong>tycker s\u00e4kert n\u00e5gra. Sj\u00e4lv t\u00e4nker jag att det kanske \u00e4r dit den sociala utj\u00e4mningen numera har hunnit i v\u00e4lf\u00e4rdssamh\u00e4llet Sverige. Inga privilegier, ingen s\u00e4rst\u00e4llning kan l\u00e4ngre till\u00e5tas f\u00f6r vare sig \u00e4mbeten, utvalda personer eller grupper. L\u00e4rare, poliser, l\u00e4kare, professorer, jurister, politiker, h\u00f6ga milit\u00e4rer osv, ska inte inbilla sig att de har r\u00e4tt att bem\u00f6tas med st\u00f6rre respekt \u00e4n klasskamraterna, lumparkompisarna osv. Och varf\u00f6r ska detsamma d\u00e5 inte ocks\u00e5 g\u00e4lla f\u00f6r kungahuset och riksdagens talm\u00e4n? Ja, varf\u00f6r ska den enskilde individen \u00f6ver huvud taget beh\u00f6va ta h\u00e4nsyn till och underordna sig en gemensamt \u00f6verenskommen ordning? Inklusive demokratiskt stiftade lagar?<\/p>\n<p>N\u00e5gra aktuella exempel.<\/p>\n<p><strong>Flyktingaktivisten Elin Ersson<\/strong> g\u00e5r ombord p\u00e5 ett startklart flygplan men v\u00e4grar lyda bes\u00e4ttningens uppmaningar att s\u00e4tta sig. Hon st\u00e5r upp i flygplansg\u00e5ngen i protest mot ett myndighetsbeslut att utvisa en passagerare till Afghanistan. Elin Ersson beordras slutligen att l\u00e4mna planet i s\u00e4llskap med passageraren, och g\u00f6r s\u00e5. H\u00e4romveckan beslutade \u00e5klagaren att \u00e5tala Elin f\u00f6r brott mot luftfartslagen. Elin Ersson bestrider ansvar d\u00e5 hon menar att hon inte beg\u00e5tt n\u00e5got brott utan utf\u00f6rt en helt rimlig protest mot en tv\u00e5ngsutvisning.<\/p>\n<p>SVT-journalisten Fredrik \u00d6nnevall <a href=\"https:\/\/www.svd.se\/svt-medarbetare-infor-ratta--hjalpte-flykting\">hj\u00e4lpte<\/a> en 15-\u00e5rig syrisk pojke att ta sig fr\u00e5n Grekland till Sverige. F\u00f6r det d\u00f6mdes \u00d6nnevall av Malm\u00f6 tingsr\u00e4tt f\u00f6r m\u00e4nniskosmuggling till villkorlig dom och samh\u00e4llstj\u00e4nst. \u00d6nnevall tyckte inte att han hade gjort n\u00e5got fel. Straffet fastst\u00e4lldes av <a href=\"https:\/\/www.svt.se\/nyheter\/lokalt\/skane\/hovratten-faststaller-dom-om-manniskosmuggling\">hovr\u00e4tten.<\/a><\/p>\n<p><strong>Rasmus Andtbacka<\/strong> kallas till <a href=\"http:\/\/www.rekryteringsmyndigheten.se\/18ar\/till-dig-som-ska-monstra\/boka-tid-for-monstring\/\">m\u00f6nstring\u00a0<\/a>men infinner sig inte. Nu riskerar Rasmus att d\u00f6mas f\u00f6r brott mot lagen om totalf\u00f6rsvarsplikt som g\u00e4ller sedan 2017. \u00c4r det rimlig? Nej, det tycker inte Rasmus.<\/p>\n<p>\u2013 Jag fick inga p\u00e5minnelser. De (Rekryteringsmyndigheten, <em>min anm<\/em>.) ringde mig samma dag n\u00e4r jag inte d\u00f6k upp. D\u00e5 sa jag f\u00f6rl\u00e5t och bad om en ny tid. Jag h\u00f6rde ingenting p\u00e5 flera m\u00e5nader, sedan fick jag ett mejl om att de hade anm\u00e4lt mig f\u00f6r att jag hade missat min m\u00f6nstring, f\u00f6rklarar Rasmus <a href=\"http:\/\/www.gp.se\/nyheter\/sverige\/h\u00f6gre-b\u00f6ter-v\u00e4ntar-m\u00f6nstringsskolk-1.9972605\">h\u00e4r.<\/a><\/p>\n<p><strong>Frilansjournalisten Cissi Wallin<\/strong> blev k\u00e4nd f\u00f6r en bred allm\u00e4nhet n\u00e4r hon i sociala medier i samband med Metoov\u00e5gen namngav och anklagade en journalist f\u00f6r v\u00e5ldt\u00e4kt. Wallin riskerar nu \u00e5tal f\u00f6r f\u00f6rtal men st\u00e5r fast vid att det var riktigt av henne att publicera mannens namn.<\/p>\n<p>\u2013 Jag ser det som civil olydnad. Lagen m\u00e5ste f\u00f6r\u00e4ndras och d\u00e4rf\u00f6r bryter jag mot den. Jag tycker inte att det jag gjort ska vara brottsligt, s\u00e4ger Wallin till <a href=\"https:\/\/www.svt.se\/nyheter\/inrikes\/cissi-wallin-om-aret-efter-metoo-upproret?sportmeny=1&amp;nyhetsmeny=1\">SVT.<\/a><\/p>\n<p><strong>Konstn\u00e4ren Saga Berlin<\/strong>\u00a0medger d\u00e4remot att <a href=\"https:\/\/www.tv4.se\/nyhetsmorgon\/klipp\/konst-inf\u00f6r-r\u00e4tta-helt-orimligt-skadest\u00e5ndskrav-11795327\">hon begick ett brott<\/a> n\u00e4r hon med graffitti sprayade ner en av Stockholms stads simbass\u00e4nger. Hennes inv\u00e4ndning mot domen (villkorlig dom och dagsb\u00f6ter plus skadest\u00e5nd) g\u00e4ller skadest\u00e5ndsbeloppets storlek p\u00e5 280 860 kronor som hon anser \u00e4r f\u00f6r h\u00f6gt d\u00e5 det ingick i hennes plan att betala f\u00f6r saneringen av den sv\u00e5rt nerklottrade bass\u00e4ngen.<\/p>\n<p>Tingsr\u00e4ttens resonemang i skuldfr\u00e5gan f\u00f6rtj\u00e4nar att \u00e5terges:<\/p>\n<p><em>\u201dI detta fall har Saga Berlins avsikt med graffitin varit att skapa ett konstverk. Hennes prim\u00e4ra syfte har med andra ord inte varit att beg\u00e5 brott. Utrymmet f\u00f6r att se f\u00f6rmildrande p\u00e5 hennes agerande sett till syftet \u00e4r dock \u00e4nd\u00e5 litet med h\u00e4nsyn till den skada som hennes agerande inneburit f\u00f6r n\u00e5gon annan. Visserligen har hon velat minimera skadorna av sitt handlande genom att planera f\u00f6r en sanering av simbass\u00e4ngen, men till saken h\u00f6r att \u00e4ven saneringen hade utgjort ett ingrepp p\u00e5 kommunens egendom eftersom hon inte hade inh\u00e4mtat kommunens samtycke till den heller. Respekten f\u00f6r annans r\u00e4tt till sin egendom \u00e4r en minst lika viktig princip som r\u00e4tten att skapa konst. Intresset av att skapa konst kan d\u00e4rf\u00f6r inte g\u00e5 f\u00f6re n\u00e5gon annans r\u00e4tt till sin egendom n\u00e4r konstverket inneb\u00e4r ett ingrepp p\u00e5 egendomen. Straffbest\u00e4mmelsen om skadeg\u00f6relse \u00e4r avsedd att uppr\u00e4tth\u00e5lla just respekten f\u00f6r andras egendomsr\u00e4tt. Det finns d\u00e4rf\u00f6r inte n\u00e5gon anledning att i f\u00f6rmildrande riktning beakta Saga Berlins avsikter med graffittin.\u201d<\/em><\/p>\n<p><strong>Min avsikt med de uppr\u00e4knade fallen<\/strong> \u00e4r inte att br\u00e4nnm\u00e4rka enskilda personer som har satt det egna jaget som en \u00f6verordnad norm. H\u00e4r och nu \u00e4r jag mer intresserad av hur det kommer sig att f\u00f6retr\u00e4desvis politiskt medvetna yngre m\u00e4nniskor tycker att det \u00e4r i sin ordning att st\u00e4lla sig utanf\u00f6r det etablerade samh\u00e4llet och ta lagen i egna h\u00e4nder och tolka den som man vill?<\/p>\n<p>H\u00e4r st\u00e5r kommentarsf\u00e4ltet vid\u00f6ppet f\u00f6r era reaktioner, synpunkter och f\u00f6rslag! Jag l\u00e4ser, redigerar och publicerar efter behag.<\/p>\n","protected":false},"excerpt":{"rendered":"<p>Hej och v\u00e4lkomna till\u00a0min nya blogg! Jag rivstartar och bjuder in till folkstorm genom att ifr\u00e5gas\u00e4tta om den s\u00e5 hyllade du-reformen \u00e4ven kan ha bidragit till ett osunt normf\u00f6rakt? Drygt femtio \u00e5r har g\u00e5tt sedan Medicinalstyrelsens d\u00e5varande chef Bror Rexed b\u00f6rjade &#8221;dua&#8221;\u00a0sina medarbetare oavsett var i myndighetshierarkin de befann sig. N\u00e4r reformen i fjol firade&hellip;<\/p>\n<p class=\"more-link-p\"><a class=\"more-link\" href=\"https:\/\/www.mariaabrahamsson.nu\/index.php\/2018\/10\/29\/skoljde-du-reformen-ut-barnet-med-badvattnet\/\">Read more &rarr;<\/a><\/p>\n","protected":false},"author":2,"featured_media":0,"comment_status":"open","ping_status":"open","sticky":false,"template":"","format":"standard","meta":{"footnotes":""},"categories":[1],"tags":[],"class_list":["post-12594","post","type-post","status-publish","format-standard","hentry","category-uncategorized"],"_links":{"self":[{"href":"https:\/\/www.mariaabrahamsson.nu\/index.php\/wp-json\/wp\/v2\/posts\/12594","targetHints":{"allow":["GET"]}}],"collection":[{"href":"https:\/\/www.mariaabrahamsson.nu\/index.php\/wp-json\/wp\/v2\/posts"}],"about":[{"href":"https:\/\/www.mariaabrahamsson.nu\/index.php\/wp-json\/wp\/v2\/types\/post"}],"author":[{"embeddable":true,"href":"https:\/\/www.mariaabrahamsson.nu\/index.php\/wp-json\/wp\/v2\/users\/2"}],"replies":[{"embeddable":true,"href":"https:\/\/www.mariaabrahamsson.nu\/index.php\/wp-json\/wp\/v2\/comments?post=12594"}],"version-history":[{"count":31,"href":"https:\/\/www.mariaabrahamsson.nu\/index.php\/wp-json\/wp\/v2\/posts\/12594\/revisions"}],"predecessor-version":[{"id":12626,"href":"https:\/\/www.mariaabrahamsson.nu\/index.php\/wp-json\/wp\/v2\/posts\/12594\/revisions\/12626"}],"wp:attachment":[{"href":"https:\/\/www.mariaabrahamsson.nu\/index.php\/wp-json\/wp\/v2\/media?parent=12594"}],"wp:term":[{"taxonomy":"category","embeddable":true,"href":"https:\/\/www.mariaabrahamsson.nu\/index.php\/wp-json\/wp\/v2\/categories?post=12594"},{"taxonomy":"post_tag","embeddable":true,"href":"https:\/\/www.mariaabrahamsson.nu\/index.php\/wp-json\/wp\/v2\/tags?post=12594"}],"curies":[{"name":"wp","href":"https:\/\/api.w.org\/{rel}","templated":true}]}}