{"id":12090,"date":"2018-03-19T11:16:22","date_gmt":"2018-03-19T10:16:22","guid":{"rendered":"http:\/\/www.mariaabrahamsson.nu\/?p=12090"},"modified":"2020-10-30T16:06:08","modified_gmt":"2020-10-30T15:06:08","slug":"har-lofvens-medarbetare-trixat-med-hallengrens-ku-atagande","status":"publish","type":"post","link":"https:\/\/www.mariaabrahamsson.nu\/index.php\/2018\/03\/19\/har-lofvens-medarbetare-trixat-med-hallengrens-ku-atagande\/","title":{"rendered":"Har L\u00f6fvens medarbetare trixat med Hallengrens KU-\u00e5tagande?\u00a0"},"content":{"rendered":"<p><a href=\"http:\/\/www.mariaabrahamsson.nu\/wp-content\/uploads\/2018\/03\/HALLENGREN.png\"><img loading=\"lazy\" decoding=\"async\" class=\"alignleft size-medium wp-image-12096\" src=\"http:\/\/www.mariaabrahamsson.nu\/wp-content\/uploads\/2018\/03\/HALLENGREN-168x300.png\" alt=\"\" width=\"168\" height=\"300\" srcset=\"https:\/\/www.mariaabrahamsson.nu\/wp-content\/uploads\/2018\/03\/HALLENGREN-168x300.png 168w, https:\/\/www.mariaabrahamsson.nu\/wp-content\/uploads\/2018\/03\/HALLENGREN.png 179w\" sizes=\"auto, (max-width: 168px) 100vw, 168px\" \/><\/a><\/p>\n<p><strong>Klart att jag blev b\u00e5de glad och f\u00f6rv\u00e5nad <\/strong>n\u00e4r ett nytt statsr\u00e5d snabbt replikerade p\u00e5 mitt twitterinl\u00e4gg. Antog att hon blev s\u00e5 uppspelt och lycklig \u00f6ver upph\u00f6jelsen att hon ville ta hela v\u00e4rlden i famn, inklusive mig. Jag talar allts\u00e5 om Lena Hallengren, som torsdagen den 8 mars utn\u00e4mndes till ny Barn-, \u00e4ldre- och j\u00e4mst\u00e4lldhetsminister.<!--more--><\/p>\n<p>M\u00e5ndagen den 12 mars mailade jag till Statsr\u00e5dsberedningen och beg\u00e4rde ut handlingen som visar att Lena Hallengren som tilltr\u00e4dande statsr\u00e5d, dvs innan hon blev utn\u00e4mnd, skrivit under pappret d\u00e4r hon \u00e5tar sig att komma till KU och medverka i utskottets granskning ocks\u00e5 efter det att hon l\u00e4mnat sitt uppdrag som statsr\u00e5d.<\/p>\n<p><strong>Som framg\u00e5r<\/strong> av twitterdumpen ovan upplyser jag samma dag, den 12 mars, TT:s Owe Nilsson om detta, varp\u00e5 Lena Hallengren ett par timmar senare svarar: <em>&#8221;Kommer i morgon, med mig fr\u00e5n Kalmar&#8221;<\/em>.<\/p>\n<p>Sj\u00e4lv har jag sv\u00e5rt att f\u00f6rst\u00e5 statsr\u00e5det Hallengrens besked p\u00e5 annat s\u00e4tt \u00e4n som ett l\u00f6fte att dokumentet med hennes namnunderskrift kommer den 13 mars, med henne &#8221;fr\u00e5n Kalmar&#8221;.<\/p>\n<p class=\"alignleft\"><a href=\"http:\/\/www.mariaabrahamsson.nu\/wp-content\/uploads\/2018\/03\/SB8mars-2.jpg\"><img loading=\"lazy\" decoding=\"async\" class=\"alignleft size-medium wp-image-12095\" src=\"http:\/\/www.mariaabrahamsson.nu\/wp-content\/uploads\/2018\/03\/SB8mars-2-225x300.jpg\" alt=\"\" width=\"225\" height=\"300\" srcset=\"https:\/\/www.mariaabrahamsson.nu\/wp-content\/uploads\/2018\/03\/SB8mars-2-225x300.jpg 225w, https:\/\/www.mariaabrahamsson.nu\/wp-content\/uploads\/2018\/03\/SB8mars-2.jpg 240w\" sizes=\"auto, (max-width: 225px) 100vw, 225px\" \/><\/a><strong>Strax efter lunch den<\/strong> 13 mars plingar det i riksdagsdatorn och en r\u00e4ttssakkunnig hos r\u00e4ttschefen i statsministerns kansli meddelar i ett mail &#8221;bifogat finner du efterfr\u00e5gad handling&#8221; (dokumentet h\u00e4rintill). Enligt handlingen har\u00a0Lena Hallengren undertecknat \u00e5tagandet den 8 mars. Mystiskt t\u00e4nker jag som allts\u00e5 kv\u00e4llen den 12 mars har f\u00e5tt statsr\u00e5dets twitterbesked om att handlingen med hennes namnunderteckning (favorit i repris) <em>&#8221;Kommer i morgon, med mig fr\u00e5n Kalmar&#8221;<\/em>. Och nu b\u00f6rjar det osa katt. Sitter det n\u00e5gon i Statsr\u00e5dsberedningen och f\u00f6rvanskar tidpunkten f\u00f6r Hallengrens undertecknande? F\u00f6r av vilken anledning skulle hon ta med sig ett papper hem till Kalmar \u00f6ver helgen och underteckna det d\u00e4r om hon redan hade undertecknat handlingen den 8 mars i Stockholm inf\u00f6r sitt tilltr\u00e4de som minister?<\/p>\n<p class=\"alignleft\"><strong>F\u00f6r att g\u00f6ra en l\u00e5ng historia kort<\/strong>. Efter valet 2014 n\u00e4r jag satt i KU var uppr\u00f6rdheten t\u00e4mligen stor \u00e4ven hos oss i KU-alliansen \u00f6ver att f\u00f6rra centerledaren och tidigare n\u00e4ringsministern Maud Olofsson hade v\u00e4grat att komma till KU och utfr\u00e5gas om <a href=\"https:\/\/www.svd.se\/overpriset-for-nuon-53-miljarder\">Nuon-aff\u00e4ren<\/a>. Visst, Olofsson hade l\u00e4mnat sin post i f\u00f6rtid och n\u00e5gon juridisk skyldighet att infinna sig i KU hade hon inte. Men h\u00e4ndelsen ledde till en livlig diskussion om KU borde kunna tvinga statsr\u00e5d att delta i utskottets granskning ocks\u00e5 efter det att ministrar l\u00e4mnat sina poster.<\/p>\n<p>KU beslutade i enighet att utv\u00e4rdera d\u00e5 r\u00e5dande ordning. Jag f\u00f6retr\u00e4dde mitt parti i utredningen som tillsattes och som landade i att det var en d\u00e5lig id\u00e9 att utrusta KU med tv\u00e5ngsmedel. (Varf\u00f6r f\u00f6rklaras n\u00e4rmare i\u00a0<a href=\"https:\/\/data.riksdagen.se\/fil\/B198DF3B-EF4C-4160-8530-22989AFDEF62\">utredningen<\/a>). I st\u00e4llet f\u00f6reslogs att statsministern i samband med regeringsbildning (som inkluderar varje g\u00e5ng enskilda ministrar byts ut under p\u00e5g\u00e5ende mandatperiod) ska avkr\u00e4va tilltr\u00e4dande statsr\u00e5d en f\u00f6rs\u00e4kran att infinna sig i KU ocks\u00e5 efter det att han eller hon har l\u00e4mnat sitt uppdrag.<\/p>\n<p><strong>KU delade utredningens<\/strong> bed\u00f6mning men f\u00f6r att utskottet skulle kunna kontrollera att statsministern r\u00e4ttat sig efter KU:s beg\u00e4ran, uttalade utskottet att statsr\u00e5dens \u00e5taganden ska avfattas <em>skriftligt<\/em> (<a href=\"https:\/\/data.riksdagen.se\/fil\/4946CBAC-0536-41C6-BB83-407A709A6691\">bet 2015\/16:KU10<\/a>). Efter l\u00e5ngdragna turer mellan KU:s kansli och Statsministerns kansli l\u00e4mnades de undertecknade \u00e5tagandena av L\u00f6fvens d\u00e5varande statsr\u00e5d slutligen in. Som det heter p\u00e5 styltig riksdagsprosa v\u00e4lkomnade utskottet att statsministern h\u00f6rsammat utskottets uppmaning (<a href=\"https:\/\/data.riksdagen.se\/fil\/5F5FF93B-85FF-43BC-81B2-597F85DF5AB9\">bet 2016\/17:KU20<\/a>).<\/p>\n<p>Trots upprepade p\u00e5st\u00f6tningar har statsr\u00e5det Lena Hallengren allts\u00e5 \u00e4nnu inte svarat p\u00e5 min fr\u00e5ga\u00a0<strong>n\u00e4r<\/strong> hon undertecknade \u00e5tagandet att medverka till KU:s granskning ocks\u00e5 efter det att hon har l\u00e4mnat sitt uppdrag. Skedde detta den 8 mars eller &#8211; vilket det mesta tycks tala f\u00f6r &#8211; senare? Men m\u00e4rk v\u00e4l, det \u00e4r inte fr\u00e4mst Lena Hallengrens fel om hennes skriftliga \u00e5tagande inte &#8221;hanns med&#8221; att undertecknas f\u00f6re hennes utn\u00e4mning till statsr\u00e5d. Det eventuella trixandet med tidsangivelsen i Hallengrens f\u00f6rs\u00e4kran kan i sig tyckas vara en sm\u00e5sak. Men om statsministern och hans medarbetare inte drar sig f\u00f6r att vilseleda KU, riksdagen och allm\u00e4nheten i det lilla, \u00e4ventyrar det tilltron till regeringen ocks\u00e5 i det stora. D\u00e4rf\u00f6r kan datumangivelsen i Lena Hallengrens statsr\u00e5dsf\u00f6rs\u00e4kran lite ov\u00e4ntat bli en black om foten f\u00f6r regeringen L\u00f6fven.<\/p>\n","protected":false},"excerpt":{"rendered":"<p>Klart att jag blev b\u00e5de glad och f\u00f6rv\u00e5nad n\u00e4r ett nytt statsr\u00e5d snabbt replikerade p\u00e5 mitt twitterinl\u00e4gg. Antog att hon blev s\u00e5 uppspelt och lycklig \u00f6ver upph\u00f6jelsen att hon ville ta hela v\u00e4rlden i famn, inklusive mig. Jag talar allts\u00e5 om Lena Hallengren, som torsdagen den 8 mars utn\u00e4mndes till ny Barn-, \u00e4ldre- och j\u00e4mst\u00e4lldhetsminister.<\/p>\n<p class=\"more-link-p\"><a class=\"more-link\" href=\"https:\/\/www.mariaabrahamsson.nu\/index.php\/2018\/03\/19\/har-lofvens-medarbetare-trixat-med-hallengrens-ku-atagande\/\">Read more &rarr;<\/a><\/p>\n","protected":false},"author":2,"featured_media":12096,"comment_status":"open","ping_status":"open","sticky":false,"template":"","format":"standard","meta":{"footnotes":""},"categories":[1],"tags":[228],"class_list":["post-12090","post","type-post","status-publish","format-standard","has-post-thumbnail","hentry","category-uncategorized","tag-lofven"],"_links":{"self":[{"href":"https:\/\/www.mariaabrahamsson.nu\/index.php\/wp-json\/wp\/v2\/posts\/12090","targetHints":{"allow":["GET"]}}],"collection":[{"href":"https:\/\/www.mariaabrahamsson.nu\/index.php\/wp-json\/wp\/v2\/posts"}],"about":[{"href":"https:\/\/www.mariaabrahamsson.nu\/index.php\/wp-json\/wp\/v2\/types\/post"}],"author":[{"embeddable":true,"href":"https:\/\/www.mariaabrahamsson.nu\/index.php\/wp-json\/wp\/v2\/users\/2"}],"replies":[{"embeddable":true,"href":"https:\/\/www.mariaabrahamsson.nu\/index.php\/wp-json\/wp\/v2\/comments?post=12090"}],"version-history":[{"count":1,"href":"https:\/\/www.mariaabrahamsson.nu\/index.php\/wp-json\/wp\/v2\/posts\/12090\/revisions"}],"predecessor-version":[{"id":13484,"href":"https:\/\/www.mariaabrahamsson.nu\/index.php\/wp-json\/wp\/v2\/posts\/12090\/revisions\/13484"}],"wp:featuredmedia":[{"embeddable":true,"href":"https:\/\/www.mariaabrahamsson.nu\/index.php\/wp-json\/wp\/v2\/media\/12096"}],"wp:attachment":[{"href":"https:\/\/www.mariaabrahamsson.nu\/index.php\/wp-json\/wp\/v2\/media?parent=12090"}],"wp:term":[{"taxonomy":"category","embeddable":true,"href":"https:\/\/www.mariaabrahamsson.nu\/index.php\/wp-json\/wp\/v2\/categories?post=12090"},{"taxonomy":"post_tag","embeddable":true,"href":"https:\/\/www.mariaabrahamsson.nu\/index.php\/wp-json\/wp\/v2\/tags?post=12090"}],"curies":[{"name":"wp","href":"https:\/\/api.w.org\/{rel}","templated":true}]}}