{"id":1207,"date":"2010-02-03T20:32:29","date_gmt":"2010-02-03T20:32:29","guid":{"rendered":"http:\/\/www.mariaabrahamsson.nu\/?p=1207"},"modified":"2010-02-03T20:34:27","modified_gmt":"2010-02-03T20:34:27","slug":"moderna-museet-ar-for-stort-for-paggan","status":"publish","type":"post","link":"https:\/\/www.mariaabrahamsson.nu\/index.php\/2010\/02\/03\/moderna-museet-ar-for-stort-for-paggan\/","title":{"rendered":"Moderna Museet \u00e4r f\u00f6r stort f\u00f6r Paggan"},"content":{"rendered":"<p><strong>L\u00e4ser om<\/strong> Leif Pagrotsky i <a href=\"http:\/\/www.expressen.se\/Nyheter\/1.1867644\/leif-pagrotsky-sviker-ocksa-mona\">Expressen<\/a>. Den f\u00f6rre kulturministern l\u00e4r visst aspirera p\u00e5 att bli h\u00f6gsta chef f\u00f6r <a href=\"http:\/\/www.modernamuseet.se\/\">Moderna Museet<\/a>.\u00a0Efter en h\u00e5rd arbetsdag kan jag inte komma p\u00e5 n\u00e5got vettigare att s\u00e4ga om den saken \u00e4n att det vore v\u00e4l \u00e4nd\u00e5 en skymf mot MM:s avg\u00e5ende chef\u00a0<a href=\"http:\/\/www.omkonst.com\/07-tillstandet-nittve-lars.shtml\">Lars Nittve?<\/a><\/p>\n","protected":false},"excerpt":{"rendered":"<p>L\u00e4ser om Leif Pagrotsky i Expressen. Den f\u00f6rre kulturministern l\u00e4r visst aspirera p\u00e5 att bli h\u00f6gsta chef f\u00f6r Moderna Museet.\u00a0Efter en h\u00e5rd arbetsdag kan jag inte komma p\u00e5 n\u00e5got vettigare att s\u00e4ga om den saken \u00e4n att det vore v\u00e4l \u00e4nd\u00e5 en skymf mot MM:s avg\u00e5ende chef\u00a0Lars Nittve?<\/p>\n<p class=\"more-link-p\"><a class=\"more-link\" href=\"https:\/\/www.mariaabrahamsson.nu\/index.php\/2010\/02\/03\/moderna-museet-ar-for-stort-for-paggan\/\">Read more &rarr;<\/a><\/p>\n","protected":false},"author":2,"featured_media":0,"comment_status":"open","ping_status":"open","sticky":false,"template":"","format":"standard","meta":{"footnotes":""},"categories":[1],"tags":[],"class_list":["post-1207","post","type-post","status-publish","format-standard","hentry","category-uncategorized"],"_links":{"self":[{"href":"https:\/\/www.mariaabrahamsson.nu\/index.php\/wp-json\/wp\/v2\/posts\/1207","targetHints":{"allow":["GET"]}}],"collection":[{"href":"https:\/\/www.mariaabrahamsson.nu\/index.php\/wp-json\/wp\/v2\/posts"}],"about":[{"href":"https:\/\/www.mariaabrahamsson.nu\/index.php\/wp-json\/wp\/v2\/types\/post"}],"author":[{"embeddable":true,"href":"https:\/\/www.mariaabrahamsson.nu\/index.php\/wp-json\/wp\/v2\/users\/2"}],"replies":[{"embeddable":true,"href":"https:\/\/www.mariaabrahamsson.nu\/index.php\/wp-json\/wp\/v2\/comments?post=1207"}],"version-history":[{"count":0,"href":"https:\/\/www.mariaabrahamsson.nu\/index.php\/wp-json\/wp\/v2\/posts\/1207\/revisions"}],"wp:attachment":[{"href":"https:\/\/www.mariaabrahamsson.nu\/index.php\/wp-json\/wp\/v2\/media?parent=1207"}],"wp:term":[{"taxonomy":"category","embeddable":true,"href":"https:\/\/www.mariaabrahamsson.nu\/index.php\/wp-json\/wp\/v2\/categories?post=1207"},{"taxonomy":"post_tag","embeddable":true,"href":"https:\/\/www.mariaabrahamsson.nu\/index.php\/wp-json\/wp\/v2\/tags?post=1207"}],"curies":[{"name":"wp","href":"https:\/\/api.w.org\/{rel}","templated":true}]}}